{"id":6296,"date":"2024-06-20T12:05:00","date_gmt":"2024-06-20T10:05:00","guid":{"rendered":"https:\/\/serbenidorm.daliisolutions.com\/index.php\/2024\/06\/20\/fiestas-de-san-juan-2024-en-benidorm-lalfas-del-pi-y-finestrat-programa-de-actividades-horario-y-lugar-de-las-hogueras\/"},"modified":"2024-06-20T12:05:00","modified_gmt":"2024-06-20T10:05:00","slug":"fiestas-de-san-juan-2024-en-benidorm-lalfas-del-pi-y-finestrat-programa-de-actividades-horario-y-lugar-de-las-hogueras","status":"publish","type":"post","link":"https:\/\/serbenidorm.daliisolutions.com\/index.php\/2024\/06\/20\/fiestas-de-san-juan-2024-en-benidorm-lalfas-del-pi-y-finestrat-programa-de-actividades-horario-y-lugar-de-las-hogueras\/","title":{"rendered":"Fiestas de San Juan 2024 en Benidorm, L&#8217;Alf\u00e0s del Pi y Finestrat: programa de actividades, horario y lugar de las hogueras"},"content":{"rendered":"  <p>La Nit de San Joan es una de las noches m\u00e1s especiales del a\u00f1o. Ello se debe a que, a este lado del mapa, es la fiesta en la que se celebra el solsticio de verano, un momento conmemorado en muchas culturas a lo largo de los siglos, a menudo repleto de magia, hogueras y mitos que, en muchos casos, han perdurado hasta el presente.<\/p>   <p>La Marina Baixa, como todos los a\u00f1os, se prepara para renovarse este domingo con <a href=\"https:\/\/cadenaser.com\/tag\/comarca_la_marina_baixa\/a\/\" target=\"_blank\" rel=\"noopener\">el fuego de las hogueras en distintos puntos como Benidorm, el Albir (L&#8217;Alf\u00e0s del Pi) o la cala de Finestrat<\/a>, donde esta fiesta ha sido declarada recientemente de Inter\u00e9s Tur\u00edstico Provincial.<\/p>   <p>Benidorm (Poniente)<\/p>   <p>En Benidorm la Hoguera de La Cala es la encargada de mantener viva la tradici\u00f3n. Cientos de vecinos y turistas se volver\u00e1n a dar cita en la <a href=\"https:\/\/cadenaser.com\/tag\/benidorm\/a\/\" target=\"_blank\" rel=\"noopener\">playa de Poniente<\/a> para presenciar los monumentos y los eventos programados que finalizar\u00e1n el 24 de junio con el disparo de una masclet\u00e0 a las 14 horas en la calle Santander, seguido con el punto final a las celebraciones, a partir de las 22:30 horas con la crem\u00e0 de sus monumentos.<\/p>   <p>L&#8217;Alf\u00e0s (El Albir)<\/p>   <p>Esa noche del domingo empezar\u00e1 temprano en l&#8217;Alf\u00e0s del Pi, a las 17,00 horas. La Comisi\u00f3n de Fiestas del Cristo instalar\u00e1 una barra donde se servir\u00e1n bebidas y comidas a precios populares, desde bocadillos a hamburguesas o helados. La ambientaci\u00f3n musical correr\u00e1 a cargo del DJ Toni Castro. <a href=\"https:\/\/cadenaser.com\/tag\/lalfas_del_pi\/a\/\" target=\"_blank\" rel=\"noopener\">A las doce de la noche se quemar\u00e1 la hoguera oficial, la \u00fanica permitida en toda la playa de l\u2019Albir<\/a>.<\/p>  <p><p>M\u00e1s informaci\u00f3n<\/p><figure><img loading=\"lazy\" decoding=\"async\" src=\"https:\/\/cadenaser.com\/resizer\/v2\/U6PECEIADZEQFA556GJC77Q2UA.JPG?auth=2b75ad86d7e95d43f2cb0c9c155e526eb8ddc05ee4dabb2507a986e5a812f2fc&amp;quality=70&amp;width=360&amp;height=202&amp;smart=true\" width=\"820\" height=\"621\" \/><\/figure><ul><li><a href=\"https:\/\/cadenaser.com\/comunitat-valenciana\/2024\/06\/14\/el-buen-turista-encuentra-una-cartera-con-mas-de-6000-euros-en-la-playa-de-benidorm-y-la-entrega-a-la-policia-local-radio-benidorm\/\"><span>\u2018El buen turista\u2019: Encuentra una cartera con m\u00e1s de 6.000 euros en la playa de Benidorm y la entrega a la Polic\u00eda Local<\/span><\/a><\/li><\/ul><\/p>   <p>La concejala de Fiestas y Tradiciones de l\u2019Alf\u00e0s, Sandra G\u00f3mez, ha advertido que no se podr\u00e1 encender fuego en la playa: \u201cEst\u00e1 prohibido encender fuego, hacer barbacoas\u2026; acceder a la playa con objetos de vidrio, botellas\u2026dejar residuos de toda \u00edndole, lanzar al aire farolillos voladores, y en general, cualquier otro artilugio que conlleve riesgo de provocar un incendio\u201d.<\/p>   <p>     .c-w{         max-width:444px;         width:100%;         margin:16px auto;      background:#00755E;         border-radius:4px;         display:flex;         align-items:center;         justify-content:center;     }     .c-w a{         display:flex;         align-items:center;         justify-content:center;         padding:4px 24px;     }     .c-w img{         width:24px;         margin-right:12px;     }     .c-w p{         font:18px\/25px Poppins;         text-align:center;         color:#fff;         margin:0;     }     @media (max-width:444px){         .c-w a{             padding:4px 12px;         }         .c-w img{             width:24px;             margin-right:8px;         }         .c-w p{             font:14px\/25px Poppins;         }     }     @media (max-width:335px){         .c-w p{             font:13px\/25px Poppins;         }     }  <div class=\"c-w\">     <a href=\"https:\/\/www.whatsapp.com\/channel\/0029Va633PF9WtC4l7XUzh1e\" target=\"_blank\" rel=\"noopener\">         <img decoding=\"async\" src=\"https:\/\/cadenaser.com\/estaticos\/recursosgraficos\/responsive\/img\/ico-whatsapp.svg\" alt=\"Whatsapp\">         <p>\u00danete al <b>canal de WhatsApp<\/b> de la SER<\/p>     <\/a> <\/div><\/p>   <p>Adem\u00e1s, el d\u00eda siguiente, lunes 24, habr\u00e1 una jornada de limpieza de costas de 9 a 11 horas para fomentar la implicaci\u00f3n activa de la poblaci\u00f3n en el cuidado del entorno natural. Habr\u00e1 talleres para los m\u00e1s peque\u00f1os y se acometer\u00e1 en la playa de l\u2019Albir y las calas del Amerador, del Metge y de La Mina, ubicadas en el Parque Natural de la Serra Gelada.<\/p>   <p>Finestrat (La Cala)<\/p>   <p>En la Cala de Finestrat la fiesta arrancar\u00e1 tambi\u00e9n por la tarde con una minidisco infantil pensada para los m\u00e1s peque\u00f1os. Seguir\u00e1 m\u00fasica <i>remember<\/i> en directo de pop rock espa\u00f1ol y tambi\u00e9n internacional a cargo de Mangani Boys que este a\u00f1o celebra su 35\u00ba aniversario; adem\u00e1s habr\u00e1 m\u00fasica ambiental con Javi F\u00e9nix y, a partir de las 23:00 horas, llegar\u00e1 la Dj alicatina Miss Deep\u2019In, conocida por llevar la m\u00fasica electr\u00f3nica a festivales y salas de toda Espa\u00f1a.<\/p>   <p><a href=\"https:\/\/cadenaser.com\/tag\/finestrat\/a\/\" target=\"_blank\" rel=\"noopener\">La Nit de Sant Joan contar\u00e1 en la Cala con barra con precios populares a cargo de la Comissi\u00f3 de Festes El Bak 2024<\/a> y, como en el resto de ubicaciones de la comarca, habr\u00e1 un dispositivo especial de seguridad.<\/p> ","protected":false},"excerpt":{"rendered":"<p>La m\u00fasica y el fuego ser\u00e1n protagonistas<\/p>\n","protected":false},"author":0,"featured_media":6297,"comment_status":"open","ping_status":"open","sticky":false,"template":"","format":"standard","meta":{"_acf_changed":false,"footnotes":""},"categories":[1],"tags":[],"class_list":["post-6296","post","type-post","status-publish","format-standard","has-post-thumbnail","hentry","category-sin-categoria"],"acf":{"ser_id":"F4R4BTPCNRCS5FJ6VWHSRW5KNM","ser_url":"https:\/\/cadenaser.com\/comunitat-valenciana\/2024\/06\/20\/fiestas-de-san-juan-2024-en-benidorm-lalfas-del-pi-y-finestrat-programa-de-actividades-horario-y-lugar-de-las-hogueras-radio-benidorm\/"},"_links":{"self":[{"href":"https:\/\/serbenidorm.daliisolutions.com\/index.php\/wp-json\/wp\/v2\/posts\/6296","targetHints":{"allow":["GET"]}}],"collection":[{"href":"https:\/\/serbenidorm.daliisolutions.com\/index.php\/wp-json\/wp\/v2\/posts"}],"about":[{"href":"https:\/\/serbenidorm.daliisolutions.com\/index.php\/wp-json\/wp\/v2\/types\/post"}],"replies":[{"embeddable":true,"href":"https:\/\/serbenidorm.daliisolutions.com\/index.php\/wp-json\/wp\/v2\/comments?post=6296"}],"version-history":[{"count":0,"href":"https:\/\/serbenidorm.daliisolutions.com\/index.php\/wp-json\/wp\/v2\/posts\/6296\/revisions"}],"wp:featuredmedia":[{"embeddable":true,"href":"https:\/\/serbenidorm.daliisolutions.com\/index.php\/wp-json\/wp\/v2\/media\/6297"}],"wp:attachment":[{"href":"https:\/\/serbenidorm.daliisolutions.com\/index.php\/wp-json\/wp\/v2\/media?parent=6296"}],"wp:term":[{"taxonomy":"category","embeddable":true,"href":"https:\/\/serbenidorm.daliisolutions.com\/index.php\/wp-json\/wp\/v2\/categories?post=6296"},{"taxonomy":"post_tag","embeddable":true,"href":"https:\/\/serbenidorm.daliisolutions.com\/index.php\/wp-json\/wp\/v2\/tags?post=6296"}],"curies":[{"name":"wp","href":"https:\/\/api.w.org\/{rel}","templated":true}]}}