{"id":6298,"date":"2024-06-20T13:22:27","date_gmt":"2024-06-20T11:22:27","guid":{"rendered":"https:\/\/serbenidorm.daliisolutions.com\/index.php\/2024\/06\/20\/radio-denia-y-radio-benidorm-celebran-con-la-once-los-100-anos-de-la-cadena-ser\/"},"modified":"2024-06-20T13:22:27","modified_gmt":"2024-06-20T11:22:27","slug":"radio-denia-y-radio-benidorm-celebran-con-la-once-los-100-anos-de-la-cadena-ser","status":"publish","type":"post","link":"https:\/\/serbenidorm.daliisolutions.com\/index.php\/2024\/06\/20\/radio-denia-y-radio-benidorm-celebran-con-la-once-los-100-anos-de-la-cadena-ser\/","title":{"rendered":"Radio D\u00e9nia y Radio Benidorm celebran con la ONCE los 100 a\u00f1os de la Cadena SER"},"content":{"rendered":"  <p>Motivos no faltan para conmemorar tan hist\u00f3rico evento al que la ONCE ha querido adherirse dedicando un cup\u00f3n al centenario de la Cadena SER. En una colaboraci\u00f3n in\u00e9dita, las emisoras de Denia y Benidorm se unieron para llevar a cabo una entrevista conjunta, enfocada en resaltar la significativa labor social de la ONCE y el papel crucial que juega la Cadena SER en su difusi\u00f3n a trav\u00e9s de diversos programas.<\/p>   <p>El programa, conducido por las reconocidas voces de ambas emisoras, Pedro Garc\u00eda del Val y Silvia Yus, cont\u00f3 con la presencia de Baldomero Gim\u00e9nez, director de la emisora, Vicente Vazquez director comarcal de la ONCE y la vendedora Yanina . Durante el espacio, se charlo sobre las m\u00faltiples iniciativas de la ONCE que buscan mejorar la calidad de vida de las personas con discapacidad visual y promover su inclusi\u00f3n social. La radio hace visible lo invisible al igual que la ONCE.<\/p>   <p>Garc\u00eda del Val y Yus, con su estilo din\u00e1mico y cercano, lograron transmitir a la audiencia la importancia de estas iniciativas, as\u00ed como la responsabilidad social que la Cadena SER asume al difundir estos temas. Baldomero Gim\u00e9nez, por su parte, destac\u00f3 la colaboraci\u00f3n constante entre la ONCE y la SER, subrayando c\u00f3mo los programas de la cadena han servido como plataforma para dar visibilidad a las actividades y proyectos de la organizaci\u00f3n.<\/p>   <p>El encuentro entre las emisoras de Denia y Benidorm no solo sirvi\u00f3 para poner en valor el trabajo de la ONCE, sino tambi\u00e9n para reforzar la idea de que la radio es un medio poderoso para generar conciencia y promover la solidaridad. La entrevista conjunta es un ejemplo m\u00e1s del compromiso de la Cadena SER con las causas sociales y su esfuerzo continuo por informar y sensibilizar a la comunidad sobre temas de inter\u00e9s p\u00fablico.<\/p>  <p><figure><img loading=\"lazy\" decoding=\"async\" src=\"https:\/\/cadenaser.com\/resizer\/v2\/PMEYVXZXVJEAXN4BRLDJMKV7OI.jpg?auth=f9ddb38d027c92ee3d811b61b085715454d283b498efdb3b2c129b4c78d22dcb&amp;quality=70&amp;width=650&amp;height=487&amp;smart=true\" width=\"4\" height=\"3\" \/><\/figure><button class=\"bt-am\">Ampliar<\/button><\/p>   <p>El Cup\u00f3n Diario de la ONCE pone en juego un premio de 500.000 euros al n\u00famero m\u00e1s la serie y 49 premios de 35.000 euros a las cinco cifras del n\u00famero premiado. Adem\u00e1s, 450 premios de 250 euros a las cuatro primeras cifras y otros 450 premios a las cuatro \u00faltimas; 9.000 premios de 25 euros en el caso de tres \u00faltimas o tres primeras; y lo mismo para las dos primeras y \u00faltimas (6 euros) y reintegro de 2 euros a la primera o la \u00faltima cifra del n\u00famero premiado. Se comercializan por los m\u00e1s de 20.000 vendedores y vendedoras de la Organizaci\u00f3n y, adem\u00e1s, pueden adquirirse desde <a href=\"http:\/\/www.juegosonce.es\/\" rel=\"nofollow noopener\" target=\"_blank\">www.juegosonce.es<\/a> y en establecimientos colaboradores autorizados.<\/p>   <p>     .c-w{         max-width:444px;         width:100%;         margin:16px auto;      background:#00755E;         border-radius:4px;         display:flex;         align-items:center;         justify-content:center;     }     .c-w a{         display:flex;         align-items:center;         justify-content:center;         padding:4px 24px;     }     .c-w img{         width:24px;         margin-right:12px;     }     .c-w p{         font:18px\/25px Poppins;         text-align:center;         color:#fff;         margin:0;     }     @media (max-width:444px){         .c-w a{             padding:4px 12px;         }         .c-w img{             width:24px;             margin-right:8px;         }         .c-w p{             font:14px\/25px Poppins;         }     }     @media (max-width:335px){         .c-w p{             font:13px\/25px Poppins;         }     }  <div class=\"c-w\">     <a href=\"https:\/\/www.whatsapp.com\/channel\/0029Va633PF9WtC4l7XUzh1e\" target=\"_blank\" rel=\"noopener\">         <img decoding=\"async\" src=\"https:\/\/cadenaser.com\/estaticos\/recursosgraficos\/responsive\/img\/ico-whatsapp.svg\" alt=\"Whatsapp\">         <p>\u00danete al <b>canal de WhatsApp<\/b> de la SER<\/p>     <\/a> <\/div><\/p>   <p><b>100 a\u00f1os de historia de la radio, 100 a\u00f1os de la Cadena SER<\/b><\/p>   <p>La historia de la Cadena SER comenz\u00f3 en 1924 con su primera transmisi\u00f3n, bajo la licencia EAJ-1. A lo largo de sus primeras d\u00e9cadas de vida, puso en marcha formatos m\u00edticos como \u2018El Consultorio de do\u00f1a Elena Francis\u2019, \u2018Carrusel Deportivo\u2019 o \u2018Ama Rosa\u2019. En los a\u00f1os sesenta, contribuy\u00f3 de forma decisiva a la explosi\u00f3n de la industrial de la m\u00fasica gracias al lanzamiento de \u2018El Gran Musical\u2019 y \u2018Los 40 Principales\u2019. Referente informativo durante el 23-F en la famosa \u2018noche de los transistores\u2019, la SER consolid\u00f3 su liderazgo durante los siguientes a\u00f1os de la mano de programas de informaci\u00f3n y entretenimiento como \u2018La Ventana\u2019, \u2018Hoy por Hoy\u2019, \u2018El Larguero\u2019, \u2018A Vivir\u2019 o \u2018Hablar por Hablar\u2019, entre otros. Por sus micr\u00f3fonos han pasado estrellas de la talla de Manuel Mart\u00edn Ferrand, I\u00f1aki Gabilondo, Jos\u00e9 Mar\u00eda Garc\u00eda, Gemma Nierga, Xavier Sard\u00e1, Paco Gonz\u00e1lez, \u00c0ngels Barcel\u00f3, Pepe Domingo Casta\u00f1o, Pepa Bueno, Carlos Llamas o Carles Francino, entre otros muchos.<\/p>   <p>100 a\u00f1os de radio en los que sigue m\u00e1s viva que nunca y en constante evoluci\u00f3n, ayud\u00e1ndose del avance de la tecnolog\u00eda para llegar a nuevos p\u00fablicos y fomentar consumos diferentes. De la mano de SER Podcast, la emisora ha impulsado proyectos innovadores y pioneros como \u2018El puzle Voynich\u2019 o \u2018Inshallah, un viaje a Palestina en L\u00edbano\u2019, que han sido reconocidos por su calidad en diferentes cert\u00e1menes de premios. Adem\u00e1s, la plataforma ha permitido a los usuarios disponer de todos los programas de la SER a la carta, multiplicando su alcance y d\u00e1ndole valor a su variada programaci\u00f3n.<\/p> ","protected":false},"excerpt":{"rendered":"<p>Una tirada de 5 millones de cupones repartir\u00e1n la suerte por todos los rincones de la geograf\u00eda del pa\u00eds<\/p>\n","protected":false},"author":0,"featured_media":6299,"comment_status":"open","ping_status":"open","sticky":false,"template":"","format":"standard","meta":{"_acf_changed":false,"footnotes":""},"categories":[1],"tags":[],"class_list":["post-6298","post","type-post","status-publish","format-standard","has-post-thumbnail","hentry","category-sin-categoria"],"acf":{"ser_id":"ZDDB5ECGR5HOFCWNMFKOOBK6OE","ser_url":"https:\/\/cadenaser.com\/comunitat-valenciana\/2024\/06\/20\/radio-denia-y-radio-benidorm-celebran-con-la-once-los-100-anos-de-la-cadena-ser-radio-denia\/"},"_links":{"self":[{"href":"https:\/\/serbenidorm.daliisolutions.com\/index.php\/wp-json\/wp\/v2\/posts\/6298","targetHints":{"allow":["GET"]}}],"collection":[{"href":"https:\/\/serbenidorm.daliisolutions.com\/index.php\/wp-json\/wp\/v2\/posts"}],"about":[{"href":"https:\/\/serbenidorm.daliisolutions.com\/index.php\/wp-json\/wp\/v2\/types\/post"}],"replies":[{"embeddable":true,"href":"https:\/\/serbenidorm.daliisolutions.com\/index.php\/wp-json\/wp\/v2\/comments?post=6298"}],"version-history":[{"count":0,"href":"https:\/\/serbenidorm.daliisolutions.com\/index.php\/wp-json\/wp\/v2\/posts\/6298\/revisions"}],"wp:featuredmedia":[{"embeddable":true,"href":"https:\/\/serbenidorm.daliisolutions.com\/index.php\/wp-json\/wp\/v2\/media\/6299"}],"wp:attachment":[{"href":"https:\/\/serbenidorm.daliisolutions.com\/index.php\/wp-json\/wp\/v2\/media?parent=6298"}],"wp:term":[{"taxonomy":"category","embeddable":true,"href":"https:\/\/serbenidorm.daliisolutions.com\/index.php\/wp-json\/wp\/v2\/categories?post=6298"},{"taxonomy":"post_tag","embeddable":true,"href":"https:\/\/serbenidorm.daliisolutions.com\/index.php\/wp-json\/wp\/v2\/tags?post=6298"}],"curies":[{"name":"wp","href":"https:\/\/api.w.org\/{rel}","templated":true}]}}