{"id":6301,"date":"2024-06-20T17:44:23","date_gmt":"2024-06-20T15:44:23","guid":{"rendered":"https:\/\/serbenidorm.daliisolutions.com\/index.php\/2024\/06\/20\/los-restaurantes-de-benidorm-adaptan-sus-cartas-para-las-personas-ciegas\/"},"modified":"2024-06-20T17:44:23","modified_gmt":"2024-06-20T15:44:23","slug":"los-restaurantes-de-benidorm-adaptan-sus-cartas-para-las-personas-ciegas","status":"publish","type":"post","link":"https:\/\/serbenidorm.daliisolutions.com\/index.php\/2024\/06\/20\/los-restaurantes-de-benidorm-adaptan-sus-cartas-para-las-personas-ciegas\/","title":{"rendered":"Los restaurantes de Benidorm adaptan sus cartas para las personas ciegas"},"content":{"rendered":"  <p>Mediante un convenio suscrito este jueves entre la asociaci\u00f3n local de hosteler\u00eda ABRECA y la ONCE, los locales de restauraci\u00f3n de Benidorm mejorar\u00e1n su accesibilidad incorporando en sus cartas una transcripci\u00f3n de sus platos y bebidas en braille.<\/p>   <p>Desde ABRECA han presentado un listado de restaurantes y cafeter\u00edas de la capital tur\u00edstica que ya han tienen a disposici\u00f3n de sus clientes, adem\u00e1s de una carta en varios idiomas como es habitual en la ciudad, una transcripci\u00f3n en braille de la misma para hacerla accesible al colectivo de invidentes. \u201cEstos establecimientos han dado un paso importante para garantizar que todas las personas con discapacidad visual puedan disfrutar de una experiencia gastron\u00f3mica completa y sin barreras\u201d, indican desde la asociaci\u00f3n.<\/p>  <p><p>M\u00e1s informaci\u00f3n<\/p><figure><img loading=\"lazy\" decoding=\"async\" src=\"https:\/\/cadenaser.com\/resizer\/v2\/HXLB7LPRFBGSHK5PLBJPAN424Q.jpg?auth=3984e67fffeae1ac2168350e43b34b6f7fa10535805e89ea0f6b1efe4b0205b9&amp;quality=70&amp;width=360&amp;height=202&amp;smart=true\" width=\"820\" height=\"621\" \/><\/figure><ul><li><a href=\"https:\/\/cadenaser.com\/comunitat-valenciana\/2024\/06\/20\/radio-denia-y-radio-benidorm-celebran-con-la-once-los-100-anos-de-la-cadena-ser-radio-denia\/\"><span>Radio Benidorm celebra con la ONCE los 100 a\u00f1os de la Cadena SER<\/span><\/a><\/li><\/ul><\/p>   <p>Gracias al acuerdo al que el colectivo hostelero ha llegado con la ONCE la transcripci\u00f3n de las cartas al braille y su primera impresi\u00f3n tendr\u00e1  un coste muy reducido y las posteriores copias ser\u00e1n gratuitas para los asociados a ABRECA.<\/p>   <p>La gerente de ABRECA, Irene Carre\u00f1o, ha destacado \u201cel compromiso con la accesibilidad y la igualdad\u201d de sus asociados contribuyendo \u201ca la  creaci\u00f3n de entornos m\u00e1s inclusivos en la hosteler\u00eda de Benidorm y comarca\u201d.<\/p>   <p>\u00abUn paso significativo\u00bb<\/p>   <p>Tanto Carre\u00f1o como el director de Obra Social ONCE en las Marinas, Vicente Vazquez, han animado al resto de establecimientos asociados a  \u201cunirse a esta iniciativa que transformar\u00e1 la forma en que las personas con discapacidad visual disfrutaran de todas las experiencias gastron\u00f3micas\u201d.<\/p>   <p>     .c-w{         max-width:444px;         width:100%;         margin:16px auto;      background:#00755E;         border-radius:4px;         display:flex;         align-items:center;         justify-content:center;     }     .c-w a{         display:flex;         align-items:center;         justify-content:center;         padding:4px 24px;     }     .c-w img{         width:24px;         margin-right:12px;     }     .c-w p{         font:18px\/25px Poppins;         text-align:center;         color:#fff;         margin:0;     }     @media (max-width:444px){         .c-w a{             padding:4px 12px;         }         .c-w img{             width:24px;             margin-right:8px;         }         .c-w p{             font:14px\/25px Poppins;         }     }     @media (max-width:335px){         .c-w p{             font:13px\/25px Poppins;         }     }  <div class=\"c-w\">     <a href=\"https:\/\/www.whatsapp.com\/channel\/0029Va633PF9WtC4l7XUzh1e\" target=\"_blank\" rel=\"noopener\">         <img decoding=\"async\" src=\"https:\/\/cadenaser.com\/estaticos\/recursosgraficos\/responsive\/img\/ico-whatsapp.svg\" alt=\"Whatsapp\">         <p>\u00danete al <b>canal de WhatsApp<\/b> de la SER<\/p>     <\/a> <\/div><\/p>  <p><p class=\"tit\"><span>Hora 14 Benidorm (20\/06\/2024)<\/span><\/p> <p class=\"emb\"><iframe loading=\"lazy\" src=\"https:\/\/cadenaser.com\/embed\/audio\/460\/cadenaser_benidorm_hora14benidorm_20240620_141700_143000\/\" width=\"100%\" height=\"360\" frameborder=\"0\" allowfullscreen><\/iframe><\/p><\/p>   <p>V\u00e1zquez ha insistido en que \u201cla inclusi\u00f3n comienza con peque\u00f1os gestos y la oferta de cartas de men\u00fa en braille es un paso significativo hacia  un futuro m\u00e1s accesible y amable para todas las personas con discapacidad visual que les permitir\u00e1 la independencia que supone el acceso a una informaci\u00f3n y comunicaci\u00f3n escrita\u201d.<\/p>   <p>Por el momento ofrecen cartas en braille <a href=\"https:\/\/cadenaser.com\/tag\/benidorm\/a\/\" target=\"_blank\" rel=\"noopener\">Pizzer\u00eda La Toscana, Pinocchio playa, Taberna Andaluza, Restaurante Spasso, Restaurante Esturi\u00f3n,  Cafeter\u00eda Helader\u00eda Rico y Restaurante Hogar del Pescador<\/a>, ubicado este \u00faltimo en La Vila Joiosa.<\/p> ","protected":false},"excerpt":{"rendered":"<p>Diez establecimientos se han adherido ya a esta iniciativa de la ONCE y ABRECA<\/p>\n","protected":false},"author":0,"featured_media":6302,"comment_status":"open","ping_status":"open","sticky":false,"template":"","format":"standard","meta":{"_acf_changed":false,"footnotes":""},"categories":[1],"tags":[],"class_list":["post-6301","post","type-post","status-publish","format-standard","has-post-thumbnail","hentry","category-sin-categoria"],"acf":{"ser_id":"DCRUWN3XXJGCDKVF6NXHNXW7HA","ser_url":"https:\/\/cadenaser.com\/comunitat-valenciana\/2024\/06\/20\/los-restaurantes-de-benidorm-adaptan-sus-cartas-para-las-personas-ciegas-radio-benidorm\/"},"_links":{"self":[{"href":"https:\/\/serbenidorm.daliisolutions.com\/index.php\/wp-json\/wp\/v2\/posts\/6301","targetHints":{"allow":["GET"]}}],"collection":[{"href":"https:\/\/serbenidorm.daliisolutions.com\/index.php\/wp-json\/wp\/v2\/posts"}],"about":[{"href":"https:\/\/serbenidorm.daliisolutions.com\/index.php\/wp-json\/wp\/v2\/types\/post"}],"replies":[{"embeddable":true,"href":"https:\/\/serbenidorm.daliisolutions.com\/index.php\/wp-json\/wp\/v2\/comments?post=6301"}],"version-history":[{"count":0,"href":"https:\/\/serbenidorm.daliisolutions.com\/index.php\/wp-json\/wp\/v2\/posts\/6301\/revisions"}],"wp:featuredmedia":[{"embeddable":true,"href":"https:\/\/serbenidorm.daliisolutions.com\/index.php\/wp-json\/wp\/v2\/media\/6302"}],"wp:attachment":[{"href":"https:\/\/serbenidorm.daliisolutions.com\/index.php\/wp-json\/wp\/v2\/media?parent=6301"}],"wp:term":[{"taxonomy":"category","embeddable":true,"href":"https:\/\/serbenidorm.daliisolutions.com\/index.php\/wp-json\/wp\/v2\/categories?post=6301"},{"taxonomy":"post_tag","embeddable":true,"href":"https:\/\/serbenidorm.daliisolutions.com\/index.php\/wp-json\/wp\/v2\/tags?post=6301"}],"curies":[{"name":"wp","href":"https:\/\/api.w.org\/{rel}","templated":true}]}}