{"id":6303,"date":"2024-06-20T17:44:24","date_gmt":"2024-06-20T15:44:24","guid":{"rendered":"https:\/\/serbenidorm.daliisolutions.com\/index.php\/2024\/06\/20\/el-psoe-de-benidorm-pide-al-gobierno-soluciones-a-los-vertidos-incontrolados-en-el-parking-de-el-moralet\/"},"modified":"2024-06-20T17:44:24","modified_gmt":"2024-06-20T15:44:24","slug":"el-psoe-de-benidorm-pide-al-gobierno-soluciones-a-los-vertidos-incontrolados-en-el-parking-de-el-moralet","status":"publish","type":"post","link":"https:\/\/serbenidorm.daliisolutions.com\/index.php\/2024\/06\/20\/el-psoe-de-benidorm-pide-al-gobierno-soluciones-a-los-vertidos-incontrolados-en-el-parking-de-el-moralet\/","title":{"rendered":"El PSOE de Benidorm pide al gobierno soluciones a los vertidos incontrolados en el parking de El Moralet"},"content":{"rendered":"  <p>El Grupo Municipal Socialista ha denunciado este jueves la proliferaci\u00f3n de vertederos incontrolados e<a href=\"https:\/\/cadenaser.com\/tag\/benidorm\/a\/\" target=\"_blank\" rel=\"noopener\">n el aparcamiento disuasorio de El Moralet, situado junto a la estaci\u00f3n del TRAM<\/a>. La concejala que fiscaliza el \u00e1rea de Medio Ambiente, Laura Rubio, ha criticado \u00abla desidia del gobierno local del PP\u00bb a la hora de hacer frente a una situaci\u00f3n que afecta a la imagen de la ciudad y a los centenares de personas que utilizan este parking o salen a pasear por los senderos.<\/p>   <p>Rubio ha explicado que la basura, los escombros y hasta enseres dom\u00e9sticos se acumulan en el per\u00edmetro del aparcamiento junto a los coches estacionados y la zona de vegetaci\u00f3n: \u00abPor c\u00f3mo y d\u00f3nde se encuentran los vertidos, parece que los veh\u00edculos llegan hasta final del solar y descargan con total impunidad\u00bb, ha indicado.<\/p>  <p><p>M\u00e1s informaci\u00f3n<\/p><figure><img loading=\"lazy\" decoding=\"async\" src=\"https:\/\/cadenaser.com\/resizer\/v2\/HCFHBZ4TEJMLJHLTHIKDDI75S4.jpg?auth=7ef7a4db0aa7dbb012d00be9a7ee6550740abe946a7a7e143d3900ee84f5846a&amp;quality=70&amp;width=360&amp;height=202&amp;smart=true\" width=\"820\" height=\"621\" \/><\/figure><ul><li><a href=\"https:\/\/cadenaser.com\/comunitat-valenciana\/2024\/06\/19\/estos-son-los-principales-consejos-de-benidorm-para-que-los-turistas-tengan-las-mejores-vacaciones-radio-benidorm\/\"><span>Estos son los principales consejos de Benidorm para que los turistas tengan \u201clas mejores vacaciones\u201d<\/span><\/a><\/li><\/ul><\/p>   <p>La edil socialista ha se\u00f1alado que es \u00ablamentable\u00bb que este parque urbano, el denominado nuevo cintur\u00f3n verde de la ciudad y que deber\u00eda ser una zona de especial protecci\u00f3n, presente un aspecto de \u00abtotal abandono\u00bb. <\/p>   <p>Con todo, Rubio ha reclamado al alcalde Toni P\u00e9rez que se ponga trabajar y de las \u00f3rdenes oportunas para que se proceda a la limpieza inmediata de la zona y \u00aba hacer cumplir las ordenanzas para acabar con el estado de suciedad y abandono que presenta la zona\u00bb.<\/p> ","protected":false},"excerpt":{"rendered":"<p>Su concejala Laura Rubio critica la dejadez del PP y exige que se limpie inmediatamente la zona<\/p>\n","protected":false},"author":0,"featured_media":6304,"comment_status":"open","ping_status":"open","sticky":false,"template":"","format":"standard","meta":{"_acf_changed":false,"footnotes":""},"categories":[1],"tags":[],"class_list":["post-6303","post","type-post","status-publish","format-standard","has-post-thumbnail","hentry","category-sin-categoria"],"acf":{"ser_id":"QXUWZHFUSRDR7JK2NFLSHWO7IM","ser_url":"https:\/\/cadenaser.com\/comunitat-valenciana\/2024\/06\/20\/el-psoe-de-benidorm-pide-al-gobierno-soluciones-a-los-vertidos-incontrolados-en-el-parking-de-el-moralet-radio-benidorm\/"},"_links":{"self":[{"href":"https:\/\/serbenidorm.daliisolutions.com\/index.php\/wp-json\/wp\/v2\/posts\/6303","targetHints":{"allow":["GET"]}}],"collection":[{"href":"https:\/\/serbenidorm.daliisolutions.com\/index.php\/wp-json\/wp\/v2\/posts"}],"about":[{"href":"https:\/\/serbenidorm.daliisolutions.com\/index.php\/wp-json\/wp\/v2\/types\/post"}],"replies":[{"embeddable":true,"href":"https:\/\/serbenidorm.daliisolutions.com\/index.php\/wp-json\/wp\/v2\/comments?post=6303"}],"version-history":[{"count":0,"href":"https:\/\/serbenidorm.daliisolutions.com\/index.php\/wp-json\/wp\/v2\/posts\/6303\/revisions"}],"wp:featuredmedia":[{"embeddable":true,"href":"https:\/\/serbenidorm.daliisolutions.com\/index.php\/wp-json\/wp\/v2\/media\/6304"}],"wp:attachment":[{"href":"https:\/\/serbenidorm.daliisolutions.com\/index.php\/wp-json\/wp\/v2\/media?parent=6303"}],"wp:term":[{"taxonomy":"category","embeddable":true,"href":"https:\/\/serbenidorm.daliisolutions.com\/index.php\/wp-json\/wp\/v2\/categories?post=6303"},{"taxonomy":"post_tag","embeddable":true,"href":"https:\/\/serbenidorm.daliisolutions.com\/index.php\/wp-json\/wp\/v2\/tags?post=6303"}],"curies":[{"name":"wp","href":"https:\/\/api.w.org\/{rel}","templated":true}]}}