{"id":6320,"date":"2024-06-22T10:25:38","date_gmt":"2024-06-22T08:25:38","guid":{"rendered":"https:\/\/serbenidorm.daliisolutions.com\/index.php\/2024\/06\/22\/toni-perez-benidorm-esta-en-un-momento-muy-dulce-a-nivel-reputacional\/"},"modified":"2024-06-22T10:25:38","modified_gmt":"2024-06-22T08:25:38","slug":"toni-perez-benidorm-esta-en-un-momento-muy-dulce-a-nivel-reputacional","status":"publish","type":"post","link":"https:\/\/serbenidorm.daliisolutions.com\/index.php\/2024\/06\/22\/toni-perez-benidorm-esta-en-un-momento-muy-dulce-a-nivel-reputacional\/","title":{"rendered":"Toni P\u00e9rez: \u201cBenidorm est\u00e1 en un momento muy dulce a nivel reputacional\u201d"},"content":{"rendered":"  <p>Benidorm ya esta a punto para la temporada estival y con buena  perspectiva de llegada de turistas. As\u00ed lo ha asegurado en Radio  Benidorm el alcalde Toni P\u00e9rez, quien ha pasado por Hoy por Hoy Benidorm  para hacer balance de este primer a\u00f1o de legislatura. \u201cBenidorm  est\u00e1 preparado dimensionado para atender a todos aquellos que quieran  acompa\u00f1arnos estos d\u00edas de verano y hacerles felices\u201d, ha asegurado.<\/p>   <p>P\u00e9rez ha recordado que la ciudad ya lleva mucho tiempo invirtiendo  recursos en la desestacionalizaci\u00f3n de la actividad y la fidelizaci\u00f3n  del turista y \u201cno solo lo tenemos superado sino tambi\u00e9n muy  consolidado\u201d.<\/p>   <p>Se\u00f1ala el alcalde la actividad del tejido productivo de la ciudad como  prueba de que el destino genera, mes tras mes, \u201cuna gran actividad que  al final es empleo, producci\u00f3n y contribuci\u00f3n a la marca Espa\u00f1a\u201d y  augura que estamos a las puertas \u201cde lo que va a  ser otro momento punta en actividad, no solo en ocupaci\u00f3n, sino en  actividad\u201d.<\/p>   <p>En cuanto a este primer a\u00f1o de legislatura insiste en que \u201cel balance lo  hace la ciudadan\u00eda\u201d aunque admite que \u201cha sido un a\u00f1o intenso\u201d y de  \u201ccontinuidad\u201d de una gestion basada en \u201ccuidar lo que funciona\u201d.<\/p>   <p>Cita como ejemplos de esa gesti\u00f3n la renovaci\u00f3n de la pasarela de  Poniente, la redacci\u00f3n del proyecto de una nueva fase de renovaci\u00f3n de  la Avenida del Mediterr\u00e1neo o la puesta en marcha del quinto bono  consumo con una importante inyecci\u00f3n de fondos municipales.<\/p>   <p>     .c-w{         max-width:444px;         width:100%;         margin:16px auto;      background:#00755E;         border-radius:4px;         display:flex;         align-items:center;         justify-content:center;     }     .c-w a{         display:flex;         align-items:center;         justify-content:center;         padding:4px 24px;     }     .c-w img{         width:24px;         margin-right:12px;     }     .c-w p{         font:18px\/25px Poppins;         text-align:center;         color:#fff;         margin:0;     }     @media (max-width:444px){         .c-w a{             padding:4px 12px;         }         .c-w img{             width:24px;             margin-right:8px;         }         .c-w p{             font:14px\/25px Poppins;         }     }     @media (max-width:335px){         .c-w p{             font:13px\/25px Poppins;         }     }  <div class=\"c-w\">     <a href=\"https:\/\/www.whatsapp.com\/channel\/0029Va633PF9WtC4l7XUzh1e\" target=\"_blank\" rel=\"noopener\">         <img decoding=\"async\" src=\"https:\/\/cadenaser.com\/estaticos\/recursosgraficos\/responsive\/img\/ico-whatsapp.svg\" alt=\"Whatsapp\">         <p>\u00danete al <b>canal de WhatsApp<\/b> de la SER<\/p>     <\/a> <\/div><\/p>   <p>El primer edil ha hecho hincapi\u00e9 tambi\u00e9n en la apuesta de su gobierno por la sostenibilidad y la gesti\u00f3n medioambiental. <b>\u201c<\/b>Somos de los pocos municipios de Espa\u00f1a que, con m\u00e1s de 50.000  habitantes y un gran impacto tur\u00edstico, est\u00e1 haciendo un gran esfuerzo  por adaptarnos a esta circunstancia. Nuestro Plan de Adaptaci\u00f3n al  Cambio Clim\u00e1tico es referencia en Espa\u00f1a, para una  ciudad que no llega a los 75.000 habitantes\u201d, afirma.<\/p>   <p>Recuerda que la ciudad ha peatonalizado m\u00e1s de 40 calles, modulado la  movilidad \u201cpara hacerla m\u00e1s eficiente y sostenible\u201d, y ha hecho grandes  inversiones para tener una mejorar la movilidad ciclista y crear  aparcamientos disuasorios. \u201cCuando has hecho toda  esa operativa, llega el momento de acometer un proceso de  renaturalizaci\u00f3n, de introducir m\u00e1s naturaleza en nuestras calles porque  lo que nos importa de verdad es el confort de las personas en una  ciudad y en un destino que es l\u00edder en el mundo\u201d, enfatiza.<\/p>   <p>La primera autoridad local tambi\u00e9n ha querido poner en valor los  distintos galardones, tanto nacionales como internacionales, que la  ciudad ha recibido por su gesti\u00f3n medioambiental, sus pol\u00edticas de  movilidad o la calidad de las playas.<\/p>   <p>A nivel reputacional el alcalde asegura que \u201cBenidorm ahora mismo est\u00e1  en un momento muy dulce, en un gran momento. Lo reconocen  administraciones como Europa, que es una gran administraci\u00f3n en las  directivas y en las normativas, el Gobierno de Espa\u00f1a, con el  que no compartimos ideario pol\u00edtico ni siglas de partido, ahora la  Generalitat, pero antes tambi\u00e9n la Generalitat, con un color pol\u00edtico  completamente distinto\u201d, concluye.<\/p> ","protected":false},"excerpt":{"rendered":"<p>El alcalde hace balance en Hoy por Hoy del primer a\u00f1o de esta legislatura<\/p>\n","protected":false},"author":0,"featured_media":6321,"comment_status":"open","ping_status":"open","sticky":false,"template":"","format":"standard","meta":{"_acf_changed":false,"footnotes":""},"categories":[1],"tags":[],"class_list":["post-6320","post","type-post","status-publish","format-standard","has-post-thumbnail","hentry","category-sin-categoria"],"acf":{"ser_id":"CLK26XGJWFF2TITJCKYYWIZUZU","ser_url":"https:\/\/cadenaser.com\/comunitat-valenciana\/2024\/06\/21\/toni-perez-benidorm-esta-en-un-momento-muy-dulce-a-nivel-reputacional-radio-benidorm\/"},"_links":{"self":[{"href":"https:\/\/serbenidorm.daliisolutions.com\/index.php\/wp-json\/wp\/v2\/posts\/6320","targetHints":{"allow":["GET"]}}],"collection":[{"href":"https:\/\/serbenidorm.daliisolutions.com\/index.php\/wp-json\/wp\/v2\/posts"}],"about":[{"href":"https:\/\/serbenidorm.daliisolutions.com\/index.php\/wp-json\/wp\/v2\/types\/post"}],"replies":[{"embeddable":true,"href":"https:\/\/serbenidorm.daliisolutions.com\/index.php\/wp-json\/wp\/v2\/comments?post=6320"}],"version-history":[{"count":0,"href":"https:\/\/serbenidorm.daliisolutions.com\/index.php\/wp-json\/wp\/v2\/posts\/6320\/revisions"}],"wp:featuredmedia":[{"embeddable":true,"href":"https:\/\/serbenidorm.daliisolutions.com\/index.php\/wp-json\/wp\/v2\/media\/6321"}],"wp:attachment":[{"href":"https:\/\/serbenidorm.daliisolutions.com\/index.php\/wp-json\/wp\/v2\/media?parent=6320"}],"wp:term":[{"taxonomy":"category","embeddable":true,"href":"https:\/\/serbenidorm.daliisolutions.com\/index.php\/wp-json\/wp\/v2\/categories?post=6320"},{"taxonomy":"post_tag","embeddable":true,"href":"https:\/\/serbenidorm.daliisolutions.com\/index.php\/wp-json\/wp\/v2\/tags?post=6320"}],"curies":[{"name":"wp","href":"https:\/\/api.w.org\/{rel}","templated":true}]}}