{"id":6359,"date":"2024-06-23T16:04:25","date_gmt":"2024-06-23T14:04:25","guid":{"rendered":"https:\/\/serbenidorm.daliisolutions.com\/index.php\/2024\/06\/23\/el-sporting-la-nucia-hace-historia-con-un-ascenso-epico\/"},"modified":"2024-06-23T16:04:25","modified_gmt":"2024-06-23T14:04:25","slug":"el-sporting-la-nucia-hace-historia-con-un-ascenso-epico","status":"publish","type":"post","link":"https:\/\/serbenidorm.daliisolutions.com\/index.php\/2024\/06\/23\/el-sporting-la-nucia-hace-historia-con-un-ascenso-epico\/","title":{"rendered":"El Sporting La Nuc\u00eda hace historia con un ascenso \u00e9pico"},"content":{"rendered":"  <p>Ya no es un sue\u00f1o, sino una realidad tangible: el Sporting La Nuc\u00eda ya es equipo de Segunda Divisi\u00f3n. Y lo es despu\u00e9s de haber superado, en el conjunto de la final, al Manresa, el que ha sido su principal rival a lo largo de todo el a\u00f1o y que a punto estuvo de hacer descarrilar las ilusiones nucieras.<\/p>   <p>Finalmente, los de Dada hicieron valer la renta de cuatro goles con la que salieron del Camilo Cano el domingo anterior y, tras un partido \u00e9pico en el que el Manresa se impuso por 6-3, lograr ese ascenso hist\u00f3rico que coloca a los nucieros en la categor\u00eda de plata del f\u00fatbol sala espa\u00f1ol.<\/p>   <p>Que el Manresa iba a salir con el cuchillo entre los dientes para hacer valer el factor cancha a favor con el que contaban en este partido decisivo era algo de lo que nadie dudaba, pero que tras s\u00f3lo cuatro minutos de partido los catalanes ya mandaran en el marcador por 2-0 no entraba, visto lo visto en el partido de ida, en los presagios m\u00e1s pesimistas de los rojillos.<\/p>   <p>Pasaban los minutos y el equipo de Dada segu\u00eda sin encontrarse c\u00f3modo en pista. No atravesaba por el mejor momento y adem\u00e1s de no lograr frenar a los locales, las pocas ocasiones de las que disfrutaba no terminaban de entrar en la porter\u00eda.<\/p>   <p>Los locales, por su parte, ten\u00edan la punter\u00eda mucho m\u00e1s afinada y el 3-0 conseguido todav\u00eda en la primera mitad hac\u00eda que saltaran todas las alarmas antes de que Peloncha recortara distancias y el Manresa volviera a marcar para poner el 4-1 con el que se lleg\u00f3 al descanso.<\/p>   <p>     .c-w{         max-width:444px;         width:100%;         margin:16px auto;      background:#00755E;         border-radius:4px;         display:flex;         align-items:center;         justify-content:center;     }     .c-w a{         display:flex;         align-items:center;         justify-content:center;         padding:4px 24px;     }     .c-w img{         width:24px;         margin-right:12px;     }     .c-w p{         font:18px\/25px Poppins;         text-align:center;         color:#fff;         margin:0;     }     @media (max-width:444px){         .c-w a{             padding:4px 12px;         }         .c-w img{             width:24px;             margin-right:8px;         }         .c-w p{             font:14px\/25px Poppins;         }     }     @media (max-width:335px){         .c-w p{             font:13px\/25px Poppins;         }     }  <div class=\"c-w\">     <a href=\"https:\/\/www.whatsapp.com\/channel\/0029Va633PF9WtC4l7XUzh1e\" target=\"_blank\" rel=\"noopener\">         <img decoding=\"async\" src=\"https:\/\/cadenaser.com\/estaticos\/recursosgraficos\/responsive\/img\/ico-whatsapp.svg\" alt=\"Whatsapp\">         <p>\u00danete al <b>canal de WhatsApp<\/b> de la SER<\/p>     <\/a> <\/div><\/p>   <p>Durante el descanso, la charla de Dada tuvo el efecto deseado y el Sporting La Nuc\u00eda sali\u00f3 con otra cara y con una marcha m\u00e1s. Las ocasiones m\u00e1s claras ven\u00edan del lado nuciero con Iker y Juanito disfrutando de dos oportunidades casi id\u00e9nticas, pero en ambas el meta rival mand\u00f3 el bal\u00f3n fuera.<\/p>   <p>Poco dur\u00f3 la alegr\u00eda porque a falta de cinco minutos para el final, el Manresa le dio la vuelta al marcador y, por lo tanto, era equipo de Segunda en esos momentos. A escasos segundos para el final, Peloncha puso el 5-2 y cuando parec\u00eda que el ascenso se iba a La Nuc\u00eda, Manresa, de jugada de estrategia, llev\u00f3 el partido a la pr\u00f3rroga con el 6-2.<\/p>   <p>Cuando parec\u00edan que las fuerzas pod\u00edan flaquear, Peloncha, una vez m\u00e1s, hizo el 6-3 en el 42 con cuatro minutos por delante. Finalmente, los nucieros aguantaron ese resultado y pudieron celebrar el segundo ascenso consecutivo que los coloca en la Segunda Divisi\u00f3n para la temporada 2024-2025.<\/p> ","protected":false},"excerpt":{"rendered":"<p>Los de Dada hicieron valer la renta conseguida en el Camilo Cano para estar la pr\u00f3xima temporada en la categor\u00eda de plata<\/p>\n","protected":false},"author":0,"featured_media":6360,"comment_status":"open","ping_status":"open","sticky":false,"template":"","format":"standard","meta":{"_acf_changed":false,"footnotes":""},"categories":[16],"tags":[],"class_list":["post-6359","post","type-post","status-publish","format-standard","has-post-thumbnail","hentry","category-deportes"],"acf":{"ser_id":"YHVNGPALONFONGWGBZA5YUQF34","ser_url":"https:\/\/cadenaser.com\/comunitat-valenciana\/2024\/06\/23\/el-sporting-la-nucia-hace-historia-con-un-ascenso-epico-radio-benidorm\/"},"_links":{"self":[{"href":"https:\/\/serbenidorm.daliisolutions.com\/index.php\/wp-json\/wp\/v2\/posts\/6359","targetHints":{"allow":["GET"]}}],"collection":[{"href":"https:\/\/serbenidorm.daliisolutions.com\/index.php\/wp-json\/wp\/v2\/posts"}],"about":[{"href":"https:\/\/serbenidorm.daliisolutions.com\/index.php\/wp-json\/wp\/v2\/types\/post"}],"replies":[{"embeddable":true,"href":"https:\/\/serbenidorm.daliisolutions.com\/index.php\/wp-json\/wp\/v2\/comments?post=6359"}],"version-history":[{"count":0,"href":"https:\/\/serbenidorm.daliisolutions.com\/index.php\/wp-json\/wp\/v2\/posts\/6359\/revisions"}],"wp:featuredmedia":[{"embeddable":true,"href":"https:\/\/serbenidorm.daliisolutions.com\/index.php\/wp-json\/wp\/v2\/media\/6360"}],"wp:attachment":[{"href":"https:\/\/serbenidorm.daliisolutions.com\/index.php\/wp-json\/wp\/v2\/media?parent=6359"}],"wp:term":[{"taxonomy":"category","embeddable":true,"href":"https:\/\/serbenidorm.daliisolutions.com\/index.php\/wp-json\/wp\/v2\/categories?post=6359"},{"taxonomy":"post_tag","embeddable":true,"href":"https:\/\/serbenidorm.daliisolutions.com\/index.php\/wp-json\/wp\/v2\/tags?post=6359"}],"curies":[{"name":"wp","href":"https:\/\/api.w.org\/{rel}","templated":true}]}}