{"id":6392,"date":"2024-06-25T12:47:56","date_gmt":"2024-06-25T10:47:56","guid":{"rendered":"https:\/\/serbenidorm.daliisolutions.com\/index.php\/2024\/06\/25\/a-que-va-a-destinar-benidorm-los-casi-11-millones-de-euros-que-va-a-incorporar-a-su-presupuesto\/"},"modified":"2024-06-25T12:47:56","modified_gmt":"2024-06-25T10:47:56","slug":"a-que-va-a-destinar-benidorm-los-casi-11-millones-de-euros-que-va-a-incorporar-a-su-presupuesto","status":"publish","type":"post","link":"https:\/\/serbenidorm.daliisolutions.com\/index.php\/2024\/06\/25\/a-que-va-a-destinar-benidorm-los-casi-11-millones-de-euros-que-va-a-incorporar-a-su-presupuesto\/","title":{"rendered":"\u00bfA qu\u00e9 va a destinar Benidorm los casi 11 millones de euros que va a incorporar a su presupuesto?"},"content":{"rendered":"  <p>Este pr\u00f3ximo viernes el pleno del Ayuntamiento de Benidorm votar\u00e1 incorporar a su presupuesto cerca de 10.700.000 euros con cargo al remanente de tesorer\u00eda resultante de la liquidaci\u00f3n de las anteriores cuentas municipales.<\/p>   <p>El alcalde, Toni P\u00e9rez, ha explicado este martes esa propuesta que contempla destinar m\u00e1s de 4.600.000 euros a distintas partidas para inversiones como la renovaci\u00f3n de las calles Italia y Capit\u00e1n Cort\u00e9s, la renaturalizaci\u00f3n del barrio de Els Tolls o la mejora de la iluminaci\u00f3n en distintas instalaciones deportivas.<\/p>   <p>Sin embargo, destacan por su cuant\u00eda en este cap\u00edtulo 6 del presupuesto los<a href=\"https:\/\/cadenaser.com\/tag\/benidorm\/a\/\" target=\"_blank\" rel=\"noopener\"> 600.000 euros que se van a destinar al cementerio de Sant Jaume y su entorno as\u00ed como los 350.000 para encargar el proyecto de la segunda fase de la avenida Mediterr\u00e1neo<\/a>, una de las principales arterias de la capital tur\u00edstica que sigue presentando dos tramos con un aspecto bastante diferenciado.<\/p>   <p>\u00abY esto se puede hacer as\u00ed porque la situaci\u00f3n econ\u00f3mica del Ayuntamiento es buena, porque Benidorm est\u00e1 gestionando bien los recursos anticip\u00e1ndonos a los que no han activado medidas y han puesto en franquicia, a veces, los servicios municipales\u00bb, ha valorado P\u00e9rez tras detallar estas inversiones.<\/p>   <p>La vuelta del bono consumo<\/p>   <p>Adem\u00e1s, el primer edil ha hecho especial hincapi\u00e9 en los 4.325.000 euros que se van a dirigir a los cap\u00edtulos de gasto social, que engloban a las \u00e1reas de Bienestar Social, Tercera Edad, Igualdad, Cultura o Deporte.<\/p>   <p>     .c-w{         max-width:444px;         width:100%;         margin:16px auto;      background:#00755E;         border-radius:4px;         display:flex;         align-items:center;         justify-content:center;     }     .c-w a{         display:flex;         align-items:center;         justify-content:center;         padding:4px 24px;     }     .c-w img{         width:24px;         margin-right:12px;     }     .c-w p{         font:18px\/25px Poppins;         text-align:center;         color:#fff;         margin:0;     }     @media (max-width:444px){         .c-w a{             padding:4px 12px;         }         .c-w img{             width:24px;             margin-right:8px;         }         .c-w p{             font:14px\/25px Poppins;         }     }     @media (max-width:335px){         .c-w p{             font:13px\/25px Poppins;         }     }  <div class=\"c-w\">     <a href=\"https:\/\/www.whatsapp.com\/channel\/0029Va633PF9WtC4l7XUzh1e\" target=\"_blank\" rel=\"noopener\">         <img decoding=\"async\" src=\"https:\/\/cadenaser.com\/estaticos\/recursosgraficos\/responsive\/img\/ico-whatsapp.svg\" alt=\"Whatsapp\">         <p>\u00danete al <b>canal de WhatsApp<\/b> de la SER<\/p>     <\/a> <\/div><\/p>  <p><p>M\u00e1s informaci\u00f3n<\/p><figure><img loading=\"lazy\" decoding=\"async\" src=\"https:\/\/cadenaser.com\/resizer\/v2\/NLNJ6QJC5RDTRAQPYU2ZEJ63BA.jpeg?auth=c7c81b0203c11c91096dec0c3aaebb909b9c65d65da1f1f6bb71562dedd66ec9&amp;quality=70&amp;width=360&amp;height=202&amp;smart=true\" width=\"820\" height=\"621\" \/><\/figure><ul><li><a href=\"https:\/\/cadenaser.com\/comunitat-valenciana\/2024\/06\/21\/toni-perez-benidorm-esta-en-un-momento-muy-dulce-a-nivel-reputacional-radio-benidorm\/\"><span>Toni P\u00e9rez: \u201cBenidorm est\u00e1 en un momento muy dulce a nivel reputacional\u201d<\/span><\/a><\/li><\/ul><\/p>   <p>En este apartado se vuelve a hacer notar el 1.700.000 euros que el consistorio va a sumar<b> <\/b>a los 645.000 de la Diputaci\u00f3n de Alicante para la campa\u00f1a del bono consumo.<\/p>   <p>Una nueva edici\u00f3n del #BenidormTeDaM\u00e1s para fomentar el consumo en los negocios locales que adem\u00e1s se confirma que volver\u00e1 a ser del 15 al 31 de diciembre: \u00abAlimentando con recursos propios para que todo el mundo pueda disponer de esa importante inyecci\u00f3n en la econom\u00eda\u00bb.<\/p>   <p>El alcalde ha destacado tambi\u00e9n que siguen \u00abInsertando recursos en el d\u00eda a d\u00eda de los benidormenses en un momento en el que el encarecimiento de los precios, tambi\u00e9n para la administraci\u00f3n, sigue siendo lacerante, en cuanto a los recursos limitados de los que disponemos\u00bb.<\/p> ","protected":false},"excerpt":{"rendered":"<p>El grueso del remanente de tesorer\u00eda se repartir\u00e1 entre gasto social e inversiones concretas en la ciudad<\/p>\n","protected":false},"author":0,"featured_media":6393,"comment_status":"open","ping_status":"open","sticky":false,"template":"","format":"standard","meta":{"_acf_changed":false,"footnotes":""},"categories":[1],"tags":[],"class_list":["post-6392","post","type-post","status-publish","format-standard","has-post-thumbnail","hentry","category-sin-categoria"],"acf":{"ser_id":"PTYGFRARE5FXRLL5ER3LKTPVBM","ser_url":"https:\/\/cadenaser.com\/comunitat-valenciana\/2024\/06\/25\/a-que-va-a-destinar-benidorm-los-casi-11-millones-de-euros-que-va-a-incorporar-a-su-presupuesto-radio-benidorm\/"},"_links":{"self":[{"href":"https:\/\/serbenidorm.daliisolutions.com\/index.php\/wp-json\/wp\/v2\/posts\/6392","targetHints":{"allow":["GET"]}}],"collection":[{"href":"https:\/\/serbenidorm.daliisolutions.com\/index.php\/wp-json\/wp\/v2\/posts"}],"about":[{"href":"https:\/\/serbenidorm.daliisolutions.com\/index.php\/wp-json\/wp\/v2\/types\/post"}],"replies":[{"embeddable":true,"href":"https:\/\/serbenidorm.daliisolutions.com\/index.php\/wp-json\/wp\/v2\/comments?post=6392"}],"version-history":[{"count":0,"href":"https:\/\/serbenidorm.daliisolutions.com\/index.php\/wp-json\/wp\/v2\/posts\/6392\/revisions"}],"wp:featuredmedia":[{"embeddable":true,"href":"https:\/\/serbenidorm.daliisolutions.com\/index.php\/wp-json\/wp\/v2\/media\/6393"}],"wp:attachment":[{"href":"https:\/\/serbenidorm.daliisolutions.com\/index.php\/wp-json\/wp\/v2\/media?parent=6392"}],"wp:term":[{"taxonomy":"category","embeddable":true,"href":"https:\/\/serbenidorm.daliisolutions.com\/index.php\/wp-json\/wp\/v2\/categories?post=6392"},{"taxonomy":"post_tag","embeddable":true,"href":"https:\/\/serbenidorm.daliisolutions.com\/index.php\/wp-json\/wp\/v2\/tags?post=6392"}],"curies":[{"name":"wp","href":"https:\/\/api.w.org\/{rel}","templated":true}]}}