{"id":6399,"date":"2024-06-26T07:22:14","date_gmt":"2024-06-26T05:22:14","guid":{"rendered":"https:\/\/serbenidorm.daliisolutions.com\/index.php\/2024\/06\/26\/confirmado-el-bono-consumo-volvera-a-benidorm-por-navidad\/"},"modified":"2024-06-26T07:22:14","modified_gmt":"2024-06-26T05:22:14","slug":"confirmado-el-bono-consumo-volvera-a-benidorm-por-navidad","status":"publish","type":"post","link":"https:\/\/serbenidorm.daliisolutions.com\/index.php\/2024\/06\/26\/confirmado-el-bono-consumo-volvera-a-benidorm-por-navidad\/","title":{"rendered":"Confirmado: el bono consumo volver\u00e1 a Benidorm por Navidad"},"content":{"rendered":"  <p>Se confirman las fechas. El Ayuntamiento de Benidorm volver\u00e1 a editar el programa de bonos consumo <a href=\"https:\/\/cadenaser.com\/tag\/benidorm\/a\/\" target=\"_blank\" rel=\"noopener\">&#8216;Benidorm Te Da M\u00e1s&#8217; <\/a>del 15 al 31 de diciembre. As\u00ed lo ha confirmado este martes en rueda de prensa el alcalde de la ciudad, Toni P\u00e9rez, tras explicar que se van a aportar recursos municipales a la campa\u00f1a hasta alcanzar los 3.345.000 euros.<\/p>  <p><p>M\u00e1s informaci\u00f3n<\/p><figure><img loading=\"lazy\" decoding=\"async\" src=\"https:\/\/cadenaser.com\/resizer\/v2\/QYFUYZTJUFBZRBWPIECTZD7E5M.jpg?auth=027580097b3288fe7be788bd41d700afbdbae3a267868835dbe637c516ca5e7c&amp;quality=70&amp;width=360&amp;height=202&amp;smart=true\" width=\"820\" height=\"621\" \/><\/figure><ul><li><a href=\"https:\/\/cadenaser.com\/comunitat-valenciana\/2024\/06\/25\/a-que-va-a-destinar-benidorm-los-casi-11-millones-de-euros-que-va-a-incorporar-a-su-presupuesto-radio-benidorm\/\"><span>\u00bfA qu\u00e9 va a destinar Benidorm los casi 11 millones de euros que va a incorporar a su presupuesto?<\/span><\/a><\/li><\/ul><\/p>   <p>De hecho la aportaci\u00f3n el consistorio ser\u00e1 el grueso: 1.700.000 euros para esta iniciativa de la Diputaci\u00f3n de Alicante en la que la instituci\u00f3n provincial aporta 645.000.<\/p>   <p>De esta forma el consistorio refuerza esta l\u00ednea de ayuda para familias y hogares que incentiva el consumo en el comercio local \u201cpara que cualquier ciudadano pueda disponer de esos bonos, un recurso municipal que ha demostrado claramente que mejora la econom\u00eda de los benidormenses y contribuye a inyectar fondos en el tejido productivo de nuestra ciudad\u201d, ha subrayado el primer edil.<\/p>  <p><p class=\"tit\"><span>Hora 14 Benidorm (25\/06\/2024)<\/span><\/p> <p class=\"emb\"><iframe loading=\"lazy\" src=\"https:\/\/cadenaser.com\/embed\/audio\/460\/cadenaser_benidorm_hora14benidorm_20240625_141700_143000\/\" width=\"100%\" height=\"360\" frameborder=\"0\" allowfullscreen><\/iframe><\/p><\/p>   <p>Quinta edici\u00f3n<\/p>   <p>En sus anteriores cuatro ediciones el formato ha consistido en cinco bonos de diez euros que suponen el 50% del gasto total que debe hacer cada usuario. El bono consumo de Benidorm est\u00e1 dirigido a toda la poblaci\u00f3n empadronada mayor de 18 a\u00f1os y se podr\u00e1 consumir entre el 15 y el 31 de diciembre con la vista puesta en las compras de Navidad en el comercio local adherido.<\/p> ","protected":false},"excerpt":{"rendered":"<p>Del 15 al 31 de diciembre<\/p>\n","protected":false},"author":0,"featured_media":6400,"comment_status":"open","ping_status":"open","sticky":false,"template":"","format":"standard","meta":{"_acf_changed":false,"footnotes":""},"categories":[1],"tags":[],"class_list":["post-6399","post","type-post","status-publish","format-standard","has-post-thumbnail","hentry","category-sin-categoria"],"acf":{"ser_id":"AA4VVZ4CVFHPHEG25DKTUUMFA4","ser_url":"https:\/\/cadenaser.com\/comunitat-valenciana\/2024\/06\/25\/confirmado-el-bono-consumo-volvera-a-benidorm-por-navidad-radio-benidorm\/"},"_links":{"self":[{"href":"https:\/\/serbenidorm.daliisolutions.com\/index.php\/wp-json\/wp\/v2\/posts\/6399","targetHints":{"allow":["GET"]}}],"collection":[{"href":"https:\/\/serbenidorm.daliisolutions.com\/index.php\/wp-json\/wp\/v2\/posts"}],"about":[{"href":"https:\/\/serbenidorm.daliisolutions.com\/index.php\/wp-json\/wp\/v2\/types\/post"}],"replies":[{"embeddable":true,"href":"https:\/\/serbenidorm.daliisolutions.com\/index.php\/wp-json\/wp\/v2\/comments?post=6399"}],"version-history":[{"count":0,"href":"https:\/\/serbenidorm.daliisolutions.com\/index.php\/wp-json\/wp\/v2\/posts\/6399\/revisions"}],"wp:featuredmedia":[{"embeddable":true,"href":"https:\/\/serbenidorm.daliisolutions.com\/index.php\/wp-json\/wp\/v2\/media\/6400"}],"wp:attachment":[{"href":"https:\/\/serbenidorm.daliisolutions.com\/index.php\/wp-json\/wp\/v2\/media?parent=6399"}],"wp:term":[{"taxonomy":"category","embeddable":true,"href":"https:\/\/serbenidorm.daliisolutions.com\/index.php\/wp-json\/wp\/v2\/categories?post=6399"},{"taxonomy":"post_tag","embeddable":true,"href":"https:\/\/serbenidorm.daliisolutions.com\/index.php\/wp-json\/wp\/v2\/tags?post=6399"}],"curies":[{"name":"wp","href":"https:\/\/api.w.org\/{rel}","templated":true}]}}