{"id":6401,"date":"2024-06-26T07:22:15","date_gmt":"2024-06-26T05:22:15","guid":{"rendered":"https:\/\/serbenidorm.daliisolutions.com\/index.php\/2024\/06\/26\/la-nucia-confia-en-que-un-nuevo-centro-y-campo-de-golf-genere-hasta-450-puestos-de-trabajo\/"},"modified":"2024-06-26T07:22:15","modified_gmt":"2024-06-26T05:22:15","slug":"la-nucia-confia-en-que-un-nuevo-centro-y-campo-de-golf-genere-hasta-450-puestos-de-trabajo","status":"publish","type":"post","link":"https:\/\/serbenidorm.daliisolutions.com\/index.php\/2024\/06\/26\/la-nucia-confia-en-que-un-nuevo-centro-y-campo-de-golf-genere-hasta-450-puestos-de-trabajo\/","title":{"rendered":"La Nuc\u00eda conf\u00eda en que un nuevo centro y campo de golf genere hasta 450 puestos de trabajo"},"content":{"rendered":"  <p>36 millones de euros de inversi\u00f3n y 450 puestos de trabajo. El Ayuntamiento de La Nuc\u00eda ha aprobado la declaraci\u00f3n de inter\u00e9s p\u00fablico y admitido a tr\u00e1mite la solicitud presentada por la empresa Baj Golf Iberia SL, de la marca mundial Topgolf, para la concesi\u00f3n demanial de una parcela de 50.000 metros en el plan parcial de la Serreta en la que construir un centro deportivo. <\/p>   <p><a href=\"https:\/\/cadenaser.com\/tag\/la_nucia\/a\/\" target=\"_blank\" rel=\"noopener\">Una vez pasada la fase de exposici\u00f3n p\u00fablica para recibir alternativas a este proyecto, se adjudicar\u00e1 la construcci\u00f3n y explotaci\u00f3n del mismo por la que est\u00e1 pujando la mercantil internacional<\/a>, ha explicado el alcalde nuciero Bernab\u00e9 Cano destacando tambi\u00e9n que este proyecto \u00abnos situar\u00eda en el mapa del golf a nivel mundial\u201d.<\/p>   <p>Un proyecto que contempla la construcci\u00f3n de un edificio de tres plantas y aparcamiento en superficie para unas 500 plazas. En cuanto al \u00e1rea de deporte dispondr\u00e1 de una delimitada para la pr\u00e1ctica del golf, salas multiusos, restaurante\/cafeter\u00eda, peque\u00f1o comercio para la venta de art\u00edculos deportivos relacionados, vestuarios, oficinas y cuartos de instalaciones.<\/p>  <p><p class=\"tit\"><span>Hora 14 Benidorm (25\/06\/2024)<\/span><\/p> <p class=\"emb\"><iframe loading=\"lazy\" src=\"https:\/\/cadenaser.com\/embed\/audio\/460\/cadenaser_benidorm_hora14benidorm_20240625_141700_143000\/\" width=\"100%\" height=\"360\" frameborder=\"0\" allowfullscreen><\/iframe><\/p><\/p>   <p>Tambi\u00e9n pretender reducir el consumo de agua con la instalaci\u00f3n de sistemas \u00abm\u00e1s eficientes\u00bb con la reutilizaci\u00f3n del agua de lluvia, riego con agua reciclada y \u00abotras alternativas\u00bb. Igualmente, apuestan por reducir la generaci\u00f3n de residuos y un \u00abtratamiento adecuado\u00bb as\u00ed como un plan para evitar la contaminaci\u00f3n lum\u00ednica y el ruido.<\/p>   <p>La empresa prev\u00e9 unos ingresos anuales de 15,1 millones de euros y el consistorio recibir\u00e1 un canon anual en compensaci\u00f3n por que la sociedad explote el terreno municipal. Ingresos municipales junto a las licencias de obra y actividad y otros tributos e impuestos.<\/p>   <p>     .c-w{         max-width:444px;         width:100%;         margin:16px auto;      background:#00755E;         border-radius:4px;         display:flex;         align-items:center;         justify-content:center;     }     .c-w a{         display:flex;         align-items:center;         justify-content:center;         padding:4px 24px;     }     .c-w img{         width:24px;         margin-right:12px;     }     .c-w p{         font:18px\/25px Poppins;         text-align:center;         color:#fff;         margin:0;     }     @media (max-width:444px){         .c-w a{             padding:4px 12px;         }         .c-w img{             width:24px;             margin-right:8px;         }         .c-w p{             font:14px\/25px Poppins;         }     }     @media (max-width:335px){         .c-w p{             font:13px\/25px Poppins;         }     }  <div class=\"c-w\">     <a href=\"https:\/\/www.whatsapp.com\/channel\/0029Va633PF9WtC4l7XUzh1e\" target=\"_blank\" rel=\"noopener\">         <img decoding=\"async\" src=\"https:\/\/cadenaser.com\/estaticos\/recursosgraficos\/responsive\/img\/ico-whatsapp.svg\" alt=\"Whatsapp\">         <p>\u00danete al <b>canal de WhatsApp<\/b> de la SER<\/p>     <\/a> <\/div><\/p> ","protected":false},"excerpt":{"rendered":"<p>El Ayuntamiento ha aprobado su utilidad p\u00fablica y estar\u00eda terminado en 2026<\/p>\n","protected":false},"author":0,"featured_media":6402,"comment_status":"open","ping_status":"open","sticky":false,"template":"","format":"standard","meta":{"_acf_changed":false,"footnotes":""},"categories":[1],"tags":[],"class_list":["post-6401","post","type-post","status-publish","format-standard","has-post-thumbnail","hentry","category-sin-categoria"],"acf":{"ser_id":"KEDJWSJ3MBHXLELAKXR56A5OUU","ser_url":"https:\/\/cadenaser.com\/comunitat-valenciana\/2024\/06\/25\/la-nucia-confia-en-que-un-nuevo-centro-y-campo-de-golf-genere-hasta-450-puestos-de-trabajo-radio-benidorm\/"},"_links":{"self":[{"href":"https:\/\/serbenidorm.daliisolutions.com\/index.php\/wp-json\/wp\/v2\/posts\/6401","targetHints":{"allow":["GET"]}}],"collection":[{"href":"https:\/\/serbenidorm.daliisolutions.com\/index.php\/wp-json\/wp\/v2\/posts"}],"about":[{"href":"https:\/\/serbenidorm.daliisolutions.com\/index.php\/wp-json\/wp\/v2\/types\/post"}],"replies":[{"embeddable":true,"href":"https:\/\/serbenidorm.daliisolutions.com\/index.php\/wp-json\/wp\/v2\/comments?post=6401"}],"version-history":[{"count":0,"href":"https:\/\/serbenidorm.daliisolutions.com\/index.php\/wp-json\/wp\/v2\/posts\/6401\/revisions"}],"wp:featuredmedia":[{"embeddable":true,"href":"https:\/\/serbenidorm.daliisolutions.com\/index.php\/wp-json\/wp\/v2\/media\/6402"}],"wp:attachment":[{"href":"https:\/\/serbenidorm.daliisolutions.com\/index.php\/wp-json\/wp\/v2\/media?parent=6401"}],"wp:term":[{"taxonomy":"category","embeddable":true,"href":"https:\/\/serbenidorm.daliisolutions.com\/index.php\/wp-json\/wp\/v2\/categories?post=6401"},{"taxonomy":"post_tag","embeddable":true,"href":"https:\/\/serbenidorm.daliisolutions.com\/index.php\/wp-json\/wp\/v2\/tags?post=6401"}],"curies":[{"name":"wp","href":"https:\/\/api.w.org\/{rel}","templated":true}]}}