{"id":6403,"date":"2024-06-26T07:22:16","date_gmt":"2024-06-26T05:22:16","guid":{"rendered":"https:\/\/serbenidorm.daliisolutions.com\/index.php\/2024\/06\/26\/bodegas-masos-devuelve-al-interior-de-la-marina-baixa-la-secular-tradicion-viticultora\/"},"modified":"2024-06-26T07:22:16","modified_gmt":"2024-06-26T05:22:16","slug":"bodegas-masos-devuelve-al-interior-de-la-marina-baixa-la-secular-tradicion-viticultora","status":"publish","type":"post","link":"https:\/\/serbenidorm.daliisolutions.com\/index.php\/2024\/06\/26\/bodegas-masos-devuelve-al-interior-de-la-marina-baixa-la-secular-tradicion-viticultora\/","title":{"rendered":"Bodegas Masos devuelve al interior de la Marina Baixa la secular tradici\u00f3n viticultora"},"content":{"rendered":"  <p>El mes de junio ha tra\u00eddo ya el verano a la Marina Baixa y, a diferencia de lo sucedido en los \u00faltimos a\u00f1os, lo ha hecho con temperaturas muy suaves para lo que ya se hab\u00eda convertido en norma. Bajo estas condiciones envidiables, el paseo por los espectaculares vi\u00f1edos de Bodegas Masos ubicados en las inmediaciones del no menos espectacular Castell de Guadalest, se convierte en un placer para los cinco sentidos.<\/p>   <p>De la mano del sumiller Javier Velasco, Radio Benidorm-SER tuvo el placer y el privilegio de poder asistir a una visita privada a un proyecto que ver\u00e1 oficialmente la luz el pr\u00f3ximo viernes y que, entre otras muchas cosas, tiene como objetivo recuperar para el interior de la Marina Baixa su secular tradici\u00f3n viticultora, cortada de cuajo hace ahora cien a\u00f1os a causa de la plaga de filoxera que arruin\u00f3 cultivos en toda Europa.<\/p>  <p><figure><img loading=\"lazy\" decoding=\"async\" src=\"https:\/\/cadenaser.com\/resizer\/v2\/4OCWRABL4VAUZMNI5JQKNJU3G4.jpeg?auth=5afb42e81da43c74c42f225dfdc62487972af90e2315924bc79efa6a5dc60ada&amp;quality=70&amp;width=650&amp;height=487&amp;smart=true\" width=\"4\" height=\"3\" \/><\/figure><button class=\"bt-am\">Ampliar<\/button><\/p>   <p>Tras un siglo de barbecho, los bancales han recuperado no s\u00f3lo ese precioso color verde de la vid y sus uvas, sino tambi\u00e9n una vida que se evidencia en la danza de los insectos polinizadores y no pocos animales que deambulan por las inmediaciones devolviendo al entorno la vida que una vez perdi\u00f3.<\/p>   <p>Se trata, ha explicado Velasco, de un proyecto que (re)nace no s\u00f3lo centrado en la viticultura, sino tambi\u00e9n en el turismo y que aspira a convertirse en locomotora del crecimiento, en este caso sostenible (en el t\u00e9rmino m\u00e1s amplio de la palabra), del interior de la Marina Baixa.<\/p>   <p>All\u00ed, en una finca que de la que ya existen registros escritos en el \u2018Llibre del repartiment del Rey Jaume I\u2019 de 1237 y donde grandes figuras de la cultura valenciana como \u00d3scar Espl\u00e1 o Gabriel Mir\u00f3 se inspiraron para crear algunas de sus obras inmortales, hemos emitido una edici\u00f3n muy especial de La Ventana en la que, con la cultura del vino, la gastronom\u00eda y la historia como hilos conductores, hemos descubierto los secretos mejor guardados de la bodega y del reci\u00e9n nacido proyecto.<\/p>   <p>     .c-w{         max-width:444px;         width:100%;         margin:16px auto;      background:#00755E;         border-radius:4px;         display:flex;         align-items:center;         justify-content:center;     }     .c-w a{         display:flex;         align-items:center;         justify-content:center;         padding:4px 24px;     }     .c-w img{         width:24px;         margin-right:12px;     }     .c-w p{         font:18px\/25px Poppins;         text-align:center;         color:#fff;         margin:0;     }     @media (max-width:444px){         .c-w a{             padding:4px 12px;         }         .c-w img{             width:24px;             margin-right:8px;         }         .c-w p{             font:14px\/25px Poppins;         }     }     @media (max-width:335px){         .c-w p{             font:13px\/25px Poppins;         }     }  <div class=\"c-w\">     <a href=\"https:\/\/www.whatsapp.com\/channel\/0029Va633PF9WtC4l7XUzh1e\" target=\"_blank\" rel=\"noopener\">         <img decoding=\"async\" src=\"https:\/\/cadenaser.com\/estaticos\/recursosgraficos\/responsive\/img\/ico-whatsapp.svg\" alt=\"Whatsapp\">         <p>\u00danete al <b>canal de WhatsApp<\/b> de la SER<\/p>     <\/a> <\/div><\/p> ","protected":false},"excerpt":{"rendered":"<p>Javier Velasco, sumiller de la bodega con sede en Guadalest, fue el protagonista de La Ventana<\/p>\n","protected":false},"author":0,"featured_media":6404,"comment_status":"open","ping_status":"open","sticky":false,"template":"","format":"standard","meta":{"_acf_changed":false,"footnotes":""},"categories":[1],"tags":[],"class_list":["post-6403","post","type-post","status-publish","format-standard","has-post-thumbnail","hentry","category-sin-categoria"],"acf":{"ser_id":"X3K2ZUT6KFD6PB2AZVVQ5AHZNM","ser_url":"https:\/\/cadenaser.com\/comunitat-valenciana\/2024\/06\/25\/bodegas-masos-devuelve-al-interior-de-la-marina-baixa-la-secular-tradicion-viticultora-radio-benidorm\/"},"_links":{"self":[{"href":"https:\/\/serbenidorm.daliisolutions.com\/index.php\/wp-json\/wp\/v2\/posts\/6403","targetHints":{"allow":["GET"]}}],"collection":[{"href":"https:\/\/serbenidorm.daliisolutions.com\/index.php\/wp-json\/wp\/v2\/posts"}],"about":[{"href":"https:\/\/serbenidorm.daliisolutions.com\/index.php\/wp-json\/wp\/v2\/types\/post"}],"replies":[{"embeddable":true,"href":"https:\/\/serbenidorm.daliisolutions.com\/index.php\/wp-json\/wp\/v2\/comments?post=6403"}],"version-history":[{"count":0,"href":"https:\/\/serbenidorm.daliisolutions.com\/index.php\/wp-json\/wp\/v2\/posts\/6403\/revisions"}],"wp:featuredmedia":[{"embeddable":true,"href":"https:\/\/serbenidorm.daliisolutions.com\/index.php\/wp-json\/wp\/v2\/media\/6404"}],"wp:attachment":[{"href":"https:\/\/serbenidorm.daliisolutions.com\/index.php\/wp-json\/wp\/v2\/media?parent=6403"}],"wp:term":[{"taxonomy":"category","embeddable":true,"href":"https:\/\/serbenidorm.daliisolutions.com\/index.php\/wp-json\/wp\/v2\/categories?post=6403"},{"taxonomy":"post_tag","embeddable":true,"href":"https:\/\/serbenidorm.daliisolutions.com\/index.php\/wp-json\/wp\/v2\/tags?post=6403"}],"curies":[{"name":"wp","href":"https:\/\/api.w.org\/{rel}","templated":true}]}}