{"id":6405,"date":"2024-06-26T07:22:17","date_gmt":"2024-06-26T05:22:17","guid":{"rendered":"https:\/\/serbenidorm.daliisolutions.com\/index.php\/2024\/06\/26\/el-consorci-mare-destinara-200-000-euros-a-tres-islas-ecologicas-y-otro-ecoparque-movil-para-los-municipios-pequenos-de-las-marinas\/"},"modified":"2024-06-26T07:22:17","modified_gmt":"2024-06-26T05:22:17","slug":"el-consorci-mare-destinara-200-000-euros-a-tres-islas-ecologicas-y-otro-ecoparque-movil-para-los-municipios-pequenos-de-las-marinas","status":"publish","type":"post","link":"https:\/\/serbenidorm.daliisolutions.com\/index.php\/2024\/06\/26\/el-consorci-mare-destinara-200-000-euros-a-tres-islas-ecologicas-y-otro-ecoparque-movil-para-los-municipios-pequenos-de-las-marinas\/","title":{"rendered":"El Consorci Mare destinar\u00e1 200.000 euros a tres islas ecol\u00f3gicas y otro ecoparque m\u00f3vil para los municipios peque\u00f1os de las Marinas"},"content":{"rendered":"  <p>El Consorci Mare, que se encarga de la gesti\u00f3n de residuos de las dos Marinas y El Campello, va a incorporar pr\u00f3ximamente tres islas ecol\u00f3gicas y un nuevo ecoparque m\u00f3vil con una inversi\u00f3n que rondar\u00e1 los 200.000 euros.<\/p>   <p>As\u00ed lo ha asegurado a <a href=\"https:\/\/cadenaser.com\/tag\/benidorm\/a\/\" target=\"_blank\" rel=\"noopener\">Hoy por Hoy Benidorm<\/a> el presidente de la entidad Jos\u00e9 Ram\u00f3n Gonz\u00e1lez de Z\u00e1rate quien ha afirmado que la adquisici\u00f3n de estos nuevos elementos \u201cque prestar\u00e1n servicio, especialmente, a los municipios m\u00e1s peque\u00f1os\u201d se licitar\u00e1 \u201cen breve\u201d y con un precio de partida de 35.000 euros cada isla ecol\u00f3gica sujeto a las posibles mejoras ofrecidas por los licitadores.<\/p>   <p>El objetivo de Cosorci Mare es que estas islas ecol\u00f3gicas puedan estar operativas para el mes de septiembre. \u201cPondremos una de ellas en uno de los municipios peque\u00f1os de la Marina Baixa, previsiblemente en Relleu, y otra en la Marina Alta, en uno de los pueblecitos de la Vall de Gallinera que son los que m\u00e1s dificultades tienen a nivel presupuestario y de accesibilidad para poder gestionar los residuos\u201d, ha se\u00f1alado a Radio Benidorm Gonz\u00e1lez de Z\u00e1rate.<\/p>  <p><p>M\u00e1s informaci\u00f3n<\/p><figure><img loading=\"lazy\" decoding=\"async\" src=\"https:\/\/cadenaser.com\/resizer\/v2\/QYFUYZTJUFBZRBWPIECTZD7E5M.jpg?auth=027580097b3288fe7be788bd41d700afbdbae3a267868835dbe637c516ca5e7c&amp;quality=70&amp;width=360&amp;height=202&amp;smart=true\" width=\"820\" height=\"621\" \/><\/figure><ul><li><a href=\"https:\/\/cadenaser.com\/comunitat-valenciana\/2024\/06\/25\/a-que-va-a-destinar-benidorm-los-casi-11-millones-de-euros-que-va-a-incorporar-a-su-presupuesto-radio-benidorm\/\"><span>\u00bfA qu\u00e9 va a destinar Benidorm los casi 11 millones de euros que va a incorporar a su presupuesto?<\/span><\/a><\/li><\/ul><\/p>   <p>La tercera de las islas ecol\u00f3gicas no tiene a\u00fan definida ubicaci\u00f3n aunque el presiente del Consorci Mare valora ubicarla tambi\u00e9n en la Marina Alta dado que los municipios de la Marina Baixa est\u00e1n mas cerca y con mejores accesos a la planta de tratamiento de El Campello. En cualquier caso ha asegurado que su objetivo es que \u201ctodos los municipios peque\u00f1os acaben teniendo este servicio\u201d.<\/p>   <p>Asimismo la entidad tiene previsto crear tres zonas de aportaci\u00f3n, tambi\u00e9n para dar cobertura a las dos Marinas, en las que los ayuntamientos ceder\u00edan terreno y el Consorci se encargar\u00eda de la dotaci\u00f3n de personal y material para atender estas zonas as\u00ed como del mantenimiento de las mismas. La inversi\u00f3n prevista en este caso ronda los 40.000 euros por cada una de estas tres zonas.<\/p>   <p>     .c-w{         max-width:444px;         width:100%;         margin:16px auto;      background:#00755E;         border-radius:4px;         display:flex;         align-items:center;         justify-content:center;     }     .c-w a{         display:flex;         align-items:center;         justify-content:center;         padding:4px 24px;     }     .c-w img{         width:24px;         margin-right:12px;     }     .c-w p{         font:18px\/25px Poppins;         text-align:center;         color:#fff;         margin:0;     }     @media (max-width:444px){         .c-w a{             padding:4px 12px;         }         .c-w img{             width:24px;             margin-right:8px;         }         .c-w p{             font:14px\/25px Poppins;         }     }     @media (max-width:335px){         .c-w p{             font:13px\/25px Poppins;         }     }  <div class=\"c-w\">     <a href=\"https:\/\/www.whatsapp.com\/channel\/0029Va633PF9WtC4l7XUzh1e\" target=\"_blank\" rel=\"noopener\">         <img decoding=\"async\" src=\"https:\/\/cadenaser.com\/estaticos\/recursosgraficos\/responsive\/img\/ico-whatsapp.svg\" alt=\"Whatsapp\">         <p>\u00danete al <b>canal de WhatsApp<\/b> de la SER<\/p>     <\/a> <\/div><\/p>   <p>Se trata de una zona, ubicada en puntos estrat\u00e9gicos y con buena conexi\u00f3n y comunicaciones, que \u201cfunciona como un ecoparque peque\u00f1o y en la que los vecinos pueden depositar all\u00ed sus enseres, materiales o sus residuos y luego desde el Consorci se lo recogemos\u201d, explica. Adem\u00e1s el presidente del Consorci asegura que con estas zonas se produce \u201cun doble ahorro\u201d porque por un lado los municipios peque\u00f1os ahorran recursos municipales y personal en el traslado de estos res\u00edduos y por otro al Consorci le cuesta m\u00e1s barato la eliminaci\u00f3n de cada tonelada al tener un mayor volumen gracias a este servicio conjunto.<\/p>   <p>Por \u00faltimo, Jos\u00e9 Ram\u00f3n Gonz\u00e1lez de Z\u00e1rate ha anunciado la contrataci\u00f3n de otros 6 educadores ambientales gracias a una subvenci\u00f3n de 120.000 euros procedentes de fondos europeos. Estos nuevos educadores se sumar\u00edan a los dos con los que ya cuenta el Consorci Mare.<\/p> ","protected":false},"excerpt":{"rendered":"<p>Jose Ram\u00f3n Gonz\u00e1lez de Z\u00e1rate negocia con los ayuntamientos la cesi\u00f3n de terrenos para ubicar tres zonas de aportaci\u00f3n<\/p>\n","protected":false},"author":0,"featured_media":6406,"comment_status":"open","ping_status":"open","sticky":false,"template":"","format":"standard","meta":{"_acf_changed":false,"footnotes":""},"categories":[1],"tags":[],"class_list":["post-6405","post","type-post","status-publish","format-standard","has-post-thumbnail","hentry","category-sin-categoria"],"acf":{"ser_id":"DPSNJELSSFC27MIR2APBVQBRBM","ser_url":"https:\/\/cadenaser.com\/comunitat-valenciana\/2024\/06\/25\/el-consorci-mare-destinara-200000-euros-a-tres-islas-ecologicas-y-otro-ecoparque-movil-para-los-municipios-pequenos-de-las-marinas-radio-benidorm\/"},"_links":{"self":[{"href":"https:\/\/serbenidorm.daliisolutions.com\/index.php\/wp-json\/wp\/v2\/posts\/6405","targetHints":{"allow":["GET"]}}],"collection":[{"href":"https:\/\/serbenidorm.daliisolutions.com\/index.php\/wp-json\/wp\/v2\/posts"}],"about":[{"href":"https:\/\/serbenidorm.daliisolutions.com\/index.php\/wp-json\/wp\/v2\/types\/post"}],"replies":[{"embeddable":true,"href":"https:\/\/serbenidorm.daliisolutions.com\/index.php\/wp-json\/wp\/v2\/comments?post=6405"}],"version-history":[{"count":0,"href":"https:\/\/serbenidorm.daliisolutions.com\/index.php\/wp-json\/wp\/v2\/posts\/6405\/revisions"}],"wp:featuredmedia":[{"embeddable":true,"href":"https:\/\/serbenidorm.daliisolutions.com\/index.php\/wp-json\/wp\/v2\/media\/6406"}],"wp:attachment":[{"href":"https:\/\/serbenidorm.daliisolutions.com\/index.php\/wp-json\/wp\/v2\/media?parent=6405"}],"wp:term":[{"taxonomy":"category","embeddable":true,"href":"https:\/\/serbenidorm.daliisolutions.com\/index.php\/wp-json\/wp\/v2\/categories?post=6405"},{"taxonomy":"post_tag","embeddable":true,"href":"https:\/\/serbenidorm.daliisolutions.com\/index.php\/wp-json\/wp\/v2\/tags?post=6405"}],"curies":[{"name":"wp","href":"https:\/\/api.w.org\/{rel}","templated":true}]}}