{"id":6441,"date":"2024-06-26T13:30:06","date_gmt":"2024-06-26T11:30:06","guid":{"rendered":"https:\/\/serbenidorm.daliisolutions.com\/index.php\/2024\/06\/26\/un-viaje-de-polo-a-polo-sin-salir-del-centro-de-benidorm\/"},"modified":"2024-06-26T13:30:06","modified_gmt":"2024-06-26T11:30:06","slug":"un-viaje-de-polo-a-polo-sin-salir-del-centro-de-benidorm","status":"publish","type":"post","link":"https:\/\/serbenidorm.daliisolutions.com\/index.php\/2024\/06\/26\/un-viaje-de-polo-a-polo-sin-salir-del-centro-de-benidorm\/","title":{"rendered":"Un viaje \u00abde Polo a Polo\u00bb sin salir del centro de Benidorm"},"content":{"rendered":"  <p>Mariposas que viajan decenas de miles de kil\u00f3metros, un oso polar caminando sobre un hielo que se deshace o un leopardo que cost\u00f3  hasta 13 meses fotografiar son solo algunas de las 52 im\u00e1genes que se pueden visitar hasta el 22 de julio en la plaza del Ayuntamiento de Benidorm.<\/p>   <p>Sus autores son una treintena de fot\u00f3grafos internacionales como Frans Lanting, Steve Winter, Paul Nicklen y Tim Laman que revelan, con el sello de la <i>National Geographic Society<\/i>, \u00abla belleza y la fragilidad del mundo\u00bb para lanzar un mensaje de concienciaci\u00f3n sobre la emergencia clim\u00e1tica.<\/p>   <p>La exposici\u00f3n <a href=\"https:\/\/cadenaser.com\/tag\/benidorm\/a\/\" target=\"_blank\" rel=\"noopener\">\u00abde Polo a Polo, un viaje fotogr\u00e1fico por los \u00faltimos para\u00edsos naturales del planeta\u00bb<\/a>, que llega a la capital tur\u00edstica de la Comunitat Valenciana de la mano de la Fundaci\u00f3n La Caixa, se ha inaugurado este mi\u00e9rcoles ante la atenta mirada de vecinos y turistas que transitaban esta zona del centro.<\/p>  <p><p>M\u00e1s informaci\u00f3n<\/p><figure><img loading=\"lazy\" decoding=\"async\" src=\"https:\/\/cadenaser.com\/resizer\/v2\/54FYLQKHQ5GFNHFU6OQ7KGH7Q4.jpeg?auth=8b7d9d2bc635ca5d821caee2039bb9519a5b3bf50835019c93f2f3fcd7ffcfe2&amp;quality=70&amp;width=360&amp;height=202&amp;smart=true\" width=\"820\" height=\"621\" \/><\/figure><ul><li><a href=\"https:\/\/cadenaser.com\/comunitat-valenciana\/2024\/06\/25\/bodegas-masos-devuelve-al-interior-de-la-marina-baixa-la-secular-tradicion-viticultora-radio-benidorm\/\"><span>Bodegas Masos devuelve al interior de la Marina Baixa la secular tradici\u00f3n viticultora<\/span><\/a><\/li><\/ul><\/p>   <p>El comisario de la muestra, Jaume Marl\u00e8s, ha destacado en esa presentaci\u00f3n que \u00abeste patrimonio biol\u00f3gico es esencial para los humanos porque aporta alimentos, medicinas, regula el clima&#8230;\u00bb. La transformaci\u00f3n del entorno como consecuencia de la actividad humana es enorme, ha alertado.<\/p>   <p>Desde 1999 la fundaci\u00f3n La Caixa ha trasladado 17 exposiciones a Benidorm; esta \u00faltima, \u00abDe Polo a Polo\u00bb, estar\u00e1 en la plaza del Ayuntamiento hasta el 22 de julio. Los paneles se van a poder visitar durante todo el d\u00eda y permanecer\u00e1n iluminados durante la noche, cuando se van a hacer visitas guiadas en espa\u00f1ol y valenciano. <\/p>   <p>     .c-w{         max-width:444px;         width:100%;         margin:16px auto;      background:#00755E;         border-radius:4px;         display:flex;         align-items:center;         justify-content:center;     }     .c-w a{         display:flex;         align-items:center;         justify-content:center;         padding:4px 24px;     }     .c-w img{         width:24px;         margin-right:12px;     }     .c-w p{         font:18px\/25px Poppins;         text-align:center;         color:#fff;         margin:0;     }     @media (max-width:444px){         .c-w a{             padding:4px 12px;         }         .c-w img{             width:24px;             margin-right:8px;         }         .c-w p{             font:14px\/25px Poppins;         }     }     @media (max-width:335px){         .c-w p{             font:13px\/25px Poppins;         }     }  <div class=\"c-w\">     <a href=\"https:\/\/www.whatsapp.com\/channel\/0029Va633PF9WtC4l7XUzh1e\" target=\"_blank\" rel=\"noopener\">         <img decoding=\"async\" src=\"https:\/\/cadenaser.com\/estaticos\/recursosgraficos\/responsive\/img\/ico-whatsapp.svg\" alt=\"Whatsapp\">         <p>\u00danete al <b>canal de WhatsApp<\/b> de la SER<\/p>     <\/a> <\/div><\/p>   <p>Visitas guiadas para el p\u00fablico general<\/p>   <p><li>En valenciano:<\/li><\/p>   <p>Martes y jueves, a las 21 h<\/p>   <p>S\u00e1bados y domingos a las 20 h<\/p>   <p><li>En castellano:<\/li><\/p>   <p>Mi\u00e9rcoles y viernes, a las 21 h<\/p>   <p>S\u00e1bados y domingos, a las 21 y 22 h<\/p>   <p><li>Reserva las entradas en <a href=\"http:\/\/CaixaForum.org\" target=\"_blank\" rel=\"noopener\">CaixaForum.org<\/a><\/li><li>Visitas guiadas para grupos escolares y otros colectivos<\/li><li>Previa cita, llamando al 900 80 11 37<\/li><\/p> ","protected":false},"excerpt":{"rendered":"<p>La plaza del Ayuntamiento acoge un viaje fotogr\u00e1fico por los \u00faltimos para\u00edsos naturales del planeta hasta el 22 de julio<\/p>\n","protected":false},"author":0,"featured_media":6442,"comment_status":"open","ping_status":"open","sticky":false,"template":"","format":"standard","meta":{"_acf_changed":false,"footnotes":""},"categories":[1],"tags":[],"class_list":["post-6441","post","type-post","status-publish","format-standard","has-post-thumbnail","hentry","category-sin-categoria"],"acf":{"ser_id":"O4ME325FVNHA5IFENPF22GN45E","ser_url":"https:\/\/cadenaser.com\/comunitat-valenciana\/2024\/06\/26\/un-viaje-de-polo-a-polo-sin-salir-del-centro-de-benidorm-radio-benidorm\/"},"_links":{"self":[{"href":"https:\/\/serbenidorm.daliisolutions.com\/index.php\/wp-json\/wp\/v2\/posts\/6441","targetHints":{"allow":["GET"]}}],"collection":[{"href":"https:\/\/serbenidorm.daliisolutions.com\/index.php\/wp-json\/wp\/v2\/posts"}],"about":[{"href":"https:\/\/serbenidorm.daliisolutions.com\/index.php\/wp-json\/wp\/v2\/types\/post"}],"replies":[{"embeddable":true,"href":"https:\/\/serbenidorm.daliisolutions.com\/index.php\/wp-json\/wp\/v2\/comments?post=6441"}],"version-history":[{"count":0,"href":"https:\/\/serbenidorm.daliisolutions.com\/index.php\/wp-json\/wp\/v2\/posts\/6441\/revisions"}],"wp:featuredmedia":[{"embeddable":true,"href":"https:\/\/serbenidorm.daliisolutions.com\/index.php\/wp-json\/wp\/v2\/media\/6442"}],"wp:attachment":[{"href":"https:\/\/serbenidorm.daliisolutions.com\/index.php\/wp-json\/wp\/v2\/media?parent=6441"}],"wp:term":[{"taxonomy":"category","embeddable":true,"href":"https:\/\/serbenidorm.daliisolutions.com\/index.php\/wp-json\/wp\/v2\/categories?post=6441"},{"taxonomy":"post_tag","embeddable":true,"href":"https:\/\/serbenidorm.daliisolutions.com\/index.php\/wp-json\/wp\/v2\/tags?post=6441"}],"curies":[{"name":"wp","href":"https:\/\/api.w.org\/{rel}","templated":true}]}}