{"id":6449,"date":"2024-06-26T16:14:07","date_gmt":"2024-06-26T14:14:07","guid":{"rendered":"https:\/\/serbenidorm.daliisolutions.com\/index.php\/2024\/06\/26\/la-vila-joiosa-hacia-la-ciudad-inteligente-instalan-antenas-sensores-y-camaras-en-todo-el-termino-municipal\/"},"modified":"2024-06-26T16:14:07","modified_gmt":"2024-06-26T14:14:07","slug":"la-vila-joiosa-hacia-la-ciudad-inteligente-instalan-antenas-sensores-y-camaras-en-todo-el-termino-municipal","status":"publish","type":"post","link":"https:\/\/serbenidorm.daliisolutions.com\/index.php\/2024\/06\/26\/la-vila-joiosa-hacia-la-ciudad-inteligente-instalan-antenas-sensores-y-camaras-en-todo-el-termino-municipal\/","title":{"rendered":"La Vila Joiosa hacia la ciudad inteligente: instalan antenas, sensores y c\u00e1maras en todo el t\u00e9rmino municipal"},"content":{"rendered":"  <p>La Vila Joiosa<\/p>   <p>El Ayuntamiento de La Vila Joiosa ha empezado ya a instalar las antenas sobre las que se construir\u00e1 la red b\u00e1sica de comunicaciones para monitorizar la situaci\u00f3n de distintos par\u00e1metros de todo el t\u00e9rmino municipal en tiempo real.<\/p>   <p>Con este mapa de antenas, distribuidas en edificios y terrenos p\u00fablicos, se dispondr\u00e1 de comunicaci\u00f3n inal\u00e1mbrica de banda ancha para dar servicio al sistema de c\u00e1maras y sensores inteligentes que capturar\u00e1n los datos de distintos servicios municipales<a href=\"https:\/\/cadenaser.com\/tag\/vila_joiosa\/a\/\" target=\"_blank\" rel=\"noopener\"> dentro de la estrategia de ciudad inteligente, objeto de las actuaciones Smart City<\/a>. <\/p>   <p>Estos datos se destinar\u00e1n, por ejemplo, a mejorar la movilidad, como es el caso del control de las plazas libres en los aparcamientos disuasorios, el control del tr\u00e1fico rodado, la huella de carbono, el control de aforo en recintos y espacios p\u00fablicos, como playas y parques, el consumo de agua por sectores o el nivel de llenado de los contenedores de residuos, entre otros. <\/p>  <p><p>M\u00e1s informaci\u00f3n<\/p><figure><img loading=\"lazy\" decoding=\"async\" src=\"https:\/\/cadenaser.com\/resizer\/v2\/FREY5XBFPVEONOKHJBYV7MFQXA.jpg?auth=89648b1600f6082ee398d4445d8d84a864c40955535f0c7ef0e5ad740c8d09f7&amp;quality=70&amp;width=360&amp;height=202&amp;smart=true\" width=\"820\" height=\"621\" \/><\/figure><ul><li><a href=\"https:\/\/cadenaser.com\/comunitat-valenciana\/2023\/10\/13\/asi-funciona-el-cerebro-de-benidorm-la-oficina-inteligente-que-lo-calcula-casi-todo-radio-benidorm\/\"><span>As\u00ed funciona el &#8216;cerebro&#8217; de Benidorm: la oficina inteligente que lo calcula (casi) todo<\/span><\/a><\/li><\/ul><\/p>   <p>Estas mediciones servir\u00e1n tambi\u00e9n para consolidar el modelo de Destino Tur\u00edstico Inteligente (DTI), que se basa en el tratamiento de los datos que generan los servicios p\u00fablicos desde la tecnolog\u00eda, y que Benidorm aplica de manera plana desde hace seis a\u00f1os.<\/p>   <p>El edil de Ciudad Inteligente y Urbanismo, Pedro Ramis, expone que \u201cya hemos iniciado el proceso para convertir a La Vila Joiosa en una ciudad inteligente y aplicar nuevas tecnolog\u00edas en la gesti\u00f3n de la ciudad con el fin de mejorar los servicios a la ciudadan\u00eda\u201d.<\/p>   <p>     .c-w{         max-width:444px;         width:100%;         margin:16px auto;      background:#00755E;         border-radius:4px;         display:flex;         align-items:center;         justify-content:center;     }     .c-w a{         display:flex;         align-items:center;         justify-content:center;         padding:4px 24px;     }     .c-w img{         width:24px;         margin-right:12px;     }     .c-w p{         font:18px\/25px Poppins;         text-align:center;         color:#fff;         margin:0;     }     @media (max-width:444px){         .c-w a{             padding:4px 12px;         }         .c-w img{             width:24px;             margin-right:8px;         }         .c-w p{             font:14px\/25px Poppins;         }     }     @media (max-width:335px){         .c-w p{             font:13px\/25px Poppins;         }     }  <div class=\"c-w\">     <a href=\"https:\/\/www.whatsapp.com\/channel\/0029Va633PF9WtC4l7XUzh1e\" target=\"_blank\" rel=\"noopener\">         <img decoding=\"async\" src=\"https:\/\/cadenaser.com\/estaticos\/recursosgraficos\/responsive\/img\/ico-whatsapp.svg\" alt=\"Whatsapp\">         <p>\u00danete al <b>canal de WhatsApp<\/b> de la SER<\/p>     <\/a> <\/div><\/p> ","protected":false},"excerpt":{"rendered":"<p>Para monitorizar distintos par\u00e1metros en tiempo real<\/p>\n","protected":false},"author":0,"featured_media":6450,"comment_status":"open","ping_status":"open","sticky":false,"template":"","format":"standard","meta":{"_acf_changed":false,"footnotes":""},"categories":[1],"tags":[],"class_list":["post-6449","post","type-post","status-publish","format-standard","has-post-thumbnail","hentry","category-sin-categoria"],"acf":{"ser_id":"FDCUV74HAFF6PFKTH3DD3K5MDE","ser_url":"https:\/\/cadenaser.com\/comunitat-valenciana\/2024\/06\/26\/la-vila-joiosa-hacia-la-ciudad-inteligente-instalan-antenas-sensores-y-camaras-en-todo-el-termino-municipal-radio-benidorm\/"},"_links":{"self":[{"href":"https:\/\/serbenidorm.daliisolutions.com\/index.php\/wp-json\/wp\/v2\/posts\/6449","targetHints":{"allow":["GET"]}}],"collection":[{"href":"https:\/\/serbenidorm.daliisolutions.com\/index.php\/wp-json\/wp\/v2\/posts"}],"about":[{"href":"https:\/\/serbenidorm.daliisolutions.com\/index.php\/wp-json\/wp\/v2\/types\/post"}],"replies":[{"embeddable":true,"href":"https:\/\/serbenidorm.daliisolutions.com\/index.php\/wp-json\/wp\/v2\/comments?post=6449"}],"version-history":[{"count":0,"href":"https:\/\/serbenidorm.daliisolutions.com\/index.php\/wp-json\/wp\/v2\/posts\/6449\/revisions"}],"wp:featuredmedia":[{"embeddable":true,"href":"https:\/\/serbenidorm.daliisolutions.com\/index.php\/wp-json\/wp\/v2\/media\/6450"}],"wp:attachment":[{"href":"https:\/\/serbenidorm.daliisolutions.com\/index.php\/wp-json\/wp\/v2\/media?parent=6449"}],"wp:term":[{"taxonomy":"category","embeddable":true,"href":"https:\/\/serbenidorm.daliisolutions.com\/index.php\/wp-json\/wp\/v2\/categories?post=6449"},{"taxonomy":"post_tag","embeddable":true,"href":"https:\/\/serbenidorm.daliisolutions.com\/index.php\/wp-json\/wp\/v2\/tags?post=6449"}],"curies":[{"name":"wp","href":"https:\/\/api.w.org\/{rel}","templated":true}]}}