{"id":6462,"date":"2024-06-26T20:00:24","date_gmt":"2024-06-26T18:00:24","guid":{"rendered":"https:\/\/serbenidorm.daliisolutions.com\/index.php\/2024\/06\/26\/la-asociacion-de-alzheimer-de-la-marina-baixa-reclama-a-la-administracion-soluciones-urgentes-para-evitar-su-desaparicion\/"},"modified":"2024-06-26T20:00:24","modified_gmt":"2024-06-26T18:00:24","slug":"la-asociacion-de-alzheimer-de-la-marina-baixa-reclama-a-la-administracion-soluciones-urgentes-para-evitar-su-desaparicion","status":"publish","type":"post","link":"https:\/\/serbenidorm.daliisolutions.com\/index.php\/2024\/06\/26\/la-asociacion-de-alzheimer-de-la-marina-baixa-reclama-a-la-administracion-soluciones-urgentes-para-evitar-su-desaparicion\/","title":{"rendered":"La Asociaci\u00f3n de Alzheimer de la Marina Baixa reclama a la administraci\u00f3n soluciones urgentes para evitar su desaparici\u00f3n"},"content":{"rendered":"  <p>Benidorm<\/p>   <p>Hace ya casi tres d\u00e9cadas un grupo de familias que buscaban recursos y apoyos fundaron AFA, la Asociaci\u00f3n de Alzheimer de la Marina Baixa, con sede en el <a href=\"https:\/\/cadenaser.com\/tag\/benidorm\/a\/\" target=\"_blank\" rel=\"noopener\">c<\/a><a href=\"https:\/\/cadenaser.com\/tag\/benidorm\/a\/\" target=\"_blank\" rel=\"noopener\">entro social Pepa Esperanza de Benidorm<\/a>. Ahora su viabilidad econ\u00f3mica se ha tornado m\u00e1s que complicada debido a la suspensi\u00f3n de una subvenci\u00f3n de la Generalitat Valenciana en 2023 y a la demora en el pago de una nueva l\u00ednea para cubrir ese a\u00f1o pasado y el actual.<\/p>   <p>La t\u00e9cnica de AFA, Inma Grimalt, ha explicado en <a href=\"https:\/\/cadenaser.com\/tag\/comarca_la_marina_baixa\/a\/\" target=\"_blank\" rel=\"noopener\">La Ventana de la Marina Baixa <\/a>c\u00f3mo siguen a espera de que la conselleria de Bienestar Social publique la resoluci\u00f3n de esta ayuda: \u00abNo sabemos de qu\u00e9 cantidad econ\u00f3mica se trata ni cu\u00e1ndo llegar\u00eda\u00bb. El plazo para resolver que tiene la administraci\u00f3n es de seis meses y luego tocar\u00eda esperar de nuevo para que se efect\u00fae el pago.<\/p>  <p><p>M\u00e1s informaci\u00f3n<\/p><figure><img loading=\"lazy\" decoding=\"async\" src=\"https:\/\/cadenaser.com\/resizer\/v2\/4UXQO7QXORBONBNWGO4MVN7LCQ.jpg?auth=908ce37ce205345f40a4ede3a20d2ac0d5582582fee445b15f839fe2a922dc9b&amp;quality=70&amp;width=360&amp;height=202&amp;smart=true\" width=\"820\" height=\"621\" \/><\/figure><ul><li><a href=\"https:\/\/cadenaser.com\/nacional\/2023\/09\/19\/radiografia-del-alzheimer-el-mal-del-olvido-cadena-ser\/\"><span>Radiograf\u00eda del Alzheimer, el mal del olvido<\/span><\/a><\/li><\/ul><\/p>   <p>\u00abNosotras hemos tirado el dinero que ya ten\u00edamos y por ah\u00ed hemos solventado el tema hasta ahora, pero la situaci\u00f3n ya es cr\u00edtica y as\u00ed se lo hemos hecho saber a la administraci\u00f3n\u00bb, ha a\u00f1adido.<\/p>   <p>Por su parte, Garbi\u00f1e Mondrag\u00f3n, presidenta de la organizaci\u00f3n, ha detallado que su \u00e1rea terap\u00e9utica atiende tanto a los pacientes con esta enfermedad neurodegenerativa como a sus familiares y principales cuidadores. Un cuidado diario de lunes a viernes que es posible gracias a tres auxiliares y tres t\u00e9cnicos en \u00e1mbitos como la neuropsicolog\u00eda o la fisioterapia: \u00abLamentablemente no tenemos medios para tener terapeuta ocupacional\u00bb.<\/p>   <p>La presidenta de AFA a las administraciones: \u00abEstamos haciendo vuestro trabajo\u00bb<\/p>   <p>Mondrag\u00f3n se indigna visiblemente cuando reivindica esa labor de AFA Marina Baixa que tambi\u00e9n consiste en sensibilizar sobre el Alzheimer a la sociedad local: \u00ab\u00bfCerramos la puerta, nos vamos y dejamos a los usuarios desamparados?\u00bb. La situaci\u00f3n, subraya, pasa en este momento por paralizar el servicio y disolver la asociaci\u00f3n. Los seguros sociales son el pago inminente que todav\u00eda no saben c\u00f3mo van a afrontar.<\/p>   <p>     .c-w{         max-width:444px;         width:100%;         margin:16px auto;      background:#00755E;         border-radius:4px;         display:flex;         align-items:center;         justify-content:center;     }     .c-w a{         display:flex;         align-items:center;         justify-content:center;         padding:4px 24px;     }     .c-w img{         width:24px;         margin-right:12px;     }     .c-w p{         font:18px\/25px Poppins;         text-align:center;         color:#fff;         margin:0;     }     @media (max-width:444px){         .c-w a{             padding:4px 12px;         }         .c-w img{             width:24px;             margin-right:8px;         }         .c-w p{             font:14px\/25px Poppins;         }     }     @media (max-width:335px){         .c-w p{             font:13px\/25px Poppins;         }     }  <div class=\"c-w\">     <a href=\"https:\/\/www.whatsapp.com\/channel\/0029Va633PF9WtC4l7XUzh1e\" target=\"_blank\" rel=\"noopener\">         <img decoding=\"async\" src=\"https:\/\/cadenaser.com\/estaticos\/recursosgraficos\/responsive\/img\/ico-whatsapp.svg\" alt=\"Whatsapp\">         <p>\u00danete al <b>canal de WhatsApp<\/b> de la SER<\/p>     <\/a> <\/div><\/p>   <p>Solo lo primero, seg\u00fan ha precisado la t\u00e9cnica, har\u00eda que un centenar de personas con demencia m\u00e1s sus acompa\u00f1antes se queden sin asesoramiento, atenci\u00f3n psicol\u00f3gica individual y grupal, estimulaci\u00f3n cognitiva, ocio inclusivo, transporte o comedor.<\/p>   <p>\u00abEn los centros de d\u00eda y residencias no hay plazas\u00bb, lamenta una cuidadora<\/p>   <p>Leonor Fuentes es socia desde hace un a\u00f1o. Su marido tiene Alzheimer y para ella el apoyo de AFA es fundamental: \u00abEs el \u00fanico centro preparado para cuando tienes ese problema, en los centros de d\u00eda y residencias no hay plazas&#8230; \u00bfSi esto cierra qu\u00e9 vamos a hacer?\u00bb, se pregunta.<\/p>   <p>Leonor empez\u00f3 a escribir a ra\u00edz del diagn\u00f3stico de su pareja como \u00abuna v\u00eda de escape\u00bb y ya ha publicado dos libros. El segundo, \u00abEl tercer cuaderno\u00bb (Editorial Metamorfosis), acaba de salir a la venta y ella ha decidido que todo lo que se recaude ir\u00e1 destinado a la asociaci\u00f3n. En esta novela el lector encontrar\u00e1 una historia de abusos en el seno de la Iglesia y de su superaci\u00f3n.<\/p> ","protected":false},"excerpt":{"rendered":"<p>M\u00e1s de un centenar de pacientes, familiares y cuidadores recurren a sus servicios a diario: \u00ab\u00bfSi esto cierra qu\u00e9 vamos a hacer?\u00bb<\/p>\n","protected":false},"author":0,"featured_media":6463,"comment_status":"open","ping_status":"open","sticky":false,"template":"","format":"standard","meta":{"_acf_changed":false,"footnotes":""},"categories":[1],"tags":[],"class_list":["post-6462","post","type-post","status-publish","format-standard","has-post-thumbnail","hentry","category-sin-categoria"],"acf":{"ser_id":"4FTSQXIWFVACBOQ6YGPPX33OHM","ser_url":"https:\/\/cadenaser.com\/comunitat-valenciana\/2024\/06\/26\/la-asociacion-de-alzheimer-de-la-marina-baixa-reclama-a-la-administracion-soluciones-urgentes-para-evitar-su-desaparicion-radio-benidorm\/"},"_links":{"self":[{"href":"https:\/\/serbenidorm.daliisolutions.com\/index.php\/wp-json\/wp\/v2\/posts\/6462","targetHints":{"allow":["GET"]}}],"collection":[{"href":"https:\/\/serbenidorm.daliisolutions.com\/index.php\/wp-json\/wp\/v2\/posts"}],"about":[{"href":"https:\/\/serbenidorm.daliisolutions.com\/index.php\/wp-json\/wp\/v2\/types\/post"}],"replies":[{"embeddable":true,"href":"https:\/\/serbenidorm.daliisolutions.com\/index.php\/wp-json\/wp\/v2\/comments?post=6462"}],"version-history":[{"count":0,"href":"https:\/\/serbenidorm.daliisolutions.com\/index.php\/wp-json\/wp\/v2\/posts\/6462\/revisions"}],"wp:featuredmedia":[{"embeddable":true,"href":"https:\/\/serbenidorm.daliisolutions.com\/index.php\/wp-json\/wp\/v2\/media\/6463"}],"wp:attachment":[{"href":"https:\/\/serbenidorm.daliisolutions.com\/index.php\/wp-json\/wp\/v2\/media?parent=6462"}],"wp:term":[{"taxonomy":"category","embeddable":true,"href":"https:\/\/serbenidorm.daliisolutions.com\/index.php\/wp-json\/wp\/v2\/categories?post=6462"},{"taxonomy":"post_tag","embeddable":true,"href":"https:\/\/serbenidorm.daliisolutions.com\/index.php\/wp-json\/wp\/v2\/tags?post=6462"}],"curies":[{"name":"wp","href":"https:\/\/api.w.org\/{rel}","templated":true}]}}