{"id":6476,"date":"2024-06-27T12:26:24","date_gmt":"2024-06-27T10:26:24","guid":{"rendered":"https:\/\/serbenidorm.daliisolutions.com\/index.php\/2024\/06\/27\/la-nueva-comisaria-de-benidorm-tendra-que-seguir-esperando\/"},"modified":"2024-06-27T12:26:24","modified_gmt":"2024-06-27T10:26:24","slug":"la-nueva-comisaria-de-benidorm-tendra-que-seguir-esperando","status":"publish","type":"post","link":"https:\/\/serbenidorm.daliisolutions.com\/index.php\/2024\/06\/27\/la-nueva-comisaria-de-benidorm-tendra-que-seguir-esperando\/","title":{"rendered":"La nueva comisar\u00eda de Benidorm tendr\u00e1 que seguir esperando"},"content":{"rendered":"  <p>Benidorm<\/p>   <p>Lo ha confirmado el propio secretario de Estado de Seguridad Rafael P\u00e9rez: el Gobierno de Espa\u00f1a ha excluido del Plan de infraestructuras para este \u00e1rea hasta 2025 <a href=\"https:\/\/cadenaser.com\/tag\/benidorm\/a\/\" target=\"_blank\" rel=\"noopener\">el proyecto de la nueva Comisar\u00eda de la Polic\u00eda Nacional de Benidorm<\/a> y lo justifica por la falta de recursos econ\u00f3micos debido al incremento generalizado de los precios.<\/p>   <p>As\u00ed lo ha denunciado el senador benidormense por el Partido Popular Agust\u00edn Almod\u00f3bar, que acusa al PSOE de ningunear a la ciudad con estas instalaciones que vendr\u00edan a sustituir a las antiguas, de 1972, y que ya tienen proyecto y una parcela cedida por el Ayuntamiento de Benidorm desde hace seis a\u00f1os.<\/p>  <p><p>M\u00e1s informaci\u00f3n<\/p><figure><img loading=\"lazy\" decoding=\"async\" src=\"https:\/\/cadenaser.com\/resizer\/v2\/PWSC52YY65DYPM6EOL2NADE3JY.jpeg?auth=7716559ca200ae40b71463f0745728c8eeea22f6b51424cd5c7b288ea9db61c6&amp;quality=70&amp;width=360&amp;height=202&amp;smart=true\" width=\"820\" height=\"621\" \/><\/figure><ul><li><a href=\"https:\/\/cadenaser.com\/comunitat-valenciana\/2024\/06\/26\/la-asociacion-de-alzheimer-de-la-marina-baixa-reclama-a-la-administracion-soluciones-urgentes-para-evitar-su-desaparicion-radio-benidorm\/\"><span>La Asociaci\u00f3n de Alzheimer de la Marina Baixa reclama a la administraci\u00f3n soluciones urgentes para evitar su desaparici\u00f3n<\/span><\/a><\/li><\/ul><\/p>   <p>Almod\u00f3bar ha preguntado al Secretario de Estado de Seguridad por qu\u00e9 \u201cpara el gobierno socialista esta ha dejado de ser una actuaci\u00f3n prioritaria, a pesar de haberla incluido en 2021 y 2022 en los Presupuestos Generales del Estado, tal y como lo era para el PP\u201d.<\/p>   <p>Para el senador benidormense \u201cesto que ha hecho el gobierno presidido por Pedro S\u00e1nchez es una verg\u00fcenza y una falta de respeto a los benidormenses, a los pueblos de la Marina Baixa y a los agentes y familiares del Cuerpo Nacional de Polic\u00eda de Benidorm, por desgracia con el PSOE, Benidorm va a tener que esperar por culpa de la mochila cargada de peajes que tiene el gobierno de S\u00e1nchez con todos los que le mantienen en el poder\u201d.<\/p>   <p>A la espera del plan 2025-2030<\/p>   <p>\u201cNo voy a dejar de exigirle al Gobierno de Espa\u00f1a que cumpla sus compromisos con una ciudad cuya predisposici\u00f3n en este asunto ha sido y es total, se ha invertido mucho tiempo y tambi\u00e9n mucho dinero de todos los ciudadanos para conseguir la infraestructura que esta ciudad merece, no es recibo postergarlo a un futuro Plan de Infraestructuras 2025-2030 aun sin elaborar y sin que la ciudad haya recibido comunicaci\u00f3n oficial alguna en dos a\u00f1os\u201d, ha finalizado Agust\u00edn Almod\u00f3bar.<\/p>   <p>     .c-w{         max-width:444px;         width:100%;         margin:16px auto;      background:#00755E;         border-radius:4px;         display:flex;         align-items:center;         justify-content:center;     }     .c-w a{         display:flex;         align-items:center;         justify-content:center;         padding:4px 24px;     }     .c-w img{         width:24px;         margin-right:12px;     }     .c-w p{         font:18px\/25px Poppins;         text-align:center;         color:#fff;         margin:0;     }     @media (max-width:444px){         .c-w a{             padding:4px 12px;         }         .c-w img{             width:24px;             margin-right:8px;         }         .c-w p{             font:14px\/25px Poppins;         }     }     @media (max-width:335px){         .c-w p{             font:13px\/25px Poppins;         }     }  <div class=\"c-w\">     <a href=\"https:\/\/www.whatsapp.com\/channel\/0029Va633PF9WtC4l7XUzh1e\" target=\"_blank\" rel=\"noopener\">         <img decoding=\"async\" src=\"https:\/\/cadenaser.com\/estaticos\/recursosgraficos\/responsive\/img\/ico-whatsapp.svg\" alt=\"Whatsapp\">         <p>\u00danete al <b>canal de WhatsApp<\/b> de la SER<\/p>     <\/a> <\/div><\/p> ","protected":false},"excerpt":{"rendered":"<p>El Gobierno central excluye las reivindicadas instalaciones de la Polic\u00eda Nacional del Plan de Infraestructuras de Seguridad<\/p>\n","protected":false},"author":0,"featured_media":6477,"comment_status":"open","ping_status":"open","sticky":false,"template":"","format":"standard","meta":{"_acf_changed":false,"footnotes":""},"categories":[1],"tags":[],"class_list":["post-6476","post","type-post","status-publish","format-standard","has-post-thumbnail","hentry","category-sin-categoria"],"acf":{"ser_id":"6NFJC3VK35FLDP5O7NTIYFIMRI","ser_url":"https:\/\/cadenaser.com\/comunitat-valenciana\/2024\/06\/27\/la-nueva-comisaria-de-benidorm-tendra-que-seguir-esperando-radio-benidorm\/"},"_links":{"self":[{"href":"https:\/\/serbenidorm.daliisolutions.com\/index.php\/wp-json\/wp\/v2\/posts\/6476","targetHints":{"allow":["GET"]}}],"collection":[{"href":"https:\/\/serbenidorm.daliisolutions.com\/index.php\/wp-json\/wp\/v2\/posts"}],"about":[{"href":"https:\/\/serbenidorm.daliisolutions.com\/index.php\/wp-json\/wp\/v2\/types\/post"}],"replies":[{"embeddable":true,"href":"https:\/\/serbenidorm.daliisolutions.com\/index.php\/wp-json\/wp\/v2\/comments?post=6476"}],"version-history":[{"count":0,"href":"https:\/\/serbenidorm.daliisolutions.com\/index.php\/wp-json\/wp\/v2\/posts\/6476\/revisions"}],"wp:featuredmedia":[{"embeddable":true,"href":"https:\/\/serbenidorm.daliisolutions.com\/index.php\/wp-json\/wp\/v2\/media\/6477"}],"wp:attachment":[{"href":"https:\/\/serbenidorm.daliisolutions.com\/index.php\/wp-json\/wp\/v2\/media?parent=6476"}],"wp:term":[{"taxonomy":"category","embeddable":true,"href":"https:\/\/serbenidorm.daliisolutions.com\/index.php\/wp-json\/wp\/v2\/categories?post=6476"},{"taxonomy":"post_tag","embeddable":true,"href":"https:\/\/serbenidorm.daliisolutions.com\/index.php\/wp-json\/wp\/v2\/tags?post=6476"}],"curies":[{"name":"wp","href":"https:\/\/api.w.org\/{rel}","templated":true}]}}