{"id":6490,"date":"2024-06-27T18:58:50","date_gmt":"2024-06-27T16:58:50","guid":{"rendered":"https:\/\/serbenidorm.daliisolutions.com\/index.php\/2024\/06\/27\/mas-aparcamiento-en-benidorm-para-este-verano-el-parking-de-poniente-abre-al-completo\/"},"modified":"2024-06-27T18:58:50","modified_gmt":"2024-06-27T16:58:50","slug":"mas-aparcamiento-en-benidorm-para-este-verano-el-parking-de-poniente-abre-al-completo","status":"publish","type":"post","link":"https:\/\/serbenidorm.daliisolutions.com\/index.php\/2024\/06\/27\/mas-aparcamiento-en-benidorm-para-este-verano-el-parking-de-poniente-abre-al-completo\/","title":{"rendered":"M\u00e1s aparcamiento en Benidorm para este verano: el parking de Poniente abre al completo"},"content":{"rendered":"  <p>Benidorm<\/p>   <p>Desde esta ma\u00f1ana ha quedado operativo el aparcamiento p\u00fablico ubicado en la zona de Poniente, <a href=\"https:\/\/cadenaser.com\/tag\/benidorm\/a\/\" target=\"_blank\" rel=\"noopener\">en la calle Puerto Rico<\/a>, cercano a la confluencia con Armada Espa\u00f1ola, un parking con capacidad para m\u00e1s de 350 plazas gratuitas, de las que unas 211 ya se encontraban operativas y a las que se pod\u00eda acceder desde la avenida Rep\u00fablica Argentina.<\/p>   <p>Como avanz\u00f3 la pasada semana el concejal de Movilidad, Francis Mu\u00f1oz, antes de iniciar el mes de julio este aparcamiento se pondr\u00eda a disposici\u00f3n de los usuarios, en concreto las 156 plazas cubiertas que se encuentran en el interior del edificio, puesto que las restantes, en la parte superior en un espacio asfaltado y se\u00f1alizado, ya estaban a disposici\u00f3n de los usuarios. Se trata de un edificio singular, muy reconocible, que se encuentra a muy pocos metros de la playa de Poniente.<\/p>   <p>La instalaci\u00f3n ha sido visitada esta ma\u00f1ana por el alcalde Toni P\u00e9rez, acompa\u00f1ado por el propio edil de Movilidad, para comprobar que el aparcamiento se encuentra \u201cperfectamente preparado y acondicionado para comenzar a recibir usuarios\u201d. <\/p>  <p><p>M\u00e1s informaci\u00f3n<\/p><figure><img loading=\"lazy\" decoding=\"async\" src=\"https:\/\/cadenaser.com\/resizer\/v2\/KW5VFHH5CNHCTBL225DMTWBMGI.jpg?auth=4859cbdb20b8a5f06e52ddc2f1bd6ac8cf9fc699cf8bf6877a5360b214f9b573&amp;quality=70&amp;width=360&amp;height=202&amp;smart=true\" width=\"820\" height=\"621\" \/><\/figure><ul><li><a href=\"https:\/\/cadenaser.com\/comunitat-valenciana\/2024\/06\/27\/la-nueva-comisaria-de-benidorm-tendra-que-seguir-esperando-radio-benidorm\/\"><span>La nueva comisar\u00eda de Benidorm tendr\u00e1 que seguir esperando<\/span><\/a><\/li><\/ul><\/p>   <p>P\u00e9rez ha recordado que el a\u00f1o pasado se contrat\u00f3 la asistencia t\u00e9cnica de una empresa para poner en funcionamiento las instalaciones, de modo que la gesti\u00f3n qued\u00f3 en manos del Ayuntamiento. <\/p>   <p>\u201cDespu\u00e9s de esta experiencia y a la vista de los resultados de la aplicaci\u00f3n de este modelo de gesti\u00f3n en el parking de l\u2019Aig\u00fcera, en el gobierno local optamos por extrapolar esta f\u00f3rmula a este aparcamiento de Poniente\u201d ha indicado, si bien ha precisado que los pliegos de condiciones \u201cse est\u00e1n ultimando\u201d. \u201cEl expediente de contrataci\u00f3n sigue su tr\u00e1mite, por lo que tan pronto como se resuelva se implementar\u00e1 el nuevo modelo de gesti\u00f3n\u201d ha se\u00f1alado el alcalde.<\/p>   <p>     .c-w{         max-width:444px;         width:100%;         margin:16px auto;      background:#00755E;         border-radius:4px;         display:flex;         align-items:center;         justify-content:center;     }     .c-w a{         display:flex;         align-items:center;         justify-content:center;         padding:4px 24px;     }     .c-w img{         width:24px;         margin-right:12px;     }     .c-w p{         font:18px\/25px Poppins;         text-align:center;         color:#fff;         margin:0;     }     @media (max-width:444px){         .c-w a{             padding:4px 12px;         }         .c-w img{             width:24px;             margin-right:8px;         }         .c-w p{             font:14px\/25px Poppins;         }     }     @media (max-width:335px){         .c-w p{             font:13px\/25px Poppins;         }     }  <div class=\"c-w\">     <a href=\"https:\/\/www.whatsapp.com\/channel\/0029Va633PF9WtC4l7XUzh1e\" target=\"_blank\" rel=\"noopener\">         <img decoding=\"async\" src=\"https:\/\/cadenaser.com\/estaticos\/recursosgraficos\/responsive\/img\/ico-whatsapp.svg\" alt=\"Whatsapp\">         <p>\u00danete al <b>canal de WhatsApp<\/b> de la SER<\/p>     <\/a> <\/div><\/p>   <p>Aparcamiento gratuito<\/p>   <p>Toni P\u00e9rez ha insistido en que la intenci\u00f3n del gobierno era que \u201cel parking pudiera estar a pleno rendimiento en los meses de m\u00e1xima ocupaci\u00f3n de las playas, como as\u00ed ha sido\u201d y ha resaltado que con esta infraestructura \u201chay capacidad para asumir el volumen de veh\u00edculos de residentes y turistas habituales de la zona\u201d. En ese sentido ha precisado que hasta ahora las m\u00e1s de 200 plazas operativas en la parte superior del edificio que funcionan de forma habitual \u201chan presentado una ocupaci\u00f3n m\u00e1xima del 30%, por lo que en ning\u00fan momento ha habido problemas para encontrar aparcamiento en la zona\u201d.<\/p>  <p><p class=\"tit\"><span>Hora 14 Benidorm (27\/06\/2024)<\/span><\/p> <p class=\"emb\"><iframe loading=\"lazy\" src=\"https:\/\/cadenaser.com\/embed\/audio\/460\/cadenaser_benidorm_hora14benidorm_20240627_141700_143000\/\" width=\"100%\" height=\"360\" frameborder=\"0\" allowfullscreen><\/iframe><\/p><\/p>   <p>Este aparcamiento se suma al resto de la oferta de parkings disuasorios municipales localizados por todo el t\u00e9rmino municipal, que configuran una extensa red de m\u00e1s de 8.000 plazas.<\/p>   <p>Este aparcamiento de Poniente estar\u00e1 operativo todos los d\u00edas en horario de 9.00 a 24.00 horas. Las plazas ser\u00e1n gratuitas hasta que se adjudique la gesti\u00f3n y hasta ese momento ser\u00e1n atendidas por personal propio del Ayuntamiento. Toni P\u00e9rez, por \u00faltimo, ha animado a los vecinos de Poniente \u201ca que conozcan esta instalaci\u00f3n y sepan que tienen a su disposici\u00f3n una nueva infraestructura que les facilita las posibilidades de estacionar su veh\u00edculo\u201d.<\/p> ","protected":false},"excerpt":{"rendered":"<p>Con personal propio del Ayuntamiento<\/p>\n","protected":false},"author":0,"featured_media":6491,"comment_status":"open","ping_status":"open","sticky":false,"template":"","format":"standard","meta":{"_acf_changed":false,"footnotes":""},"categories":[1],"tags":[],"class_list":["post-6490","post","type-post","status-publish","format-standard","has-post-thumbnail","hentry","category-sin-categoria"],"acf":{"ser_id":"547COAHAQBFSZG2MS22BV7MVAA","ser_url":"https:\/\/cadenaser.com\/comunitat-valenciana\/2024\/06\/27\/mas-aparcamiento-en-benidorm-para-este-verano-el-parking-de-poniente-abre-al-completo-radio-benidorm\/"},"_links":{"self":[{"href":"https:\/\/serbenidorm.daliisolutions.com\/index.php\/wp-json\/wp\/v2\/posts\/6490","targetHints":{"allow":["GET"]}}],"collection":[{"href":"https:\/\/serbenidorm.daliisolutions.com\/index.php\/wp-json\/wp\/v2\/posts"}],"about":[{"href":"https:\/\/serbenidorm.daliisolutions.com\/index.php\/wp-json\/wp\/v2\/types\/post"}],"replies":[{"embeddable":true,"href":"https:\/\/serbenidorm.daliisolutions.com\/index.php\/wp-json\/wp\/v2\/comments?post=6490"}],"version-history":[{"count":0,"href":"https:\/\/serbenidorm.daliisolutions.com\/index.php\/wp-json\/wp\/v2\/posts\/6490\/revisions"}],"wp:featuredmedia":[{"embeddable":true,"href":"https:\/\/serbenidorm.daliisolutions.com\/index.php\/wp-json\/wp\/v2\/media\/6491"}],"wp:attachment":[{"href":"https:\/\/serbenidorm.daliisolutions.com\/index.php\/wp-json\/wp\/v2\/media?parent=6490"}],"wp:term":[{"taxonomy":"category","embeddable":true,"href":"https:\/\/serbenidorm.daliisolutions.com\/index.php\/wp-json\/wp\/v2\/categories?post=6490"},{"taxonomy":"post_tag","embeddable":true,"href":"https:\/\/serbenidorm.daliisolutions.com\/index.php\/wp-json\/wp\/v2\/tags?post=6490"}],"curies":[{"name":"wp","href":"https:\/\/api.w.org\/{rel}","templated":true}]}}