{"id":6508,"date":"2024-06-28T14:19:52","date_gmt":"2024-06-28T12:19:52","guid":{"rendered":"https:\/\/serbenidorm.daliisolutions.com\/index.php\/2024\/06\/28\/el-pleno-extraordinario-de-la-vila-joiosa-desbloquea-el-proyecto-de-la-casa-de-la-musica\/"},"modified":"2024-06-28T14:19:52","modified_gmt":"2024-06-28T12:19:52","slug":"el-pleno-extraordinario-de-la-vila-joiosa-desbloquea-el-proyecto-de-la-casa-de-la-musica","status":"publish","type":"post","link":"https:\/\/serbenidorm.daliisolutions.com\/index.php\/2024\/06\/28\/el-pleno-extraordinario-de-la-vila-joiosa-desbloquea-el-proyecto-de-la-casa-de-la-musica\/","title":{"rendered":"El pleno extraordinario de La Vila Joiosa desbloquea el proyecto de la Casa de la M\u00fasica"},"content":{"rendered":"  <p>La Vila Joiosa<\/p>   <p>La Vila Joiosa ha desbloqueado el proyecto de la Casa de la M\u00fasica que todos los grupos pol\u00edticos llevaban en sus programas electorales pero  que ha enfrentado a gobierno y oposici\u00f3n por su ubicaci\u00f3n y coste.<\/p>   <p>En sesi\u00f3n plenaria extraordinaria la Corporaci\u00f3n Municipal ha aprobado, con los votos a favor de PP, Gent per La Vila y Vox y la abstenci\u00f3n de  PSOE y Comprom\u00eds, el convenio con la Fundaci\u00f3n Aragon\u00e9s que viabiliza la  construcci\u00f3n de esta infraestructura. Se desestiman, de esta forma, las alegaciones presentadas por la oposici\u00f3n  y que hab\u00edan motivado que este punto no pudiera incluirse en el orden del d\u00eda del pasado pleno ordinario de junio.<\/p>  <p><p>M\u00e1s informaci\u00f3n<\/p><figure><img loading=\"lazy\" decoding=\"async\" src=\"https:\/\/cadenaser.com\/resizer\/v2\/3C3PHZSP25GCZAB3QQMMQR32BQ.jpg?auth=8f3bd4b0326833e85dac68e7cdb3937aa35a290f7721a919bd152d6317244a99&amp;quality=70&amp;width=360&amp;height=202&amp;smart=true\" width=\"820\" height=\"621\" \/><\/figure><ul><li><a href=\"https:\/\/cadenaser.com\/comunitat-valenciana\/2024\/06\/26\/la-vila-joiosa-hacia-la-ciudad-inteligente-instalan-antenas-sensores-y-camaras-en-todo-el-termino-municipal-radio-benidorm\/\"><span>La Vila Joiosa hacia la ciudad inteligente: instalan antenas, sensores y c\u00e1maras en todo el t\u00e9rmino municipal<\/span><\/a><\/li><\/ul><\/p>   <p>El alcalde de La Vila Joiosa, Marcos Zaragoza, en <a href=\"https:\/\/cadenaser.com\/tag\/benidorm\/a\/\" target=\"_blank\" rel=\"noopener\">Hoy por Hoy Benidorm<\/a> ha acusado al PSOE de \u201cponer palos en las ruedas\u201d al proyecto y de  presentar \u201cun proyecto irrealizable que se hubiera quedado en un caj\u00f3n\u201d por su elevado coste econ\u00f3mico cuando gobernaba.<\/p>  <p><p class=\"tit\"><span>La Vila Joiosa aprueba en pleno extraordinario el convenio con la Fundaci\u00f3n Aragones que viabiliza la Casa de la M\u00fasica<\/span><\/p> <p class=\"emb\"><iframe loading=\"lazy\" src=\"https:\/\/cadenaser.com\/embed\/audio\/460\/1719571420963\/\" width=\"100%\" height=\"360\" frameborder=\"0\" allowfullscreen><\/iframe><\/p><\/p>   <p>Por su parte la portavoz adjunta socialista, Isabel Perona, en declaraciones a <a href=\"https:\/\/cadenaser.com\/tag\/comarca_la_marina_baixa\/a\/\" target=\"_blank\" rel=\"noopener\">Radio Benidorm<\/a> ha desmentido que \u201cel SOE ponga palos en las ruedas\u201d y ha asegurado que \u201cqueremos la Casa de la M\u00fasica\u201d, aunque no est\u00e9n de acuerdo con la ubicaci\u00f3n propuesta por el gobierno actual \u201cporque pensamos que hay que hacer pueblo y descentralizar la cultura en los diferentes barrios\u201d.<\/p>  <p><p class=\"tit\"><span>Isabel Perona (Psoe): \u00abQueremos la Casa de la M\u00fasica pero no nos gusta la ubicaci\u00f3n\u00bb<\/span><\/p> <p class=\"emb\"><iframe loading=\"lazy\" src=\"https:\/\/cadenaser.com\/embed\/audio\/460\/1719571605840\/\" width=\"100%\" height=\"360\" frameborder=\"0\" allowfullscreen><\/iframe><\/p><\/p>   <p>As\u00ed es el convenio<\/p>   <p>El convenio aprobado supone la cesi\u00f3n de 1.029 metros cuadrados de la  parcela de uso residencial y terciaria, ubicada en la manzana n\u00famero  cuatro del PP-3, del PGOU, con un total de 6.423 metros cuadrados, por parte de la Fundaci\u00f3n Aragon\u00e9s al Ayuntamiento de Villajoyosa para construir en ella el edificio de la Casa de la  M\u00fasica. Esta superficie est\u00e1 localizada, concretamente, en la esquina  entre las calles Doctora Damiana Zaragoza y Do\u00f1a Concepci\u00f3n Aragon\u00e9s, frente al Teatre Auditori.<\/p>   <p>     .c-w{         max-width:444px;         width:100%;         margin:16px auto;      background:#00755E;         border-radius:4px;         display:flex;         align-items:center;         justify-content:center;     }     .c-w a{         display:flex;         align-items:center;         justify-content:center;         padding:4px 24px;     }     .c-w img{         width:24px;         margin-right:12px;     }     .c-w p{         font:18px\/25px Poppins;         text-align:center;         color:#fff;         margin:0;     }     @media (max-width:444px){         .c-w a{             padding:4px 12px;         }         .c-w img{             width:24px;             margin-right:8px;         }         .c-w p{             font:14px\/25px Poppins;         }     }     @media (max-width:335px){         .c-w p{             font:13px\/25px Poppins;         }     }  <div class=\"c-w\">     <a href=\"https:\/\/www.whatsapp.com\/channel\/0029Va633PF9WtC4l7XUzh1e\" target=\"_blank\" rel=\"noopener\">         <img decoding=\"async\" src=\"https:\/\/cadenaser.com\/estaticos\/recursosgraficos\/responsive\/img\/ico-whatsapp.svg\" alt=\"Whatsapp\">         <p>\u00danete al <b>canal de WhatsApp<\/b> de la SER<\/p>     <\/a> <\/div><\/p>   <p>Asimismo el documento establece la segregaci\u00f3n de esta parte del terreno y su modificaci\u00f3n de uso residencial y terciario a dotacional p\u00fablico  de usos m\u00faltiples. Tambi\u00e9n contempla el aumento de edificabilidad del resto de parcela del PP-3 de 8 a 9 plantas, La permuta al Ayuntamiento de la parcela de 584\u201940 metros cuadrados en la plaza de la Generalitat y transferir el aprovechamiento de ambas superficies al sector PP-8, parcela en propiedad de la Fundaci\u00f3n Aragon\u00e9s.<\/p> ","protected":false},"excerpt":{"rendered":"<p>Con los votos a favor de PP, Gent per La Vila y Vox y la abstenci\u00f3n de PSOE y Comprom\u00eds se ha aprobado el convenio con la Fundaci\u00f3n Aragon\u00e9s<\/p>\n","protected":false},"author":0,"featured_media":6509,"comment_status":"open","ping_status":"open","sticky":false,"template":"","format":"standard","meta":{"_acf_changed":false,"footnotes":""},"categories":[1],"tags":[],"class_list":["post-6508","post","type-post","status-publish","format-standard","has-post-thumbnail","hentry","category-sin-categoria"],"acf":{"ser_id":"CGDVWF7DYRC6LKEH5ORKRQAQLI","ser_url":"https:\/\/cadenaser.com\/comunitat-valenciana\/2024\/06\/28\/el-pleno-extraordinario-de-la-vila-joiosa-desbloquea-el-proyecto-de-la-casa-de-la-musica-radio-benidorm\/"},"_links":{"self":[{"href":"https:\/\/serbenidorm.daliisolutions.com\/index.php\/wp-json\/wp\/v2\/posts\/6508","targetHints":{"allow":["GET"]}}],"collection":[{"href":"https:\/\/serbenidorm.daliisolutions.com\/index.php\/wp-json\/wp\/v2\/posts"}],"about":[{"href":"https:\/\/serbenidorm.daliisolutions.com\/index.php\/wp-json\/wp\/v2\/types\/post"}],"replies":[{"embeddable":true,"href":"https:\/\/serbenidorm.daliisolutions.com\/index.php\/wp-json\/wp\/v2\/comments?post=6508"}],"version-history":[{"count":0,"href":"https:\/\/serbenidorm.daliisolutions.com\/index.php\/wp-json\/wp\/v2\/posts\/6508\/revisions"}],"wp:featuredmedia":[{"embeddable":true,"href":"https:\/\/serbenidorm.daliisolutions.com\/index.php\/wp-json\/wp\/v2\/media\/6509"}],"wp:attachment":[{"href":"https:\/\/serbenidorm.daliisolutions.com\/index.php\/wp-json\/wp\/v2\/media?parent=6508"}],"wp:term":[{"taxonomy":"category","embeddable":true,"href":"https:\/\/serbenidorm.daliisolutions.com\/index.php\/wp-json\/wp\/v2\/categories?post=6508"},{"taxonomy":"post_tag","embeddable":true,"href":"https:\/\/serbenidorm.daliisolutions.com\/index.php\/wp-json\/wp\/v2\/tags?post=6508"}],"curies":[{"name":"wp","href":"https:\/\/api.w.org\/{rel}","templated":true}]}}