{"id":6510,"date":"2024-06-28T14:19:52","date_gmt":"2024-06-28T12:19:52","guid":{"rendered":"https:\/\/serbenidorm.daliisolutions.com\/index.php\/2024\/06\/28\/benidorm-rompe-el-contrato-con-la-empresa-que-ha-parado-unilateralmente-las-obras-de-la-avenida-montecarlo\/"},"modified":"2024-06-28T14:19:52","modified_gmt":"2024-06-28T12:19:52","slug":"benidorm-rompe-el-contrato-con-la-empresa-que-ha-parado-unilateralmente-las-obras-de-la-avenida-montecarlo","status":"publish","type":"post","link":"https:\/\/serbenidorm.daliisolutions.com\/index.php\/2024\/06\/28\/benidorm-rompe-el-contrato-con-la-empresa-que-ha-parado-unilateralmente-las-obras-de-la-avenida-montecarlo\/","title":{"rendered":"Benidorm rompe el contrato con la empresa que ha parado unilateralmente las obras de la avenida Montecarlo"},"content":{"rendered":"  <p>Benidorm<\/p>   <p>El Ayuntamiento de Benidorm rescindir\u00e1 el contrato a la mercantil que ejecuta la primera fase de las obras de de renovaci\u00f3n de  infraestructuras de agua potable y saneamiento de la avenida Montecarlo por incumplimiento.<\/p>   <p>El pr\u00f3ximo lunes 1 de julio la Junta de Gobierno Local aprobara la resoluci\u00f3n del contrato despu\u00e9s de que la empresa Vainsa Infraestructuras S.L. decidiera, de forma unilateral, paralizar las obras en septiembre del a\u00f1o pasado y no haya vuelto a retomar los trabajos desde entonces.<\/p>   <p>El contrato fue adjudicado en octubre de 2022 y, desde entonces, los t\u00e9cnicos municipales han informado de una serie de incumplimientos por  parte de la empresa. Cuando el contratista ces\u00f3 la ejecuci\u00f3n de la obra, se abri\u00f3 expediente para resolver el contrato \u201cpor abandono de las obligaciones por parte del contratista relativas al incumplimiento de plazo de ejecuci\u00f3n fijado en el contrato\u201d. <a href=\"https:\/\/cadenaser.com\/tag\/benidorm\/a\/\" target=\"_blank\" rel=\"noopener\">Desde finales de 2023, seg\u00fan los informes t\u00e9cnicos la empresa \u201cno reanud\u00f3 las obras, manteni\u00e9ndose dicha paralizaci\u00f3n unilateral por el contratista hasta la actualidad\u201d<\/a>.<\/p>  <p><p>M\u00e1s informaci\u00f3n<\/p><figure><img loading=\"lazy\" decoding=\"async\" src=\"https:\/\/cadenaser.com\/resizer\/v2\/7Z5KNNAHNVHPDPFRZW5SYYO2MY.jpeg?auth=8ffd838d33579b06964c36ff9e725eeaa4c57395a3e386cb7b83e1e4450d0596&amp;quality=70&amp;width=360&amp;height=202&amp;smart=true\" width=\"820\" height=\"621\" \/><\/figure><ul><li><a href=\"https:\/\/cadenaser.com\/comunitat-valenciana\/2024\/06\/28\/relevo-al-frente-del-parque-de-bomberos-de-benidorm-radio-benidorm\/\"><span>Relevo al frente del parque de bomberos de Benidorm<\/span><\/a><\/li><\/ul><\/p>   <p>Fue la propia mercantil la que, el pasado mes de mayo, solicit\u00f3 la resoluci\u00f3n del contrato reclamando adem\u00e1s cantidades en concepto de  indemnizaci\u00f3n y trabajos ejecutados. El Consistorio rechaz\u00f3 la petici\u00f3n recordando a la empresa que se enfrentaba a la posible p\u00e9rdida de la fianza depositada.<\/p>   <p>La propuesta que se aprobar\u00e1 el lunes, adem\u00e1s de la resoluci\u00f3n del contrato por incumplimiento, propone dejar sin efecto la relaci\u00f3n  contractual con la mercantil \u201cpor la demora en el cumplimiento de los plazos establecidos en los documentos\u201d.<\/p>   <p>     .c-w{         max-width:444px;         width:100%;         margin:16px auto;      background:#00755E;         border-radius:4px;         display:flex;         align-items:center;         justify-content:center;     }     .c-w a{         display:flex;         align-items:center;         justify-content:center;         padding:4px 24px;     }     .c-w img{         width:24px;         margin-right:12px;     }     .c-w p{         font:18px\/25px Poppins;         text-align:center;         color:#fff;         margin:0;     }     @media (max-width:444px){         .c-w a{             padding:4px 12px;         }         .c-w img{             width:24px;             margin-right:8px;         }         .c-w p{             font:14px\/25px Poppins;         }     }     @media (max-width:335px){         .c-w p{             font:13px\/25px Poppins;         }     }  <div class=\"c-w\">     <a href=\"https:\/\/www.whatsapp.com\/channel\/0029Va633PF9WtC4l7XUzh1e\" target=\"_blank\" rel=\"noopener\">         <img decoding=\"async\" src=\"https:\/\/cadenaser.com\/estaticos\/recursosgraficos\/responsive\/img\/ico-whatsapp.svg\" alt=\"Whatsapp\">         <p>\u00danete al <b>canal de WhatsApp<\/b> de la SER<\/p>     <\/a> <\/div><\/p>   <p>La empresa dispondr\u00e1 de un tr\u00e1mite de audiencia de modo que en el plazo de diez d\u00edas tendr\u00e1 que presentar alegaciones.<\/p> ","protected":false},"excerpt":{"rendered":"<p>Sin movimiento desde finales del a\u00f1o pasado<\/p>\n","protected":false},"author":0,"featured_media":6511,"comment_status":"open","ping_status":"open","sticky":false,"template":"","format":"standard","meta":{"_acf_changed":false,"footnotes":""},"categories":[1],"tags":[],"class_list":["post-6510","post","type-post","status-publish","format-standard","has-post-thumbnail","hentry","category-sin-categoria"],"acf":{"ser_id":"D3FDDPDTJZDMPH5OTFVKPWBLQ4","ser_url":"https:\/\/cadenaser.com\/comunitat-valenciana\/2024\/06\/28\/benidorm-resolvera-el-contrato-vainsa-infraestructuras-sl-por-paralizar-unilateralmente-las-obras-de-la-avenida-montecarlo-radio-benidorm\/"},"_links":{"self":[{"href":"https:\/\/serbenidorm.daliisolutions.com\/index.php\/wp-json\/wp\/v2\/posts\/6510","targetHints":{"allow":["GET"]}}],"collection":[{"href":"https:\/\/serbenidorm.daliisolutions.com\/index.php\/wp-json\/wp\/v2\/posts"}],"about":[{"href":"https:\/\/serbenidorm.daliisolutions.com\/index.php\/wp-json\/wp\/v2\/types\/post"}],"replies":[{"embeddable":true,"href":"https:\/\/serbenidorm.daliisolutions.com\/index.php\/wp-json\/wp\/v2\/comments?post=6510"}],"version-history":[{"count":0,"href":"https:\/\/serbenidorm.daliisolutions.com\/index.php\/wp-json\/wp\/v2\/posts\/6510\/revisions"}],"wp:featuredmedia":[{"embeddable":true,"href":"https:\/\/serbenidorm.daliisolutions.com\/index.php\/wp-json\/wp\/v2\/media\/6511"}],"wp:attachment":[{"href":"https:\/\/serbenidorm.daliisolutions.com\/index.php\/wp-json\/wp\/v2\/media?parent=6510"}],"wp:term":[{"taxonomy":"category","embeddable":true,"href":"https:\/\/serbenidorm.daliisolutions.com\/index.php\/wp-json\/wp\/v2\/categories?post=6510"},{"taxonomy":"post_tag","embeddable":true,"href":"https:\/\/serbenidorm.daliisolutions.com\/index.php\/wp-json\/wp\/v2\/tags?post=6510"}],"curies":[{"name":"wp","href":"https:\/\/api.w.org\/{rel}","templated":true}]}}