{"id":6514,"date":"2024-06-28T14:19:54","date_gmt":"2024-06-28T12:19:54","guid":{"rendered":"https:\/\/serbenidorm.daliisolutions.com\/index.php\/2024\/06\/28\/callosa-den-sarria-saca-adelante-un-presupuesto-de-8-700-000-euros\/"},"modified":"2024-06-28T14:19:54","modified_gmt":"2024-06-28T12:19:54","slug":"callosa-den-sarria-saca-adelante-un-presupuesto-de-8-700-000-euros","status":"publish","type":"post","link":"https:\/\/serbenidorm.daliisolutions.com\/index.php\/2024\/06\/28\/callosa-den-sarria-saca-adelante-un-presupuesto-de-8-700-000-euros\/","title":{"rendered":"Callosa d&#8217;En Sarri\u00e0 saca adelante un presupuesto de 8.700.000 euros"},"content":{"rendered":"  <p>Callosa d&#8217;En Sarri\u00e0<\/p>   <p>El Ayuntamiento de Callosa d\u2019en Sarri\u00e0 ha aprobado este jueves su presupuesto para el 2024 con los votos a favor de toda la corporaci\u00f3n salvo el PSOE. Unas cuentas que ascienden a 8.724.000 euros, lo que supone un aumento de 229.000 euros, un 2,7 %, con respecto al ejercicio anterior.<\/p>  <p><p>M\u00e1s informaci\u00f3n<\/p><figure><img loading=\"lazy\" decoding=\"async\" src=\"https:\/\/cadenaser.com\/resizer\/v2\/VGNM67XJUNAKDETQIQT46SPFXQ.jpg?auth=a757a6716f860648cd409e3072f17ca7cfadc5f0b90e11c97f4b43a7225f8f85&amp;quality=70&amp;width=360&amp;height=202&amp;smart=true\" width=\"820\" height=\"621\" \/><\/figure><ul><li><a href=\"https:\/\/cadenaser.com\/comunitat-valenciana\/2024\/02\/12\/callosa-den-sarria-laboratorio-de-investigacion-para-el-estudio-nacional-de-salud-cohorte-impact-radio-benidorm\/\"><span>Callosa d&#8217;En Sarri\u00e0, laboratorio de investigaci\u00f3n para el estudio nacional de salud \u00abCohorte Impact\u00bb<\/span><\/a><\/li><\/ul><\/p>   <p>Uno de los cap\u00edtulos m\u00e1s cuantiosos de gastos del presupuesto es el de personal, que representan el 43,02% del total del presupuesto (3.753.000 euros).<\/p>   <p>En cuanto a las inversiones que Callosa d\u2019en Sarri\u00e0 realizar\u00e1, destacan entre otras partidas, el comienzo del proyecto de rehabilitaci\u00f3n y ampliaci\u00f3n del edificio consistorial, para el que se consignan 10.538,75 euros, o la pavimentaci\u00f3n de la Calle Jaume I que tiene 27.000 euros consignados a los que se suman 21.000 euros del Plan + Cerca de la Diputaci\u00f3n de Alicante.<\/p>   <p>Mejoras en colegios<\/p>   <p>En el \u00e1rea de Educaci\u00f3n se invierte en la <a href=\"https:\/\/cadenaser.com\/tag\/callosa_den_sarria\/a\/\" target=\"_blank\" rel=\"noopener\">renovaci\u00f3n y adaptabilidad de los aseos de Primaria del Colegio Bernat de Sarri\u00e0 con 48.393,94 euros, m\u00e1s los 20.000 euros que se consignan para el acondicionamiento y mejoras en el patio del Colegio Mirantb\u00f3<\/a>; el acondicionamiento e instalaci\u00f3n de unos novedosos e inclusivos elementos de juego en el Parque Infantil de la Pla\u00e7a del Llaurador por 48.000 euros, para finalizar con los nuevos Juegos Infantiles en el exterior de la Escuela Infantil Municipal por 8.000 euros.<\/p>   <p>Por \u00faltimo, otras inversiones contemplan la cubrici\u00f3n de la acequia de la carretera del Algar, para mayor seguridad de los peatones en el entorno de Les Fonts d\u2019Algar por 22.517,31 euros; y la instalaci\u00f3n de un busto del insigne pol\u00edtico callosino Rodolfo Llopis por 4.850 euros (el busto ha sido donado por el artista local Toni Ferri).<\/p>   <p>     .c-w{         max-width:444px;         width:100%;         margin:16px auto;      background:#00755E;         border-radius:4px;         display:flex;         align-items:center;         justify-content:center;     }     .c-w a{         display:flex;         align-items:center;         justify-content:center;         padding:4px 24px;     }     .c-w img{         width:24px;         margin-right:12px;     }     .c-w p{         font:18px\/25px Poppins;         text-align:center;         color:#fff;         margin:0;     }     @media (max-width:444px){         .c-w a{             padding:4px 12px;         }         .c-w img{             width:24px;             margin-right:8px;         }         .c-w p{             font:14px\/25px Poppins;         }     }     @media (max-width:335px){         .c-w p{             font:13px\/25px Poppins;         }     }  <div class=\"c-w\">     <a href=\"https:\/\/www.whatsapp.com\/channel\/0029Va633PF9WtC4l7XUzh1e\" target=\"_blank\" rel=\"noopener\">         <img decoding=\"async\" src=\"https:\/\/cadenaser.com\/estaticos\/recursosgraficos\/responsive\/img\/ico-whatsapp.svg\" alt=\"Whatsapp\">         <p>\u00danete al <b>canal de WhatsApp<\/b> de la SER<\/p>     <\/a> <\/div><\/p>   <p>En el pleno se defendieron adem\u00e1s varias mociones, como la defensa del colectivo LGTBI, aprobada por unanimidad del pleno, o una sobre la defensa del valenciano, mociones ambas presentadas por el PSOE.<\/p> ","protected":false},"excerpt":{"rendered":"<p>El cap\u00edtulo de personal representa m\u00e1s del 40 % del total de las cuentas<\/p>\n","protected":false},"author":0,"featured_media":6515,"comment_status":"open","ping_status":"open","sticky":false,"template":"","format":"standard","meta":{"_acf_changed":false,"footnotes":""},"categories":[1],"tags":[],"class_list":["post-6514","post","type-post","status-publish","format-standard","has-post-thumbnail","hentry","category-sin-categoria"],"acf":{"ser_id":"QLWARG52MJA4NFHG4OLJXXWEDY","ser_url":"https:\/\/cadenaser.com\/comunitat-valenciana\/2024\/06\/28\/callosa-den-sarria-saca-adelante-un-presupuesto-municipal-de-8700000-euros-radio-benidorm\/"},"_links":{"self":[{"href":"https:\/\/serbenidorm.daliisolutions.com\/index.php\/wp-json\/wp\/v2\/posts\/6514","targetHints":{"allow":["GET"]}}],"collection":[{"href":"https:\/\/serbenidorm.daliisolutions.com\/index.php\/wp-json\/wp\/v2\/posts"}],"about":[{"href":"https:\/\/serbenidorm.daliisolutions.com\/index.php\/wp-json\/wp\/v2\/types\/post"}],"replies":[{"embeddable":true,"href":"https:\/\/serbenidorm.daliisolutions.com\/index.php\/wp-json\/wp\/v2\/comments?post=6514"}],"version-history":[{"count":0,"href":"https:\/\/serbenidorm.daliisolutions.com\/index.php\/wp-json\/wp\/v2\/posts\/6514\/revisions"}],"wp:featuredmedia":[{"embeddable":true,"href":"https:\/\/serbenidorm.daliisolutions.com\/index.php\/wp-json\/wp\/v2\/media\/6515"}],"wp:attachment":[{"href":"https:\/\/serbenidorm.daliisolutions.com\/index.php\/wp-json\/wp\/v2\/media?parent=6514"}],"wp:term":[{"taxonomy":"category","embeddable":true,"href":"https:\/\/serbenidorm.daliisolutions.com\/index.php\/wp-json\/wp\/v2\/categories?post=6514"},{"taxonomy":"post_tag","embeddable":true,"href":"https:\/\/serbenidorm.daliisolutions.com\/index.php\/wp-json\/wp\/v2\/tags?post=6514"}],"curies":[{"name":"wp","href":"https:\/\/api.w.org\/{rel}","templated":true}]}}