{"id":6535,"date":"2024-06-30T07:11:57","date_gmt":"2024-06-30T05:11:57","guid":{"rendered":"https:\/\/serbenidorm.daliisolutions.com\/index.php\/2024\/06\/30\/las-kellys-de-benidorm-y-la-costa-blanca-auguran-otro-verano-caliente-que-afrontan-con-terror-y-miedo\/"},"modified":"2024-06-30T07:11:57","modified_gmt":"2024-06-30T05:11:57","slug":"las-kellys-de-benidorm-y-la-costa-blanca-auguran-otro-verano-caliente-que-afrontan-con-terror-y-miedo","status":"publish","type":"post","link":"https:\/\/serbenidorm.daliisolutions.com\/index.php\/2024\/06\/30\/las-kellys-de-benidorm-y-la-costa-blanca-auguran-otro-verano-caliente-que-afrontan-con-terror-y-miedo\/","title":{"rendered":"Las Kellys de Benidorm y la Costa Blanca auguran otro \u00abverano caliente\u00bb que afrontan con \u00abterror\u00bb y \u00abmiedo\u00bb"},"content":{"rendered":"  <p>Alicante<\/p>   <p>Las camareras de piso de Benidorm y la Costa Blanca auguran otro \u00abverano caliente\u00bb con excesiva sobrecarga de trabajo ante las <a href=\"https:\/\/cadenaser.com\/comunitat-valenciana\/2024\/06\/02\/el-sector-turistico-arranca-la-temporada-estival-con-perspectivas-de-mantener-o-superar-los-niveles-de-ocupacion-del-verano-de-2023-radio-alicante\/\" target=\"_blank\" rel=\"noopener\">buenas previsiones tur\u00edsticas <\/a>que se manejan. <\/p>   <p>Unas trabajadoras que afrontan estos pr\u00f3ximos meses con \u00abterror\u00bb y \u00abmiedo\u00bb ante el aumento de las pernoctaciones en los hoteles. Estas pernoctaciones, adem\u00e1s, han cambiado en los \u00faltimos a\u00f1os y son m\u00e1s cortas, lo que tambi\u00e9n les supone una mayor carga de trabajo. Un periodo estival que les genera mucha ansiedad en el d\u00eda a d\u00eda y por el que, en muchas ocasiones, se tienen que medicar para poder soportar las jornadas. <\/p>   <p><p>M\u00e1s informaci\u00f3n<\/p><ul><li><a href=\"https:\/\/cadenaser.com\/comunitat-valenciana\/2024\/06\/02\/el-sector-turistico-arranca-la-temporada-estival-con-perspectivas-de-mantener-o-superar-los-niveles-de-ocupacion-del-verano-de-2023-radio-alicante\/\"><span>El sector tur\u00edstico arranca la temporada estival con perspectivas de mantener o superar los niveles de ocupaci\u00f3n del verano de 2023<\/span><\/a><\/li><\/ul><\/p>   <p>Dori V\u00e1zquez, miembro de la Asociaci\u00f3n de Kellys de Benidorm y la Costa Blanca, explica que con el paso de los a\u00f1os las dolencias van apareciendo en las camareras de piso, una situaci\u00f3n que tambi\u00e9n provoca muchas bajas laborales. \u00abTenemos afectadas muchas de las articulaciones de nuestro cuerpo\u00bb admite. <\/p>   <p>V\u00e1zquez asegura que durante esta temporada estival les pueden rebajar alguna habitaci\u00f3n, pero reconoce que\u00a0se incrementan las camas o se a\u00f1aden cunas de beb\u00e9, por lo que las cargas de trabajo se mantienen o incluso aumentan.\u00a0La media de habitaciones por camarera de piso se encuentra entre 20 y 25.<\/p>  <p><p class=\"tit\"><span>Dori V\u00e1zquez, miembro de la Asociaci\u00f3n de Kellys de Benidorm y la Costa Blanca: \u00abSe espera un verano caliente\u00bb<\/span><\/p> <p class=\"emb\"><iframe loading=\"lazy\" src=\"https:\/\/cadenaser.com\/embed\/audio\/460\/1719663158349\/\" width=\"100%\" height=\"360\" frameborder=\"0\" allowfullscreen><\/iframe><\/p><\/p>   <p>Por ello, reclama al Gobierno, patronal y sindicatos que se pongan de acuerdo y declaren esta profesi\u00f3n como \u00abtrabajo penoso\u00bb. Asegura que es muy complicado llegar a los 67 a\u00f1os y poder realizar este oficio. <\/p>   <p>     .c-w{         max-width:444px;         width:100%;         margin:16px auto;      background:#00755E;         border-radius:4px;         display:flex;         align-items:center;         justify-content:center;     }     .c-w a{         display:flex;         align-items:center;         justify-content:center;         padding:4px 24px;     }     .c-w img{         width:24px;         margin-right:12px;     }     .c-w p{         font:18px\/25px Poppins;         text-align:center;         color:#fff;         margin:0;     }     @media (max-width:444px){         .c-w a{             padding:4px 12px;         }         .c-w img{             width:24px;             margin-right:8px;         }         .c-w p{             font:14px\/25px Poppins;         }     }     @media (max-width:335px){         .c-w p{             font:13px\/25px Poppins;         }     }  <div class=\"c-w\">     <a href=\"https:\/\/www.whatsapp.com\/channel\/0029Va633PF9WtC4l7XUzh1e\" target=\"_blank\" rel=\"noopener\">         <img decoding=\"async\" src=\"https:\/\/cadenaser.com\/estaticos\/recursosgraficos\/responsive\/img\/ico-whatsapp.svg\" alt=\"Whatsapp\">         <p>\u00danete al <b>canal de WhatsApp<\/b> de la SER<\/p>     <\/a> <\/div><\/p>   <p>Las camareras de piso <a href=\"https:\/\/cadenaser.com\/comunitat-valenciana\/2024\/05\/01\/las-kellys-lamentan-que-no-se-convoquen-las-mesas-de-trabajo-para-calcular-la-carga-que-pueden-soportar-radio-alicante\/\" target=\"_blank\" rel=\"noopener\">siguen esperando la convocatoria de la Mesa de Trabajo<\/a> que regule las cargas, pero, sin mucha confianza. \u00abNi est\u00e1 ni se le espera\u00bb admite V\u00e1zquez. Lamenta que en la gran mayor\u00eda de los hoteles no se hagan los estudios ergon\u00f3micos psicosociales porque \u00abno todas las camareras tienen el mismo ritmo de trabajo\u00bb.<\/p>   <p>Cree que para solucionar este problema hace falta \u00abvoluntad\u00bb. Recuerda que los hoteles han tenido r\u00e9cord de ganancias en los dos \u00faltimos a\u00f1os por lo que pide que ello repercuta en mejorar las condiciones de trabajo del colectivo.<\/p> ","protected":false},"excerpt":{"rendered":"<p>Durante el verano se incrementan las camas por habitaci\u00f3n lo que aumenta la carga de trabajo de unas profesionales que arrastran diversas dolencias f\u00edsicas<\/p>\n","protected":false},"author":0,"featured_media":6536,"comment_status":"open","ping_status":"open","sticky":false,"template":"","format":"standard","meta":{"_acf_changed":false,"footnotes":""},"categories":[1],"tags":[],"class_list":["post-6535","post","type-post","status-publish","format-standard","has-post-thumbnail","hentry","category-sin-categoria"],"acf":{"ser_id":"APXRZCI23BESDGYQCIAIBDRX5Q","ser_url":"https:\/\/cadenaser.com\/comunitat-valenciana\/2024\/06\/29\/las-kellys-de-benidorm-y-la-costa-blanca-auguran-otro-verano-caliente-que-afrontan-con-terror-y-miedo-radio-alicante\/"},"_links":{"self":[{"href":"https:\/\/serbenidorm.daliisolutions.com\/index.php\/wp-json\/wp\/v2\/posts\/6535","targetHints":{"allow":["GET"]}}],"collection":[{"href":"https:\/\/serbenidorm.daliisolutions.com\/index.php\/wp-json\/wp\/v2\/posts"}],"about":[{"href":"https:\/\/serbenidorm.daliisolutions.com\/index.php\/wp-json\/wp\/v2\/types\/post"}],"replies":[{"embeddable":true,"href":"https:\/\/serbenidorm.daliisolutions.com\/index.php\/wp-json\/wp\/v2\/comments?post=6535"}],"version-history":[{"count":0,"href":"https:\/\/serbenidorm.daliisolutions.com\/index.php\/wp-json\/wp\/v2\/posts\/6535\/revisions"}],"wp:featuredmedia":[{"embeddable":true,"href":"https:\/\/serbenidorm.daliisolutions.com\/index.php\/wp-json\/wp\/v2\/media\/6536"}],"wp:attachment":[{"href":"https:\/\/serbenidorm.daliisolutions.com\/index.php\/wp-json\/wp\/v2\/media?parent=6535"}],"wp:term":[{"taxonomy":"category","embeddable":true,"href":"https:\/\/serbenidorm.daliisolutions.com\/index.php\/wp-json\/wp\/v2\/categories?post=6535"},{"taxonomy":"post_tag","embeddable":true,"href":"https:\/\/serbenidorm.daliisolutions.com\/index.php\/wp-json\/wp\/v2\/tags?post=6535"}],"curies":[{"name":"wp","href":"https:\/\/api.w.org\/{rel}","templated":true}]}}