{"id":6565,"date":"2024-07-01T10:30:18","date_gmt":"2024-07-01T08:30:18","guid":{"rendered":"https:\/\/serbenidorm.daliisolutions.com\/index.php\/2024\/07\/01\/felipe-orts-se-despide-con-victoria-de-la-copa-de-espana\/"},"modified":"2024-07-01T10:34:11","modified_gmt":"2024-07-01T08:34:11","slug":"felipe-orts-se-despide-con-victoria-de-la-copa-de-espana","status":"publish","type":"post","link":"https:\/\/serbenidorm.daliisolutions.com\/index.php\/2024\/07\/01\/felipe-orts-se-despide-con-victoria-de-la-copa-de-espana\/","title":{"rendered":"Felipe Orts se despide con victoria de la Copa de Espa\u00f1a"},"content":{"rendered":"\n<p>Benidorm<\/p>\n\n\n\n<p>El ciclista vilero <a href=\"https:\/\/cadenaser.com\/tag\/felipe_orts_lloret\/a\/\" target=\"_blank\" rel=\"noopener\">Felipe Orts<\/a> ha despejado buena parte de las dudas que pudiera haber acumulado en las irregulares semanas previas a la disputa de la \u00faltima prueba puntuable para la Copa de Espa\u00f1a de bicicleta de monta\u00f1a y se vuelve a colocar como uno de los grandes favoritos al triunfo en el Campeonato Nacional, que se disputar\u00e1 en Huelva el d\u00eda 14 de julio.<\/p>\n\n\n\n<p>Orts reapareci\u00f3 en el certamen nacional imponi\u00e9ndose con absoluta autoridad en la carrera celebrada en Cervera del Maestre (Castell\u00f3n) gracias a un brutal cambio de ritmo en la pen\u00faltima vuelta que le coloc\u00f3 al frente de la prueba en solitario.<\/p>\n\n\n\n<p><\/p>\n\n\n\n<p>El de La Vila Joiosa viajaba a tierras castellonenses con el claro objetivo de conseguir la victoria, una meta que comenz\u00f3 a fraguar ya en los primeros compases de la jornada, ganando puestos con solvencia hasta colocarse en segunda posici\u00f3n, a la estela del l\u00edder de la competici\u00f3n, Cristofer Bosque.<\/p>\n\n\n\n<p>Este guion se prolongar\u00eda en el tiempo, con ambos corredores abriendo margen respecto a los perseguidores. Felipe Orts, con muy buenas sensaciones, decid\u00eda dosificar los esfuerzos en busca del triunfo. Con la estrategia bien definida, el corredor vilero asestaba un cambio de ritmo a falta de dos vueltas, haciendo valer su gran explosividad, para marcharse en solitario consiguiendo una ventaja cercana al medio minuto.<\/p>\n\n\n\n<p>Con las diferencias estabilizadas, Orts disfrutaba en los \u00faltimos kil\u00f3metros para llegar alzar los brazos en l\u00ednea de meta consiguiendo un triunfo con aroma a redenci\u00f3n en una temporada marcada por la mala fortuna y los contratiempos.<\/p>\n\n\n\n<p>Con este resultado, Orts concluye la Copa de Espa\u00f1a sumando dos victorias consecutivas y consiguiendo la segunda posici\u00f3n en la clasificaci\u00f3n general.<\/p>\n\n\n\n<p>Nada m\u00e1s cruzar la l\u00ednea de meta, el ciclista de La Vila Joiosa aseguraba que hab\u00eda sido una \u201cvictoria muy trabajada. Era una carrera muy larga con mucho desgaste. Viendo la situaci\u00f3n de carrera he jugado mi baza, he sufrido mucho siguiendo a Cristofer pero a falta de dos vueltas he visto que ya no manten\u00eda el mismo ritmo y he decidido arrancar abriendo unos metros que han acabado siendo definitivos\u201d. En cuanto a la Copa de Espa\u00f1a, Orts ha asegurado acabarla \u201csatisfecho, consiguiendo dos victorias y la segunda plaza en la clasificaci\u00f3n general\u201d.<\/p>\n","protected":false},"excerpt":{"rendered":"<p>El ciclista vilero se impuso en Cervera del Maestre antes del Campeonato de Espa\u00f1a<\/p>\n","protected":false},"author":1,"featured_media":6566,"comment_status":"open","ping_status":"open","sticky":false,"template":"","format":"standard","meta":{"_acf_changed":false,"footnotes":""},"categories":[16],"tags":[],"class_list":["post-6565","post","type-post","status-publish","format-standard","has-post-thumbnail","hentry","category-deportes"],"acf":{"ser_id":"W6YJYPDEDVERBAU5ABG3762KHM","ser_url":"https:\/\/cadenaser.com\/comunitat-valenciana\/2024\/07\/01\/felipe-orts-se-despide-con-victoria-de-la-copa-de-espana-radio-benidorm\/"},"_links":{"self":[{"href":"https:\/\/serbenidorm.daliisolutions.com\/index.php\/wp-json\/wp\/v2\/posts\/6565","targetHints":{"allow":["GET"]}}],"collection":[{"href":"https:\/\/serbenidorm.daliisolutions.com\/index.php\/wp-json\/wp\/v2\/posts"}],"about":[{"href":"https:\/\/serbenidorm.daliisolutions.com\/index.php\/wp-json\/wp\/v2\/types\/post"}],"author":[{"embeddable":true,"href":"https:\/\/serbenidorm.daliisolutions.com\/index.php\/wp-json\/wp\/v2\/users\/1"}],"replies":[{"embeddable":true,"href":"https:\/\/serbenidorm.daliisolutions.com\/index.php\/wp-json\/wp\/v2\/comments?post=6565"}],"version-history":[{"count":1,"href":"https:\/\/serbenidorm.daliisolutions.com\/index.php\/wp-json\/wp\/v2\/posts\/6565\/revisions"}],"predecessor-version":[{"id":6567,"href":"https:\/\/serbenidorm.daliisolutions.com\/index.php\/wp-json\/wp\/v2\/posts\/6565\/revisions\/6567"}],"wp:featuredmedia":[{"embeddable":true,"href":"https:\/\/serbenidorm.daliisolutions.com\/index.php\/wp-json\/wp\/v2\/media\/6566"}],"wp:attachment":[{"href":"https:\/\/serbenidorm.daliisolutions.com\/index.php\/wp-json\/wp\/v2\/media?parent=6565"}],"wp:term":[{"taxonomy":"category","embeddable":true,"href":"https:\/\/serbenidorm.daliisolutions.com\/index.php\/wp-json\/wp\/v2\/categories?post=6565"},{"taxonomy":"post_tag","embeddable":true,"href":"https:\/\/serbenidorm.daliisolutions.com\/index.php\/wp-json\/wp\/v2\/tags?post=6565"}],"curies":[{"name":"wp","href":"https:\/\/api.w.org\/{rel}","templated":true}]}}