{"id":6569,"date":"2024-07-01T11:32:26","date_gmt":"2024-07-01T09:32:26","guid":{"rendered":"https:\/\/serbenidorm.daliisolutions.com\/index.php\/2024\/07\/01\/el-atletismo-espanol-pone-rumbo-a-paris-desde-la-nucia\/"},"modified":"2024-07-01T11:32:26","modified_gmt":"2024-07-01T09:32:26","slug":"el-atletismo-espanol-pone-rumbo-a-paris-desde-la-nucia","status":"publish","type":"post","link":"https:\/\/serbenidorm.daliisolutions.com\/index.php\/2024\/07\/01\/el-atletismo-espanol-pone-rumbo-a-paris-desde-la-nucia\/","title":{"rendered":"El atletismo espa\u00f1ol pone rumbo a Par\u00eds desde La Nuc\u00eda"},"content":{"rendered":"  <p>Benidorm<\/p>   <p>Cinco a\u00f1os despu\u00e9s de la espectacular inauguraci\u00f3n que supuso la celebraci\u00f3n del evento para el Estadi Ol\u00edmpic Camilo Cano, La Nuc\u00eda acog\u00eda este fin de semana por segunda vez el Campeonato de Espa\u00f1a Absoluto de atletismo, una prueba claramente marcada por la proximidad de los Juegos Ol\u00edmpicos que dentro de menos de un mes se celebrar\u00e1n en Par\u00eds.<\/p>   <p>Durante tres jornadas, lo mejor del atletismo espa\u00f1ol se cit\u00f3 en una competici\u00f3n marcada, adem\u00e1s de por el espect\u00e1culo deportivo, por las cambiantes condiciones de viento, que condicionaron el desempe\u00f1o de los atletas, especialmente, en las pruebas de lanzamiento y velocidad.<\/p>   <p>Con todo, una vez m\u00e1s, el nivel organizativo brill\u00f3 por su excelencia y el espect\u00e1culo ofrecido por los m\u00e1s de 700 deportistas que se dieron cita en la Ciutat Esportiva Camilo Cano fue del agrado de un p\u00fablico que abarrot\u00f3 las gradas durante las seis sesiones, especialmente las vespertinas.<\/p>   <p><b>Ning\u00fan r\u00e9cord de Espa\u00f1a<\/b><\/p>   <p>Un p\u00fablico que, eso s\u00ed, se qued\u00f3 con las ganas de ver caer alguno de los r\u00e9cords de Espa\u00f1a vigentes. Los que si cayeron fueron algunos r\u00e9cords del campeonato, como el de los 800 metros femeninos, que estaba en vigor desde 2002 con los 2:00.51 de la hist\u00f3rica Mayte Mart\u00ednez y que Lorea Ibarzabal ha dejado ahora en 2:00.12, todav\u00eda muy lejos del 1:57.45 de Maite Z\u00fa\u00f1iga (r\u00e9cord de Espa\u00f1a desde 1988).<\/p>   <p>Tambi\u00e9n mejor\u00f3 el r\u00e9cord del campeonato de Espa\u00f1a de los 1.500 femeninos Esther Guerrero, que se hizo con el oro con un tiempo de 4:02.75, pulverizando los 4:09.63 de Natalia Rodr\u00edguez en 2003, pero todav\u00eda lejos del r\u00e9cord de Espa\u00f1a de esta misma atleta (logrado en 2005) con 3:59.51.<\/p>   <p>     .c-w{         max-width:444px;         width:100%;         margin:16px auto;      background:#00755E;         border-radius:4px;         display:flex;         align-items:center;         justify-content:center;     }     .c-w a{         display:flex;         align-items:center;         justify-content:center;         padding:4px 24px;     }     .c-w img{         width:24px;         margin-right:12px;     }     .c-w p{         font:18px\/25px Poppins;         text-align:center;         color:#fff;         margin:0;     }     @media (max-width:444px){         .c-w a{             padding:4px 12px;         }         .c-w img{             width:24px;             margin-right:8px;         }         .c-w p{             font:14px\/25px Poppins;         }     }     @media (max-width:335px){         .c-w p{             font:13px\/25px Poppins;         }     }  <div class=\"c-w\">     <a href=\"https:\/\/www.whatsapp.com\/channel\/0029Va633PF9WtC4l7XUzh1e\" target=\"_blank\" rel=\"noopener\">         <img decoding=\"async\" src=\"https:\/\/cadenaser.com\/estaticos\/recursosgraficos\/responsive\/img\/ico-whatsapp.svg\" alt=\"Whatsapp\">         <p>\u00danete al <b>canal de WhatsApp<\/b> de la SER<\/p>     <\/a> <\/div><\/p>   <p>Por su parte, Carolina Robles mejor\u00f3 el r\u00e9cord del campeonato en los 3.000 obst\u00e1culos femeninos con un tiempo de 9:22.19, mejorando los 9:26.35 que el a\u00f1o pasado marc\u00f3 Marta Serrano, pero muy lejos, de nuevo, del r\u00e9cord nacional que desde 2009 tiene en su poder Marta Dom\u00ednguez con 9:09.39.<\/p>   <p>Adem\u00e1s, M\u00aa Bel\u00e9n Toimil mejor\u00f3 la plusmarca del campeonato con un lanzamiento de 18,75 metros en la prueba de peso, mejorando su propia marca de 2021 (18,52) y qued\u00e1ndose muy cerca de los 18,80 del r\u00e9cord de Espa\u00f1a que ella misma posee.<\/p>   <p><b>Medallero<\/b><\/p>   <p><b>100 m masculino<br \/>  <\/b>1\u00ba Abel Jord\u00e1n<br \/> 2\u00ba Ricardo S\u00e1nchez<br \/> 3\u00ba Bernat Canet<\/p>   <p><b>100 m femenino<br \/>  <\/b>1\u00ba Paula Garc\u00eda<br \/> 2\u00ba Luc\u00eda Carrillo<br \/> 3\u00ba Sonia Molina<\/p>   <p><b>200 m masculino<br \/>  <\/b>1\u00ba Pol Retamal<br \/> 2\u00ba Juan Carlos Castillo<br \/> 3\u00ba Daniel Gonz\u00e1lez<\/p>   <p><b>200 m femenino<br \/>  <\/b>1\u00ba Jael Sakura Bestue<br \/> 2\u00ba Paula Sevilla<br \/> 3\u00ba Esther Navero<\/p>   <p><b>400 m masculino<br \/>  <\/b>1\u00ba \u00d3scar Husillos<br \/> 2\u00ba I\u00f1aki Ca\u00f1al<br \/> 3\u00ba David Garc\u00eda<\/p>   <p><b>400 m femenino<br \/>  <\/b>1\u00ba Berta Segura<br \/> 2\u00ba Blanca Herv\u00e1s<br \/> 3\u00ba Carmen Avil\u00e9s<\/p>   <p><b>800 m masculino<br \/>  <\/b>1\u00ba Mohamed Attaoui<br \/> 2\u00ba Elvin J. Canales<br \/> 3\u00ba Adri\u00e1n Ben<\/p>   <p><b>800 m femenino<br \/>  <\/b>1\u00ba Lorea Ibarzabal<br \/> 2\u00ba Daniela Garc\u00eda<br \/> 3\u00ba Luc\u00eda Pinacchio<\/p>   <p><b>1.500 m masculino<br \/>  <\/b>1\u00ba Adel Mechaal<br \/> 2\u00ba Javier Mir\u00f3n<br \/> 3\u00ba Mario Garc\u00eda<\/p>   <p><b>1.500 m femenino<br \/>  <\/b>1\u00ba Esther Guerrero<br \/> 2\u00ba \u00c1gueda Marqu\u00e9s<br \/> 3\u00ba Naima Ait Alibou<\/p>   <p><b>5.000 m masculino<br \/>  <\/b>1\u00ba Thierry Ndikumwenayo<br \/> 2\u00ba Adel Mechaal<br \/> 3\u00ba Eduardo Menchano<\/p>   <p><b>5.000 m femenino<br \/>  <\/b>1\u00ba Marta Garc\u00eda<br \/> 2\u00ba Idaira Prieto<br \/> 3\u00ba Mar\u00eda Forero<\/p>   <p><b>110 m vallas masculino<br \/>  <\/b>1\u00ba Asier Mart\u00ednez<br \/> 2\u00ba Abel Jordan<br \/> 3\u00ba John Cabang<\/p>   <p><b>100 m vallas femenino<br \/>  <\/b>1\u00ba Laura Banko<br \/> 2\u00ba Claudia Villalante<br \/> 3\u00ba Mireia L\u00f3pez<\/p>   <p><b>400 m vallas masculino<br \/>  <\/b>1\u00ba Jes\u00fas D. Delgado<br \/> 2\u00ba Sergio Fern\u00e1ndez<br \/> 3\u00ba Javier Lorente<\/p>   <p><b>400 m vallas femenino<br \/>  <\/b>1\u00ba Daniela Fra<br \/> 2\u00ba Sara Gallego<br \/> 3\u00ba Carla Garc\u00eda<\/p>   <p><b>3.000 obst\u00e1culos masculino<br \/>  <\/b>1\u00ba Daniel Arce<br \/> 2\u00ba V\u00edctor Ruiz<br \/> 3\u00ba Sebasti\u00e1n Martos<\/p>   <p><b>3.000 obst\u00e1culos femenino<br \/>  <\/b>1\u00ba Carolina Robles<br \/> 2\u00ba Irene S\u00e1nchez-Escribano<br \/> 3\u00ba Marta Serrano<\/p>   <p><b>Salto de altura masculino<br \/>  <\/b>1\u00ba David Gonz\u00e1lez<br \/> 2\u00ba Alexis Sastre<br \/> 3\u00ba Carlos Rojas<\/p>   <p><b>Salto de altura femenino<br \/>  <\/b>1\u00ba Una Stancev<br \/> 2\u00ba Celia Rifaterra<br \/> 3\u00ba Ona Bonet<\/p>   <p><b>P\u00e9rtiga masculino<br \/>  <\/b>1\u00ba Adri\u00e1n P\u00e9rez<br \/> 2\u00ba Juan Luis Bravo<br \/> 3\u00ba Artur Coll<\/p>   <p><b>P\u00e9rtiga femenina<br \/>  <\/b>1\u00ba Malen Ruiz de Azua<br \/> 2\u00ba Aslin Quiala<br \/> 3\u00ba M\u00f3nica Clemente<\/p>   <p><b>Salto de longitud masculino<br \/>  <\/b>1\u00ba Jaime Guerra<br \/> 2\u00ba Eusebio C\u00e1ceres<br \/> 3\u00ba Iker Arotzena<\/p>   <p><b>Salto de longitud femenino<br \/>  <\/b>1\u00ba Tessy Ebosele <br \/> 2\u00ba Irati Mitxelena<br \/> 3\u00ba Andrea Arilla<\/p>   <p><b>Triple salto masculino<br \/>  <\/b>1\u00ba Jordan D\u00edaz<br \/> 2\u00ba Vicente Docavo<br \/> 3\u00ba Pablo Delgado<\/p>   <p><b>Triple salto femenino<br \/>  <\/b>1\u00ba Ana Peleteiro<br \/> 2\u00ba Elda Romeva<br \/> 3\u00ba Naroa Furundarena<\/p>   <p><b>Lanzamiento de peso masculino<br \/>  <\/b>1\u00ba Carlos Tobalina<br \/> 2\u00ba Miguel G\u00f3mez<br \/> 3\u00ba Andre Muller<\/p>   <p><b>Lanzamiento de peso femenino<br \/>  <\/b>1\u00ba M\u00aa Bel\u00e9n Toimil<br \/> 2\u00ba In\u00e9s L\u00f3pez<br \/> 3\u00ba Andrea Njimi Tankeu<\/p>   <p><b>Lanzamiento de disco masculino<br \/>  <\/b>1\u00ba Diego Casas<br \/> 2\u00ba Yasiel B. Sotero<br \/> 3\u00ba Luis M. Ram\u00edrez<\/p>   <p><b>Lanzamiento de disco femenino<br \/>  <\/b>1\u00ba In\u00e9s L\u00f3pez<br \/> 2\u00ba June Kintana<br \/> 3\u00ba Nkena Naomey Enzenwa<\/p>   <p><b>Lanzamiento de martillo masculino<br \/>  <\/b>1\u00ba Kevin Arreaga<br \/> 2\u00ba Yasmani Fern\u00e1ndez<br \/> 3\u00ba Pedro J. Mart\u00edn<\/p>   <p><b>Lanzamiento de martillo femenino<br \/>  <\/b>1\u00ba Laura Redondo<br \/> 2\u00ba Gema Mart\u00ed<br \/> 3\u00ba Natalia S\u00e1nchez<\/p>   <p><b>Lanzamiento de jabalina masculino<br \/>  <\/b>1\u00ba Manu Quijera<br \/> 2\u00ba Nash Lowis<br \/> 3\u00ba Nicol\u00e1s Quijera<\/p>   <p><b>Lanzamiento de jabalina femenino<br \/>  <\/b>1\u00ba Yulenmis Aguilar<br \/> 2\u00ba Carmen S\u00e1nchez<br \/> 3\u00ba Enya Carretero<\/p>   <p><b>Decatl\u00f3n masculino<br \/>  <\/b>1\u00ba Jorge Ure\u00f1a<br \/> 2\u00ba David Abrines<br \/> 3\u00ba Gerson Vidal Izaguirre<\/p>   <p><b>Hepatatl\u00f3n femenino<br \/>  <\/b>1\u00ba Sofi Cosculluela<br \/> 2\u00ba Ivet Rovira<br \/> 3\u00ba Paula P\u00e9rez<\/p>   <p><b>10.000 marcha masculino<br \/>  <\/b>1\u00ba \u00c1lvaro Mart\u00edn<br \/> 2\u00ba Miguel \u00c1ngel L\u00f3pez<br \/> 3\u00ba Daniel Chamosa<\/p>   <p><b>10.000 marcha femenino<br \/>  <\/b>1\u00ba Raquel Gonz\u00e1lez<br \/> 2\u00ba Antia Chamosa<br \/> 3\u00ba Lidia S\u00e1nchez<\/p>   <p><b>4&#215;100 masculino<br \/>  <\/b>1\u00ba Real Sociedad<br \/> 2\u00ba Facsa-Playas de Castell\u00f3n<br \/> 3\u00ba Fent Cam\u00ed Mislata<\/p>   <p><b>4&#215;100 femenino<br \/>  <\/b>1\u00ba Facsa-Playas de Castell\u00f3n<br \/> 2\u00ba Grumpompleo Pamplona<br \/> 3\u00ba Atletismo Alcorc\u00f3n<\/p>   <p><b>4&#215;400 masculino<br \/>  <\/b>1\u00ba Facsa-Playas de Castell\u00f3n<br \/> 2\u00ba Intec-Zoiti<br \/> 3\u00ba L\u2019Hospitalet<\/p>   <p><b>4&#215;400 femenino<br \/>  <\/b>1\u00ba Val\u00e8ncia<br \/> 2\u00ba Facsa-Playas de Castell\u00f3n<br \/> 3\u00ba Atletismo Pi\u00e9lagos<\/p> ","protected":false},"excerpt":{"rendered":"<p>La localidad alicantina acogi\u00f3 este fin de semana el Campeonato de Espa\u00f1a por segunda vez en cinco a\u00f1os<\/p>\n","protected":false},"author":0,"featured_media":6570,"comment_status":"open","ping_status":"open","sticky":false,"template":"","format":"standard","meta":{"_acf_changed":false,"footnotes":""},"categories":[16],"tags":[],"class_list":["post-6569","post","type-post","status-publish","format-standard","has-post-thumbnail","hentry","category-deportes"],"acf":{"ser_id":"Z2W2BSMUCBBM7I3OWSBFZ6UNIE","ser_url":"https:\/\/cadenaser.com\/comunitat-valenciana\/2024\/07\/01\/el-atletismo-espanol-pone-rumbo-a-paris-desde-la-nucia-radio-benidorm\/"},"_links":{"self":[{"href":"https:\/\/serbenidorm.daliisolutions.com\/index.php\/wp-json\/wp\/v2\/posts\/6569","targetHints":{"allow":["GET"]}}],"collection":[{"href":"https:\/\/serbenidorm.daliisolutions.com\/index.php\/wp-json\/wp\/v2\/posts"}],"about":[{"href":"https:\/\/serbenidorm.daliisolutions.com\/index.php\/wp-json\/wp\/v2\/types\/post"}],"replies":[{"embeddable":true,"href":"https:\/\/serbenidorm.daliisolutions.com\/index.php\/wp-json\/wp\/v2\/comments?post=6569"}],"version-history":[{"count":0,"href":"https:\/\/serbenidorm.daliisolutions.com\/index.php\/wp-json\/wp\/v2\/posts\/6569\/revisions"}],"wp:featuredmedia":[{"embeddable":true,"href":"https:\/\/serbenidorm.daliisolutions.com\/index.php\/wp-json\/wp\/v2\/media\/6570"}],"wp:attachment":[{"href":"https:\/\/serbenidorm.daliisolutions.com\/index.php\/wp-json\/wp\/v2\/media?parent=6569"}],"wp:term":[{"taxonomy":"category","embeddable":true,"href":"https:\/\/serbenidorm.daliisolutions.com\/index.php\/wp-json\/wp\/v2\/categories?post=6569"},{"taxonomy":"post_tag","embeddable":true,"href":"https:\/\/serbenidorm.daliisolutions.com\/index.php\/wp-json\/wp\/v2\/tags?post=6569"}],"curies":[{"name":"wp","href":"https:\/\/api.w.org\/{rel}","templated":true}]}}