{"id":6571,"date":"2024-07-01T11:42:58","date_gmt":"2024-07-01T09:42:58","guid":{"rendered":"https:\/\/serbenidorm.daliisolutions.com\/index.php\/2024\/07\/01\/condenado-a-tres-anos-y-medio-por-violar-a-una-joven-a-la-que-abordo-a-la-salida-de-un-pub-de-benidorm\/"},"modified":"2024-07-01T11:42:58","modified_gmt":"2024-07-01T09:42:58","slug":"condenado-a-tres-anos-y-medio-por-violar-a-una-joven-a-la-que-abordo-a-la-salida-de-un-pub-de-benidorm","status":"publish","type":"post","link":"https:\/\/serbenidorm.daliisolutions.com\/index.php\/2024\/07\/01\/condenado-a-tres-anos-y-medio-por-violar-a-una-joven-a-la-que-abordo-a-la-salida-de-un-pub-de-benidorm\/","title":{"rendered":"Condenado a tres a\u00f1os y medio por violar a una joven a la que abord\u00f3 a la salida de un pub de Benidorm"},"content":{"rendered":"  <p>Benidorm<\/p>   <p>Un hombre ha sido condenado por la Audiencia de Alicante a tres a\u00f1os y seis meses de prisi\u00f3n por violar a una joven a la que abord\u00f3 a la salida de un pub de Benidorm.<\/p>   <p>El suceso ocurri\u00f3 en torno a las 7.30 horas del 23 de diciembre de 2018, cuando la v\u00edctima ten\u00eda 19 a\u00f1os y el encausado, 43.<\/p>   <p>La sentencia, dictada por un tribunal de la Secci\u00f3n D\u00e9cima, considera probado que el procesado <a href=\"https:\/\/cadenaser.com\/tag\/benidorm\/a\/\" target=\"_blank\" rel=\"noopener\">se aproxim\u00f3 a la chica cuando caminaba por la avenida de Mallorca<\/a> y entabl\u00f3 conversaci\u00f3n con ella. Poco despu\u00e9s, al comprobar que estaban solos, la cogi\u00f3 con fuerza de los brazos \u201cde forma sorpresiva\u201d y la viol\u00f3, seg\u00fan la resoluci\u00f3n judicial.<\/p>   <p>Acto seguido, el acusado huy\u00f3 del lugar de los hechos, dejando a la v\u00edctima \u00abtirada en el suelo, no siendo socorrida por nadie\u201d, se\u00f1ala el fallo. Finalmente, la joven pudo incorporarse y caminar hasta que encontr\u00f3 un coche de Polic\u00eda y solicit\u00f3 ayuda.<\/p>   <p>Reconoce los hechos<\/p>   <p>El procesado asumi\u00f3 los hechos en el inicio de la vista, celebrada el pasado 18 de junio, despu\u00e9s de haber alcanzado un acuerdo de conformidad con la Fiscal\u00eda y de haber consignado la cantidad de 33.000 euros para compensar a la v\u00edctima de la violaci\u00f3n.<\/p>   <p>     .c-w{         max-width:444px;         width:100%;         margin:16px auto;      background:#00755E;         border-radius:4px;         display:flex;         align-items:center;         justify-content:center;     }     .c-w a{         display:flex;         align-items:center;         justify-content:center;         padding:4px 24px;     }     .c-w img{         width:24px;         margin-right:12px;     }     .c-w p{         font:18px\/25px Poppins;         text-align:center;         color:#fff;         margin:0;     }     @media (max-width:444px){         .c-w a{             padding:4px 12px;         }         .c-w img{             width:24px;             margin-right:8px;         }         .c-w p{             font:14px\/25px Poppins;         }     }     @media (max-width:335px){         .c-w p{             font:13px\/25px Poppins;         }     }  <div class=\"c-w\">     <a href=\"https:\/\/www.whatsapp.com\/channel\/0029Va633PF9WtC4l7XUzh1e\" target=\"_blank\" rel=\"noopener\">         <img decoding=\"async\" src=\"https:\/\/cadenaser.com\/estaticos\/recursosgraficos\/responsive\/img\/ico-whatsapp.svg\" alt=\"Whatsapp\">         <p>\u00danete al <b>canal de WhatsApp<\/b> de la SER<\/p>     <\/a> <\/div><\/p>   <p>As\u00ed, el tribunal dict\u00f3 sentencia condenatoria \u2018in voce\u2019 en ese momento, a partir del reconocimiento de hechos del encausado y de las pruebas biol\u00f3gicas que demostraban que hab\u00eda existido la penetraci\u00f3n.<\/p>   <p>En esta l\u00ednea, la sentencia promulgada ahora impone al acusado la pena de tres a\u00f1os y seis meses de prisi\u00f3n, tras aplicar la atenuante de reparaci\u00f3n del da\u00f1o. A ello, se a\u00f1ade la medida de alejamiento respecto de la v\u00edctima por 10 a\u00f1os, adem\u00e1s de 8 a\u00f1os de libertad vigilada.<\/p> ","protected":false},"excerpt":{"rendered":"<p>La v\u00edctima ten\u00eda 19 a\u00f1os y el encausado 43<\/p>\n","protected":false},"author":0,"featured_media":6572,"comment_status":"open","ping_status":"open","sticky":false,"template":"","format":"standard","meta":{"_acf_changed":false,"footnotes":""},"categories":[1],"tags":[],"class_list":["post-6571","post","type-post","status-publish","format-standard","has-post-thumbnail","hentry","category-sin-categoria"],"acf":{"ser_id":"RCCLWK7X2VCBFLXBEEW5MS7HAM","ser_url":"https:\/\/cadenaser.com\/comunitat-valenciana\/2024\/07\/01\/condenado-a-tres-anos-y-medio-por-violar-a-una-joven-a-la-que-abordo-a-la-salida-de-un-pub-de-benidorm-radio-benidorm\/"},"_links":{"self":[{"href":"https:\/\/serbenidorm.daliisolutions.com\/index.php\/wp-json\/wp\/v2\/posts\/6571","targetHints":{"allow":["GET"]}}],"collection":[{"href":"https:\/\/serbenidorm.daliisolutions.com\/index.php\/wp-json\/wp\/v2\/posts"}],"about":[{"href":"https:\/\/serbenidorm.daliisolutions.com\/index.php\/wp-json\/wp\/v2\/types\/post"}],"replies":[{"embeddable":true,"href":"https:\/\/serbenidorm.daliisolutions.com\/index.php\/wp-json\/wp\/v2\/comments?post=6571"}],"version-history":[{"count":0,"href":"https:\/\/serbenidorm.daliisolutions.com\/index.php\/wp-json\/wp\/v2\/posts\/6571\/revisions"}],"wp:featuredmedia":[{"embeddable":true,"href":"https:\/\/serbenidorm.daliisolutions.com\/index.php\/wp-json\/wp\/v2\/media\/6572"}],"wp:attachment":[{"href":"https:\/\/serbenidorm.daliisolutions.com\/index.php\/wp-json\/wp\/v2\/media?parent=6571"}],"wp:term":[{"taxonomy":"category","embeddable":true,"href":"https:\/\/serbenidorm.daliisolutions.com\/index.php\/wp-json\/wp\/v2\/categories?post=6571"},{"taxonomy":"post_tag","embeddable":true,"href":"https:\/\/serbenidorm.daliisolutions.com\/index.php\/wp-json\/wp\/v2\/tags?post=6571"}],"curies":[{"name":"wp","href":"https:\/\/api.w.org\/{rel}","templated":true}]}}