{"id":6573,"date":"2024-07-01T11:50:04","date_gmt":"2024-07-01T09:50:04","guid":{"rendered":"https:\/\/serbenidorm.daliisolutions.com\/index.php\/2024\/07\/01\/esta-sera-la-plantilla-del-c-f-benidorm-en-tercera-rfef\/"},"modified":"2024-07-01T11:50:04","modified_gmt":"2024-07-01T09:50:04","slug":"esta-sera-la-plantilla-del-c-f-benidorm-en-tercera-rfef","status":"publish","type":"post","link":"https:\/\/serbenidorm.daliisolutions.com\/index.php\/2024\/07\/01\/esta-sera-la-plantilla-del-c-f-benidorm-en-tercera-rfef\/","title":{"rendered":"Esta ser\u00e1 la plantilla del C.F. Benidorm en Tercera RFEF"},"content":{"rendered":"  <p>Benidorm<\/p>   <p>El <a href=\"https:\/\/cadenaser.com\/tag\/club_futbol_benidorm\/a\/\" target=\"_blank\" rel=\"noopener\">C.F. Benidorm<\/a> fue el <a href=\"https:\/\/cadenaser.com\/comunitat-valenciana\/2024\/05\/17\/el-benidorm-dice-adios-a-la-lliga-comunitat-en-el-guillermo-amor-radio-benidorm\/\" target=\"_blank\" rel=\"noopener\">gran dominador de la primera edici\u00f3n de la Lliga Comunitat<\/a>, haci\u00e9ndose con el t\u00edtulo de campe\u00f3n del grupo Sur con varias semanas de adelanto sobre el final de la competici\u00f3n y, con ello, el ascenso a la Tercera RFEF.<\/p>   <p>Desde ese momento, la actividad en los despachos de la entidad del Guillermo Amor est\u00e1 siendo fren\u00e9tica con el fin de montar el mejor bloque posible para esa campa\u00f1a de debut en la nueva categor\u00eda.<\/p>  <p><p>M\u00e1s informaci\u00f3n<\/p><figure><img loading=\"lazy\" decoding=\"async\" src=\"https:\/\/cadenaser.com\/resizer\/v2\/DD3KP2UOPBELRAQKJU7UD2XTCI.jpg?auth=43fbc5572fbd2a0f6af33fed38e6fca01f1f69f2db324de76e0c832c7fdbfe4f&amp;quality=70&amp;width=360&amp;height=202&amp;smart=true\" width=\"820\" height=\"621\" \/><\/figure><ul><li><a href=\"https:\/\/cadenaser.com\/tag\/club_futbol_benidorm\/a\/\"><span>Todas las noticias del C.F. Benidorm<\/span><\/a><\/li><\/ul><\/p>   <p>Para la temporada 2024-2025, esta es la plantilla ya confirmada por el C.F. Benidorm. Durante las pr\u00f3ximas semanas el club deber\u00e1 seguir informando sobre los movimientos que completar\u00e1n su cuadro para la nueva campa\u00f1a.<\/p>   <p><b>Altas<\/b><\/p>   <p>Ninguna confirmada todav\u00eda<\/p>   <p><b>Bajas<\/b><\/p>   <p><a href=\"https:\/\/cadenaser.com\/comunitat-valenciana\/2024\/06\/19\/de-capitan-sobre-el-cesped-a-jefe-en-la-grada-jose-cuelga-las-botas-pero-seguira-siendo-un-asiduo-al-guillermo-amor-radio-benidorm\/\" target=\"_blank\" rel=\"noopener\"><b>Jos\u00e9 <\/b>S\u00e1nchez (retirado)<\/a><br \/> <b>Cayetano <\/b>Guti\u00e9rrez<br \/> Javier <b>Rosqu\u00edn<\/b><\/p>   <p>     .c-w{         max-width:444px;         width:100%;         margin:16px auto;      background:#00755E;         border-radius:4px;         display:flex;         align-items:center;         justify-content:center;     }     .c-w a{         display:flex;         align-items:center;         justify-content:center;         padding:4px 24px;     }     .c-w img{         width:24px;         margin-right:12px;     }     .c-w p{         font:18px\/25px Poppins;         text-align:center;         color:#fff;         margin:0;     }     @media (max-width:444px){         .c-w a{             padding:4px 12px;         }         .c-w img{             width:24px;             margin-right:8px;         }         .c-w p{             font:14px\/25px Poppins;         }     }     @media (max-width:335px){         .c-w p{             font:13px\/25px Poppins;         }     }  <div class=\"c-w\">     <a href=\"https:\/\/www.whatsapp.com\/channel\/0029Va633PF9WtC4l7XUzh1e\" target=\"_blank\" rel=\"noopener\">         <img decoding=\"async\" src=\"https:\/\/cadenaser.com\/estaticos\/recursosgraficos\/responsive\/img\/ico-whatsapp.svg\" alt=\"Whatsapp\">         <p>\u00danete al <b>canal de WhatsApp<\/b> de la SER<\/p>     <\/a> <\/div><\/p>   <p><b>Renovados \/ Con contrato en vigor<\/b><\/p>   <p><b>Ayoze<\/b> Espinar<br \/> <b>Jos\u00e9 Carlos <\/b>Aliaga<br \/> Jos\u00e9 Luis <b>Mi\u00f1ano<\/b><br \/> Pablo <b>Morgado<br \/> <\/b>Jonatan <b>Nefatl\u00ed <\/b>D\u00edez<br \/> Mat\u00edas <b>Aquino<br \/> <\/b>Francisco Javier <b>Cabezas<\/b><br \/> <b>Mario<\/b> Izquierdo<br \/> <b>V\u00edcor Mart\u00ednez<br \/> Marcos <\/b>Guill\u00e9n<br \/> Patricio V. Margara <b>\u2018Pato\u2019<\/b><\/p>   <p><b>Entrenador<\/b><\/p>   <p>Miguel \u00c1ngel Mart\u00ednez<\/p> ","protected":false},"excerpt":{"rendered":"<p>El equipo del Guillermo Amor volver\u00e1 a estar dirigido por Miguel \u00c1ngel Mart\u00ednez<\/p>\n","protected":false},"author":0,"featured_media":6574,"comment_status":"open","ping_status":"open","sticky":false,"template":"","format":"standard","meta":{"_acf_changed":false,"footnotes":""},"categories":[16],"tags":[],"class_list":["post-6573","post","type-post","status-publish","format-standard","has-post-thumbnail","hentry","category-deportes"],"acf":{"ser_id":"BAA3PJIBINHONOHT6CMUPYAS6E","ser_url":"https:\/\/cadenaser.com\/comunitat-valenciana\/2024\/07\/01\/esta-sera-la-plantilla-del-cf-benidorm-en-tercera-rfef-radio-benidorm\/"},"_links":{"self":[{"href":"https:\/\/serbenidorm.daliisolutions.com\/index.php\/wp-json\/wp\/v2\/posts\/6573","targetHints":{"allow":["GET"]}}],"collection":[{"href":"https:\/\/serbenidorm.daliisolutions.com\/index.php\/wp-json\/wp\/v2\/posts"}],"about":[{"href":"https:\/\/serbenidorm.daliisolutions.com\/index.php\/wp-json\/wp\/v2\/types\/post"}],"replies":[{"embeddable":true,"href":"https:\/\/serbenidorm.daliisolutions.com\/index.php\/wp-json\/wp\/v2\/comments?post=6573"}],"version-history":[{"count":0,"href":"https:\/\/serbenidorm.daliisolutions.com\/index.php\/wp-json\/wp\/v2\/posts\/6573\/revisions"}],"wp:featuredmedia":[{"embeddable":true,"href":"https:\/\/serbenidorm.daliisolutions.com\/index.php\/wp-json\/wp\/v2\/media\/6574"}],"wp:attachment":[{"href":"https:\/\/serbenidorm.daliisolutions.com\/index.php\/wp-json\/wp\/v2\/media?parent=6573"}],"wp:term":[{"taxonomy":"category","embeddable":true,"href":"https:\/\/serbenidorm.daliisolutions.com\/index.php\/wp-json\/wp\/v2\/categories?post=6573"},{"taxonomy":"post_tag","embeddable":true,"href":"https:\/\/serbenidorm.daliisolutions.com\/index.php\/wp-json\/wp\/v2\/tags?post=6573"}],"curies":[{"name":"wp","href":"https:\/\/api.w.org\/{rel}","templated":true}]}}