{"id":6577,"date":"2024-07-01T13:11:54","date_gmt":"2024-07-01T11:11:54","guid":{"rendered":"https:\/\/serbenidorm.daliisolutions.com\/index.php\/2024\/07\/01\/lalfas-del-pi-benidorm-y-altea-entre-los-municipios-con-la-vivienda-mas-cara-de-toda-la-comunitat-valenciana\/"},"modified":"2024-07-01T13:11:54","modified_gmt":"2024-07-01T11:11:54","slug":"lalfas-del-pi-benidorm-y-altea-entre-los-municipios-con-la-vivienda-mas-cara-de-toda-la-comunitat-valenciana","status":"publish","type":"post","link":"https:\/\/serbenidorm.daliisolutions.com\/index.php\/2024\/07\/01\/lalfas-del-pi-benidorm-y-altea-entre-los-municipios-con-la-vivienda-mas-cara-de-toda-la-comunitat-valenciana\/","title":{"rendered":"L\u2019Alf\u00e1s del P\u00ed, Benidorm y Altea, entre los municipios con la vivienda m\u00e1s cara de toda la Comunitat Valenciana"},"content":{"rendered":"  <p>Benidorm<\/p>   <p>El portal inmobiliario Fotocasa ha publicado los datos acerca de los precios de la vivienda en la Comunidad donde varios municipios de la Marina Baixa se colocan entre los que tienen el metro cuadrado m\u00e1s caro.<\/p>   <p>El municipio alicantino Benij\u00f3far encabeza la lista, con el mayor aumento trimestral y el mayor aumento interanual.<a href=\"https:\/\/cadenaser.com\/tag\/comarca_la_marina_baixa\/a\/\" target=\"_blank\" rel=\"noopener\"> Le sigue en segundo puesto L\u2019Alf\u00e1s del P\u00ed con un precio de 4.283\u20ac\/m2 y un aumento interanual del 45,9%, en quinto puesto est\u00e1 Benidorm con un precio de 3.215\u20ac\/m2 y en d\u00e9cimo puesto Altea con 2.864\u20ac\/m2 <\/a>siendo la \u00fanica que ha disminuido respecto al trimestre anterior, con un -3,7% y un incremento anual menor al 1%.<\/p>   <p>Otro municipio de la Marina Baixa que destaca es La Nuc\u00eda por ser el segundo de la Comunitat Valenciana con mayor incremento en el \u00faltimo trimestre, un 42,1%. Destacando municipios cercanos a la comarca tenemos a Calpe, con un incremento del 13,6%. Pego ser\u00eda la ant\u00edtesis de los dos anteriores, con una disminuci\u00f3n de un 10%.<\/p>  <p><p>M\u00e1s informaci\u00f3n<\/p><figure><img loading=\"lazy\" decoding=\"async\" src=\"https:\/\/cadenaser.com\/resizer\/v2\/YIIX7U7MBRD6TFNQ6MKJRNK7VM.jpg?auth=439ecc1d777a6b97cbeff9ae7ce99a92454056a3db9840142f316a9d1456ccb6&amp;quality=70&amp;width=360&amp;height=202&amp;smart=true\" width=\"820\" height=\"621\" \/><\/figure><ul><li><a href=\"https:\/\/cadenaser.com\/comunitat-valenciana\/2024\/06\/27\/mas-aparcamiento-en-benidorm-para-este-verano-el-parking-de-poniente-abre-al-completo-radio-benidorm\/\"><span>M\u00e1s aparcamiento en Benidorm para este verano: el parking de Poniente abre al completo<\/span><\/a><\/li><\/ul><\/p>   <p>Dos municipios de comarcas cercanas que se encuentran en la lista son Calpe y Denia en tercer y sexto lugar, con precios a 4.150\u20ac\/m2 y 3.090\u20ac\/m2, respectivamente.<\/p>   <p>La provincia de Alicante es la que m\u00e1s sufre los estragos del precio de la vivienda, reflejando que de los diez municipios con mayor precio por metro cuadrado de la Comunidad Valenciana, siete son alicantinos. Y de los diez municipios con mayor incremento del precio de la vivienda, siete tambi\u00e9n son de Alicante.<\/p>   <p>     .c-w{         max-width:444px;         width:100%;         margin:16px auto;      background:#00755E;         border-radius:4px;         display:flex;         align-items:center;         justify-content:center;     }     .c-w a{         display:flex;         align-items:center;         justify-content:center;         padding:4px 24px;     }     .c-w img{         width:24px;         margin-right:12px;     }     .c-w p{         font:18px\/25px Poppins;         text-align:center;         color:#fff;         margin:0;     }     @media (max-width:444px){         .c-w a{             padding:4px 12px;         }         .c-w img{             width:24px;             margin-right:8px;         }         .c-w p{             font:14px\/25px Poppins;         }     }     @media (max-width:335px){         .c-w p{             font:13px\/25px Poppins;         }     }  <div class=\"c-w\">     <a href=\"https:\/\/www.whatsapp.com\/channel\/0029Va633PF9WtC4l7XUzh1e\" target=\"_blank\" rel=\"noopener\">         <img decoding=\"async\" src=\"https:\/\/cadenaser.com\/estaticos\/recursosgraficos\/responsive\/img\/ico-whatsapp.svg\" alt=\"Whatsapp\">         <p>\u00danete al <b>canal de WhatsApp<\/b> de la SER<\/p>     <\/a> <\/div><\/p> ","protected":false},"excerpt":{"rendered":"<p>Todos por encima de los 2.000 euros el metro cuadrado <\/p>\n","protected":false},"author":0,"featured_media":6578,"comment_status":"open","ping_status":"open","sticky":false,"template":"","format":"standard","meta":{"_acf_changed":false,"footnotes":""},"categories":[1],"tags":[],"class_list":["post-6577","post","type-post","status-publish","format-standard","has-post-thumbnail","hentry","category-sin-categoria"],"acf":{"ser_id":"YC5NRGWP25GS5JQB7ZQBGB2Q4I","ser_url":"https:\/\/cadenaser.com\/comunitat-valenciana\/2024\/07\/01\/lalfas-del-pi-benidorm-y-altea-entre-los-municipios-con-la-vivienda-mas-cara-de-toda-la-comunitat-valenciana-radio-benidorm\/"},"_links":{"self":[{"href":"https:\/\/serbenidorm.daliisolutions.com\/index.php\/wp-json\/wp\/v2\/posts\/6577","targetHints":{"allow":["GET"]}}],"collection":[{"href":"https:\/\/serbenidorm.daliisolutions.com\/index.php\/wp-json\/wp\/v2\/posts"}],"about":[{"href":"https:\/\/serbenidorm.daliisolutions.com\/index.php\/wp-json\/wp\/v2\/types\/post"}],"replies":[{"embeddable":true,"href":"https:\/\/serbenidorm.daliisolutions.com\/index.php\/wp-json\/wp\/v2\/comments?post=6577"}],"version-history":[{"count":0,"href":"https:\/\/serbenidorm.daliisolutions.com\/index.php\/wp-json\/wp\/v2\/posts\/6577\/revisions"}],"wp:featuredmedia":[{"embeddable":true,"href":"https:\/\/serbenidorm.daliisolutions.com\/index.php\/wp-json\/wp\/v2\/media\/6578"}],"wp:attachment":[{"href":"https:\/\/serbenidorm.daliisolutions.com\/index.php\/wp-json\/wp\/v2\/media?parent=6577"}],"wp:term":[{"taxonomy":"category","embeddable":true,"href":"https:\/\/serbenidorm.daliisolutions.com\/index.php\/wp-json\/wp\/v2\/categories?post=6577"},{"taxonomy":"post_tag","embeddable":true,"href":"https:\/\/serbenidorm.daliisolutions.com\/index.php\/wp-json\/wp\/v2\/tags?post=6577"}],"curies":[{"name":"wp","href":"https:\/\/api.w.org\/{rel}","templated":true}]}}