{"id":6579,"date":"2024-07-01T13:21:27","date_gmt":"2024-07-01T11:21:27","guid":{"rendered":"https:\/\/serbenidorm.daliisolutions.com\/index.php\/2024\/07\/01\/dada-seguira-en-el-banquillo-del-sporting-la-nucia-en-segunda-division\/"},"modified":"2024-07-01T13:21:27","modified_gmt":"2024-07-01T11:21:27","slug":"dada-seguira-en-el-banquillo-del-sporting-la-nucia-en-segunda-division","status":"publish","type":"post","link":"https:\/\/serbenidorm.daliisolutions.com\/index.php\/2024\/07\/01\/dada-seguira-en-el-banquillo-del-sporting-la-nucia-en-segunda-division\/","title":{"rendered":"Dada seguir\u00e1 en el banquillo del Sporting La Nuc\u00eda en Segunda Divisi\u00f3n"},"content":{"rendered":"  <p>Benidorm<\/p>   <p>Tras una largu\u00edsima temporada, el <a href=\"https:\/\/cadenaser.com\/comunitat-valenciana\/2024\/06\/23\/el-sporting-la-nucia-hace-historia-con-un-ascenso-epico-radio-benidorm\/\" target=\"_blank\" rel=\"noopener\">Sporting La Nuc\u00eda consegu\u00eda hace ahora una semana el ascenso a la Segunda Divisi\u00f3n del f\u00fatbol sala nacional<\/a>. Con la actividad deportiva, al fin, en barbecho; llega ahora el momento de que sean los despachos de la entidad del Camilo Cano los que se llenen de movimiento para confeccionar la que ser\u00e1 la plantilla que disputar\u00e1 la campa\u00f1a de debut en la categor\u00eda de plata.<\/p>   <p>Para ello, ya se ha despejado la primera gran inc\u00f3gnita de cara a la temporada 2024-2025: David Valverde \u2018Dada\u2019 ser\u00e1 el encargado de volver a dirigir la nave rojilla en la nueva categor\u00eda.<\/p>   <p>Como ya explicara en Radio Benidorm-SER el director deportivo de la entidad, Jordi Dur\u00e1n, el principal objetivo en Segunda Divisi\u00f3n ser\u00e1 conseguir la permanencia y para ello, el Sporting La Nuc\u00eda tiene \u201cmuy claro que la primera piedra s\u00f3lida debe ser el t\u00e9cnico alicantino que le ha llevado hasta Segunda\u201d, tal y como ha informado en un comunicado.<\/p>   <p>Por su parte, Dada se muestra muy contento e ilusionado por continuar. \u201cCreo que va a ser un a\u00f1o intenso, bonito y en el que nuestro reto va a ser consolidarnos en la categor\u00eda\u201d. Para ello, considera que todo pasa por \u201cconfeccionar un equipo de garant\u00edas que vengan a ayudar al grupo. Creo que la base del equipo que ascendi\u00f3 debe ser el bloque para Segunda. Es cierto que necesitamos alguna ayuda para dar ese salto tan grande de categor\u00eda. Esto es un proyecto a largo plazo y tenemos que darle continuidad\u201d.<\/p>   <p>Esta renovaci\u00f3n es, sin duda, un premio a su trabajo, tal y como asegura Jordi Dur\u00e1n, director deportivo del club, qui\u00e9n se muestra \u201cmuy contento con la renovaci\u00f3n de Dada\u201d. En cuanto a las negociaciones, asegura que \u201ctodo ha sido muy f\u00e1cil\u201d.<\/p>   <p>     .c-w{         max-width:444px;         width:100%;         margin:16px auto;      background:#00755E;         border-radius:4px;         display:flex;         align-items:center;         justify-content:center;     }     .c-w a{         display:flex;         align-items:center;         justify-content:center;         padding:4px 24px;     }     .c-w img{         width:24px;         margin-right:12px;     }     .c-w p{         font:18px\/25px Poppins;         text-align:center;         color:#fff;         margin:0;     }     @media (max-width:444px){         .c-w a{             padding:4px 12px;         }         .c-w img{             width:24px;             margin-right:8px;         }         .c-w p{             font:14px\/25px Poppins;         }     }     @media (max-width:335px){         .c-w p{             font:13px\/25px Poppins;         }     }  <div class=\"c-w\">     <a href=\"https:\/\/www.whatsapp.com\/channel\/0029Va633PF9WtC4l7XUzh1e\" target=\"_blank\" rel=\"noopener\">         <img decoding=\"async\" src=\"https:\/\/cadenaser.com\/estaticos\/recursosgraficos\/responsive\/img\/ico-whatsapp.svg\" alt=\"Whatsapp\">         <p>\u00danete al <b>canal de WhatsApp<\/b> de la SER<\/p>     <\/a> <\/div><\/p>   <p>\u201cAmbas partes ten\u00edamos muy claro lo que quer\u00edamos. Nosotros apostamos por \u00e9l el a\u00f1o pasado y \u00e9l ha cumplido con creces y se ha ganado la renovaci\u00f3n. Hemos conseguido en un a\u00f1o ascender de categor\u00eda\u201d, explica Dur\u00e1n.<\/p>   <p>\u201cAfrontamos la nueva temporada en una categor\u00eda que tambi\u00e9n es nueva para \u00e9l. Se le resist\u00eda y le hab\u00edan salido oportunidades, pero no se hab\u00eda dado, hasta ahora. Creo que est\u00e1 en el sitio ideal para llevar a cabo su trabajo en Segunda: con todo nuestro apoyo, sentirse c\u00f3modo y valorado\u201d, finaliza el director deportivo del Sporting La Nuc\u00eda.<\/p> ","protected":false},"excerpt":{"rendered":"<p>El club ha anunciado la renovaci\u00f3n del art\u00edfice del ascenso a la categor\u00eda de plata<\/p>\n","protected":false},"author":0,"featured_media":6580,"comment_status":"open","ping_status":"open","sticky":false,"template":"","format":"standard","meta":{"_acf_changed":false,"footnotes":""},"categories":[16],"tags":[],"class_list":["post-6579","post","type-post","status-publish","format-standard","has-post-thumbnail","hentry","category-deportes"],"acf":{"ser_id":"AL4LIK3XYBAS7CYKY34RJZWLUE","ser_url":"https:\/\/cadenaser.com\/comunitat-valenciana\/2024\/07\/01\/dada-seguira-en-el-banquillo-del-sporting-la-nucia-en-segunda-division-radio-benidorm\/"},"_links":{"self":[{"href":"https:\/\/serbenidorm.daliisolutions.com\/index.php\/wp-json\/wp\/v2\/posts\/6579","targetHints":{"allow":["GET"]}}],"collection":[{"href":"https:\/\/serbenidorm.daliisolutions.com\/index.php\/wp-json\/wp\/v2\/posts"}],"about":[{"href":"https:\/\/serbenidorm.daliisolutions.com\/index.php\/wp-json\/wp\/v2\/types\/post"}],"replies":[{"embeddable":true,"href":"https:\/\/serbenidorm.daliisolutions.com\/index.php\/wp-json\/wp\/v2\/comments?post=6579"}],"version-history":[{"count":0,"href":"https:\/\/serbenidorm.daliisolutions.com\/index.php\/wp-json\/wp\/v2\/posts\/6579\/revisions"}],"wp:featuredmedia":[{"embeddable":true,"href":"https:\/\/serbenidorm.daliisolutions.com\/index.php\/wp-json\/wp\/v2\/media\/6580"}],"wp:attachment":[{"href":"https:\/\/serbenidorm.daliisolutions.com\/index.php\/wp-json\/wp\/v2\/media?parent=6579"}],"wp:term":[{"taxonomy":"category","embeddable":true,"href":"https:\/\/serbenidorm.daliisolutions.com\/index.php\/wp-json\/wp\/v2\/categories?post=6579"},{"taxonomy":"post_tag","embeddable":true,"href":"https:\/\/serbenidorm.daliisolutions.com\/index.php\/wp-json\/wp\/v2\/tags?post=6579"}],"curies":[{"name":"wp","href":"https:\/\/api.w.org\/{rel}","templated":true}]}}