{"id":6581,"date":"2024-07-01T13:40:39","date_gmt":"2024-07-01T11:40:39","guid":{"rendered":"https:\/\/serbenidorm.daliisolutions.com\/index.php\/2024\/07\/01\/los-patinetes-en-el-punto-de-mira-de-la-policia-local-de-benidorm-estas-son-las-infracciones-mas-frecuentes\/"},"modified":"2024-07-01T13:40:39","modified_gmt":"2024-07-01T11:40:39","slug":"los-patinetes-en-el-punto-de-mira-de-la-policia-local-de-benidorm-estas-son-las-infracciones-mas-frecuentes","status":"publish","type":"post","link":"https:\/\/serbenidorm.daliisolutions.com\/index.php\/2024\/07\/01\/los-patinetes-en-el-punto-de-mira-de-la-policia-local-de-benidorm-estas-son-las-infracciones-mas-frecuentes\/","title":{"rendered":"Los patinetes, en el punto de mira de la Polic\u00eda Local de Benidorm: estas son las infracciones m\u00e1s frecuentes"},"content":{"rendered":"  <p>Benidorm<\/p>   <p>La mayor\u00eda de las infracciones que cometen los conductores de veh\u00edculos de movilidad personal (VMP) en Benidorm son por circular por zonas peatonales, una circunstancia que est\u00e1 prohibida y que ocasiona el 70% de las infracciones detectadas por la Polic\u00eda Local en los controles realizados en los \u00faltimos dos meses.<\/p>   <p>Y es que la Polic\u00eda Local inici\u00f3 en enero una vigilancia m\u00e1s intensiva con motivo de la proliferaci\u00f3n de los VMP y el uso urbano que se realizaba en la ciudad. Ante esta situaci\u00f3n la Polic\u00eda consider\u00f3 necesario emprender acciones para permitir una circulaci\u00f3n segura tanto para los propios conductores de este tipo de veh\u00edculos \u2013en su mayor\u00eda patinetes- como para el resto de usuarios de las v\u00edas.<\/p>   <p>La campa\u00f1a de controles en la v\u00eda p\u00fablica comenz\u00f3 en enero, si bien la misma se reforz\u00f3 a partir de mayo<a href=\"https:\/\/cadenaser.com\/tag\/benidorm\/a\/\" target=\"_blank\" rel=\"noopener\"> \u201cante la confusi\u00f3n existente entre los usuarios de estos veh\u00edculos dado que la regulaci\u00f3n depende de cada autoridad municipal y, por tanto, puede ser distinta en diferentes municipios\u201d ha se\u00f1alado el concejal de Seguridad Ciudadana, Jes\u00fas Carrobles<\/a>. As\u00ed, desde enero a mayo el n\u00famero de controles efectuados fue de 28 y en mayo y junio ese n\u00famero ascendi\u00f3 a 53. En total, 81 controles en la v\u00eda p\u00fablica.<\/p>   <p>Otras infracciones<\/p>   <p>Los resultados de esta campa\u00f1a de controles sobre VMP indican que se han inspeccionado en los primeros seis meses del a\u00f1o aproximadamente 800 veh\u00edculos de movilidad personal. De esas inspeccione, el 70% de las infracciones ten\u00edan como origen la conducci\u00f3n por zonas peatonales; el 14% se cometieron por circular sin casco y el 10% por carecer de seguro obligatorio de responsabilidad civil. El 6% restante obedec\u00eda a otras causas.<\/p>   <p>Por lo que respecta al refuerzo de los controles que se ha hecho en los dos \u00faltimos meses, en mayo se inspeccionaron 151 VMP. La Polic\u00eda Local procedi\u00f3 a la identificaci\u00f3n de tres personas y formul\u00f3 54 denuncias a trav\u00e9s del Bolet\u00edn Municipal de Tr\u00e1fico. Las denuncias ante la Jefatura Provincial de Tr\u00e1fico ascendieron a seis y los veh\u00edculos depositados fueron diez.<\/p>   <p>     .c-w{         max-width:444px;         width:100%;         margin:16px auto;      background:#00755E;         border-radius:4px;         display:flex;         align-items:center;         justify-content:center;     }     .c-w a{         display:flex;         align-items:center;         justify-content:center;         padding:4px 24px;     }     .c-w img{         width:24px;         margin-right:12px;     }     .c-w p{         font:18px\/25px Poppins;         text-align:center;         color:#fff;         margin:0;     }     @media (max-width:444px){         .c-w a{             padding:4px 12px;         }         .c-w img{             width:24px;             margin-right:8px;         }         .c-w p{             font:14px\/25px Poppins;         }     }     @media (max-width:335px){         .c-w p{             font:13px\/25px Poppins;         }     }  <div class=\"c-w\">     <a href=\"https:\/\/www.whatsapp.com\/channel\/0029Va633PF9WtC4l7XUzh1e\" target=\"_blank\" rel=\"noopener\">         <img decoding=\"async\" src=\"https:\/\/cadenaser.com\/estaticos\/recursosgraficos\/responsive\/img\/ico-whatsapp.svg\" alt=\"Whatsapp\">         <p>\u00danete al <b>canal de WhatsApp<\/b> de la SER<\/p>     <\/a> <\/div><\/p>  <p><p>M\u00e1s informaci\u00f3n<\/p><figure><img loading=\"lazy\" decoding=\"async\" src=\"https:\/\/cadenaser.com\/resizer\/v2\/O5M2YQ2W25BOVOASQ4F7LOYXEI.jpeg?auth=65c65dfa5b4b1e4e492736403d5fa75db20553e6805770857a6b295cb5a3c216&amp;quality=70&amp;width=360&amp;height=202&amp;smart=true\" width=\"820\" height=\"621\" \/><\/figure><ul><li><a href=\"https:\/\/cadenaser.com\/comunitat-valenciana\/2024\/07\/01\/lalfas-del-pi-benidorm-y-altea-entre-los-municipios-con-la-vivienda-mas-cara-de-toda-la-comunitat-valenciana-radio-benidorm\/\"><span>L\u2019Alf\u00e1s del P\u00ed, Benidorm y Altea, entre los municipios con la vivienda m\u00e1s cara de toda la Comunitat Valenciana<\/span><\/a><\/li><\/ul><\/p>   <p>En el mes de junio el n\u00famero de veh\u00edculos de movilidad personal inspeccionados fue de 114. En esos controles se identific\u00f3 a una persona, se interpusieron 54 denuncias a trav\u00e9s del Bolet\u00edn Municipal de Tr\u00e1fico y se produjeron otras cinco denuncias ante la Jefatura Provincial de Tr\u00e1fico, con 18 veh\u00edculos depositados.<\/p>   <p>Esta campa\u00f1a de controles e inspecciones de VMP tendr\u00e1 vigencia durante toda la temporada estival, seg\u00fan ha explicado el concejal \u201ccon el objetivo de seguir informando y controlando el uso de estos veh\u00edculos con la principal misi\u00f3n de concienciar a los conductores de VMP\u201d.<\/p>   <p>Carrobles ha recordado que el Consejo Vecinal ya hab\u00eda expresado su preocupaci\u00f3n en las \u00faltimas reuniones por la proliferaci\u00f3n de estos veh\u00edculos, que en muchas ocasiones se desplazaban por zonas peatonales y prohibidas para ellos. \u201cNos hab\u00edan pedido tomar medidas para mejorar este problema y, adem\u00e1s de las campa\u00f1as y controles, estamos trabajando tambi\u00e9n en colocar se\u00f1alizaciones en varias zonas, pero es un proceso que lleva su tiempo si se quiere hacer bien\u201d ha precisado Carrobles.<\/p> ","protected":false},"excerpt":{"rendered":"<p>El 70 % se deben a circular por zonas peatonales<\/p>\n","protected":false},"author":0,"featured_media":6582,"comment_status":"open","ping_status":"open","sticky":false,"template":"","format":"standard","meta":{"_acf_changed":false,"footnotes":""},"categories":[1],"tags":[],"class_list":["post-6581","post","type-post","status-publish","format-standard","has-post-thumbnail","hentry","category-sin-categoria"],"acf":{"ser_id":"BJCQ6X6X55HWHBOJ55XJFL6O4U","ser_url":"https:\/\/cadenaser.com\/comunitat-valenciana\/2024\/07\/01\/los-patinetes-en-el-punto-de-mira-de-la-policia-local-de-benidorm-estas-son-las-infracciones-mas-frecuentes-radio-benidorm\/"},"_links":{"self":[{"href":"https:\/\/serbenidorm.daliisolutions.com\/index.php\/wp-json\/wp\/v2\/posts\/6581","targetHints":{"allow":["GET"]}}],"collection":[{"href":"https:\/\/serbenidorm.daliisolutions.com\/index.php\/wp-json\/wp\/v2\/posts"}],"about":[{"href":"https:\/\/serbenidorm.daliisolutions.com\/index.php\/wp-json\/wp\/v2\/types\/post"}],"replies":[{"embeddable":true,"href":"https:\/\/serbenidorm.daliisolutions.com\/index.php\/wp-json\/wp\/v2\/comments?post=6581"}],"version-history":[{"count":0,"href":"https:\/\/serbenidorm.daliisolutions.com\/index.php\/wp-json\/wp\/v2\/posts\/6581\/revisions"}],"wp:featuredmedia":[{"embeddable":true,"href":"https:\/\/serbenidorm.daliisolutions.com\/index.php\/wp-json\/wp\/v2\/media\/6582"}],"wp:attachment":[{"href":"https:\/\/serbenidorm.daliisolutions.com\/index.php\/wp-json\/wp\/v2\/media?parent=6581"}],"wp:term":[{"taxonomy":"category","embeddable":true,"href":"https:\/\/serbenidorm.daliisolutions.com\/index.php\/wp-json\/wp\/v2\/categories?post=6581"},{"taxonomy":"post_tag","embeddable":true,"href":"https:\/\/serbenidorm.daliisolutions.com\/index.php\/wp-json\/wp\/v2\/tags?post=6581"}],"curies":[{"name":"wp","href":"https:\/\/api.w.org\/{rel}","templated":true}]}}