{"id":6605,"date":"2024-07-02T10:10:28","date_gmt":"2024-07-02T08:10:28","guid":{"rendered":"https:\/\/serbenidorm.daliisolutions.com\/index.php\/2024\/07\/02\/liliana-fernandez-y-paula-soria-ya-conocen-a-sus-rivales-en-los-jjoo-de-paris\/"},"modified":"2024-07-02T10:10:28","modified_gmt":"2024-07-02T08:10:28","slug":"liliana-fernandez-y-paula-soria-ya-conocen-a-sus-rivales-en-los-jjoo-de-paris","status":"publish","type":"post","link":"https:\/\/serbenidorm.daliisolutions.com\/index.php\/2024\/07\/02\/liliana-fernandez-y-paula-soria-ya-conocen-a-sus-rivales-en-los-jjoo-de-paris\/","title":{"rendered":"Liliana Fern\u00e1ndez y Paula Soria ya conocen a sus rivales en los JJOO de Par\u00eds"},"content":{"rendered":"  <p>Benidorm<\/p>   <p>La benidormense <a href=\"https:\/\/cadenaser.com\/tag\/liliana_fernandez_steiner\/a\/\" target=\"_blank\" rel=\"noopener\">Liliana Fern\u00e1ndez Steiner<\/a> ultima ya su preparaci\u00f3n de cara a los Juegos Ol\u00edmpicos de Par\u00eds, una cita a la que acudir\u00e1 junto a la oriolana Paula Soria y que supondr\u00e1 su cuarta presencia ol\u00edmpica consecutiva tras Londres, R\u00edo y Tokio.<\/p>   <p>Como ya explic\u00f3 en <a href=\"https:\/\/cadenaser.com\/comunitat-valenciana\/2024\/06\/06\/liliana-fernandez-entra-en-el-club-de-los-cuatro-juegos-olimpicos-radio-benidorm\/\" target=\"_blank\" rel=\"noopener\">la entrevista concedida a Radio Benidorm-SER tras haber amarrado de manera matem\u00e1tica su clasificaci\u00f3n para estar en la capital gala<\/a>, esta ser\u00e1 una cita muy especial para \u2018Lili\u2019 y no s\u00f3lo por todo lo sucedido en lo deportivo y en lo personal a lo largo de la \u00faltima Olimpiada, sino tambi\u00e9n porque, salvo enorme sorpresa, estos ser\u00e1n sus \u00faltimos Juegos Ol\u00edmpicos antes de poner punto y final a su carrera deportiva.<\/p>   <p><p>M\u00e1s informaci\u00f3n<\/p><ul><li><a href=\"https:\/\/cadenaser.com\/comunitat-valenciana\/2024\/06\/06\/liliana-fernandez-entra-en-el-club-de-los-cuatro-juegos-olimpicos-radio-benidorm\/\"><span>Liliana Fern\u00e1ndez entra en el club de los cuatro Juegos Ol\u00edmpicos<\/span><\/a><\/li><\/ul><\/p>   <p>Liliana Fern\u00e1ndez Steiner y Paula Soria ya conocen el nombre de las rivales a las que se tendr\u00e1n que medir en la fase de grupos de la competici\u00f3n despu\u00e9s de un sorteo que se ha celebrado a los pies de la ic\u00f3nica Torre Eiffel, gran emblema de Par\u00eds.<\/p>   <p>As\u00ed las cosas, todo est\u00e1 listo para que se produzca el debut de las alicantinas en el estadio ol\u00edmpico de v\u00f3ley playa, un coliseo con capacidad para 14.000 espectadores que se ubicar\u00e1 en el Campo de Marte del s\u00e9ptimo distrito parisino.<\/p>   <p>Lili y Soria han quedado encuadradas en el grupo A, en el que se las tendr\u00e1n que ver con las duplas que forman Eduarda \u2018Duda\u2019 Lisboa y Ana Patr\u00edcia Ramos (Brasil); Marta Menegatti y Valentina Gottardi (Italia) y Doaa Elghobashy y Marwa Abdelhady (Egipto).<\/p>   <p>     .c-w{         max-width:444px;         width:100%;         margin:16px auto;      background:#00755E;         border-radius:4px;         display:flex;         align-items:center;         justify-content:center;     }     .c-w a{         display:flex;         align-items:center;         justify-content:center;         padding:4px 24px;     }     .c-w img{         width:24px;         margin-right:12px;     }     .c-w p{         font:18px\/25px Poppins;         text-align:center;         color:#fff;         margin:0;     }     @media (max-width:444px){         .c-w a{             padding:4px 12px;         }         .c-w img{             width:24px;             margin-right:8px;         }         .c-w p{             font:14px\/25px Poppins;         }     }     @media (max-width:335px){         .c-w p{             font:13px\/25px Poppins;         }     }  <div class=\"c-w\">     <a href=\"https:\/\/www.whatsapp.com\/channel\/0029Va633PF9WtC4l7XUzh1e\" target=\"_blank\" rel=\"noopener\">         <img decoding=\"async\" src=\"https:\/\/cadenaser.com\/estaticos\/recursosgraficos\/responsive\/img\/ico-whatsapp.svg\" alt=\"Whatsapp\">         <p>\u00danete al <b>canal de WhatsApp<\/b> de la SER<\/p>     <\/a> <\/div><\/p>   <p><b>F\u00f3rmula de Competici\u00f3n<\/b><\/p>   <p>El torneo ol\u00edmpico de v\u00f3ley playa en los Juegos de Par\u00eds tendr\u00e1 el mismo formato que en Tokio 2020, con 24 equipos divididos en seis grupos. La primera ronda del torneo se completar\u00e1 despu\u00e9s de que cada d\u00fao se enfrente a cada uno de sus tres rivales del grupo una vez.<\/p>   <p>Al finalizar la fase de grupos, los seis ganadores de grupo, los seis subcampeones y los dos mejores terceros clasificados se clasificar\u00e1n directamente para los octavos de final, ocupando 14 de los 16 puestos disponibles.<\/p>   <p>Los otros cuatro equipos que quedaron terceros jugar\u00e1n una ronda de \u201clucky loser\u201d, compuesta por dos partidos, de donde saldr\u00e1n los \u00faltimos dos equipos para jugar en los octavos de final.<\/p>   <p>A partir de esta ronda y continuando a trav\u00e9s de los cuartos de final, semifinales y partidos por las medallas, los torneos tanto masculino como femenino progresar\u00e1n en un formato de eliminaci\u00f3n directa.<\/p> ","protected":false},"excerpt":{"rendered":"<p>La jugadora benidormense afronta dentro de menos de un mes su cuarta cita ol\u00edmpica<\/p>\n","protected":false},"author":0,"featured_media":6606,"comment_status":"open","ping_status":"open","sticky":false,"template":"","format":"standard","meta":{"_acf_changed":false,"footnotes":""},"categories":[16],"tags":[],"class_list":["post-6605","post","type-post","status-publish","format-standard","has-post-thumbnail","hentry","category-deportes"],"acf":{"ser_id":"LW5XJWT7JRBI3KYCOTXWYTKGKQ","ser_url":"https:\/\/cadenaser.com\/comunitat-valenciana\/2024\/07\/02\/liliana-fernandez-y-paula-soria-ya-conocen-a-sus-rivales-en-los-jjoo-de-paris-radio-benidorm\/"},"_links":{"self":[{"href":"https:\/\/serbenidorm.daliisolutions.com\/index.php\/wp-json\/wp\/v2\/posts\/6605","targetHints":{"allow":["GET"]}}],"collection":[{"href":"https:\/\/serbenidorm.daliisolutions.com\/index.php\/wp-json\/wp\/v2\/posts"}],"about":[{"href":"https:\/\/serbenidorm.daliisolutions.com\/index.php\/wp-json\/wp\/v2\/types\/post"}],"replies":[{"embeddable":true,"href":"https:\/\/serbenidorm.daliisolutions.com\/index.php\/wp-json\/wp\/v2\/comments?post=6605"}],"version-history":[{"count":0,"href":"https:\/\/serbenidorm.daliisolutions.com\/index.php\/wp-json\/wp\/v2\/posts\/6605\/revisions"}],"wp:featuredmedia":[{"embeddable":true,"href":"https:\/\/serbenidorm.daliisolutions.com\/index.php\/wp-json\/wp\/v2\/media\/6606"}],"wp:attachment":[{"href":"https:\/\/serbenidorm.daliisolutions.com\/index.php\/wp-json\/wp\/v2\/media?parent=6605"}],"wp:term":[{"taxonomy":"category","embeddable":true,"href":"https:\/\/serbenidorm.daliisolutions.com\/index.php\/wp-json\/wp\/v2\/categories?post=6605"},{"taxonomy":"post_tag","embeddable":true,"href":"https:\/\/serbenidorm.daliisolutions.com\/index.php\/wp-json\/wp\/v2\/tags?post=6605"}],"curies":[{"name":"wp","href":"https:\/\/api.w.org\/{rel}","templated":true}]}}