{"id":6607,"date":"2024-07-02T10:10:28","date_gmt":"2024-07-02T08:10:28","guid":{"rendered":"https:\/\/serbenidorm.daliisolutions.com\/index.php\/2024\/07\/02\/esta-sera-la-plantilla-del-c-f-la-nucia-en-tercera-rfef\/"},"modified":"2024-07-02T10:10:28","modified_gmt":"2024-07-02T08:10:28","slug":"esta-sera-la-plantilla-del-c-f-la-nucia-en-tercera-rfef","status":"publish","type":"post","link":"https:\/\/serbenidorm.daliisolutions.com\/index.php\/2024\/07\/02\/esta-sera-la-plantilla-del-c-f-la-nucia-en-tercera-rfef\/","title":{"rendered":"Esta ser\u00e1 la plantilla del C.F. La Nuc\u00eda en Tercera RFEF"},"content":{"rendered":"  <p>Benidorm<\/p>   <p>Despu\u00e9s de haber consumado el segundo descenso consecutivo y haberse salvado, tambi\u00e9n por segundo a\u00f1o seguido, de la desaparici\u00f3n por motivos econ\u00f3micos (esta vez gracias a la llegada de Juan Carlos Ram\u00edrez al accionariado), el C.F. La Nuc\u00eda parece que ya se puede centrar \u00fanicamente en las cuestiones deportivas que deben cimentar su reconstrucci\u00f3n para aspirar, como ya sucediera no hace tanto tiempo, a formar parte del grupo de equipos que conforman la Primera RFEF.<\/p>  <p><p>M\u00e1s informaci\u00f3n<\/p><figure><img loading=\"lazy\" decoding=\"async\" src=\"https:\/\/cadenaser.com\/resizer\/v2\/M4WJTNXHL5AAVERESHXSBLWQOQ.jpeg?auth=d847ead5273610850676dbb9ac7b8f3236239fa8dbf5c0df1c0b65b51cfed415&amp;quality=70&amp;width=360&amp;height=202&amp;smart=true\" width=\"820\" height=\"621\" \/><\/figure><ul><li><a href=\"https:\/\/cadenaser.com\/comunitat-valenciana\/2024\/05\/21\/exclusiva-juan-carlos-ramirez-concede-su-primera-entrevista-tras-su-llegada-al-cf-la-nucia-radio-benidorm\/\"><span>Exclusiva: Juan Carlos Ram\u00edrez concede su primera entrevista tras su llegada al C.F. La Nuc\u00eda<\/span><\/a><\/li><\/ul><\/p>   <p>Antes de que eso ocurra, tocar\u00e1 volver a bregar con la Tercera RFEF. Para ese proyecto, el propio <a href=\"https:\/\/cadenaser.com\/comunitat-valenciana\/2024\/05\/21\/exclusiva-juan-carlos-ramirez-concede-su-primera-entrevista-tras-su-llegada-al-cf-la-nucia-radio-benidorm\/\" target=\"_blank\" rel=\"noopener\">Ram\u00edrez asegur\u00f3 en Radio Benidorm-SER que no se contar\u00eda con ninguno de los jugadores de la plantilla del pasado a\u00f1o<\/a>, por lo que <a href=\"https:\/\/cadenaser.com\/comunitat-valenciana\/2024\/06\/19\/berna-ballester-nuevo-entrenador-del-cf-la-nucia-radio-benidorm\/\" target=\"_blank\" rel=\"noopener\">el cuadro que dirigir\u00e1 desde el banquillo Berna Ballester<\/a>, estar\u00e1 completamente renovado en la temporada 2024-2025.<\/p>   <p><b>Altas<\/b><\/p>   <p>Fran Mart\u00ednez<br \/> Nacho Porcar<br \/> Alan Winstanley<br \/> Leo Ram\u00edrez<br \/> Carles Fluix\u00e0<br \/> Brian Pallar\u00e9s<br \/> Alberto Escudero<br \/> Jorge Ruiz<\/p>   <p><b>Bajas<\/b><\/p>   <p>Todo el equipo<\/p> ","protected":false},"excerpt":{"rendered":"<p>El club del Camilo Cano inicia el camino de la reconstrucci\u00f3n deportiva e institucional<\/p>\n","protected":false},"author":0,"featured_media":6608,"comment_status":"open","ping_status":"open","sticky":false,"template":"","format":"standard","meta":{"_acf_changed":false,"footnotes":""},"categories":[16],"tags":[],"class_list":["post-6607","post","type-post","status-publish","format-standard","has-post-thumbnail","hentry","category-deportes"],"acf":{"ser_id":"7GIKTRQG7FGPDHZETIKT7BJ2E4","ser_url":"https:\/\/cadenaser.com\/comunitat-valenciana\/2024\/07\/02\/esta-sera-la-plantilla-del-cf-la-nucia-en-tercera-rfef-radio-benidorm\/"},"_links":{"self":[{"href":"https:\/\/serbenidorm.daliisolutions.com\/index.php\/wp-json\/wp\/v2\/posts\/6607","targetHints":{"allow":["GET"]}}],"collection":[{"href":"https:\/\/serbenidorm.daliisolutions.com\/index.php\/wp-json\/wp\/v2\/posts"}],"about":[{"href":"https:\/\/serbenidorm.daliisolutions.com\/index.php\/wp-json\/wp\/v2\/types\/post"}],"replies":[{"embeddable":true,"href":"https:\/\/serbenidorm.daliisolutions.com\/index.php\/wp-json\/wp\/v2\/comments?post=6607"}],"version-history":[{"count":0,"href":"https:\/\/serbenidorm.daliisolutions.com\/index.php\/wp-json\/wp\/v2\/posts\/6607\/revisions"}],"wp:featuredmedia":[{"embeddable":true,"href":"https:\/\/serbenidorm.daliisolutions.com\/index.php\/wp-json\/wp\/v2\/media\/6608"}],"wp:attachment":[{"href":"https:\/\/serbenidorm.daliisolutions.com\/index.php\/wp-json\/wp\/v2\/media?parent=6607"}],"wp:term":[{"taxonomy":"category","embeddable":true,"href":"https:\/\/serbenidorm.daliisolutions.com\/index.php\/wp-json\/wp\/v2\/categories?post=6607"},{"taxonomy":"post_tag","embeddable":true,"href":"https:\/\/serbenidorm.daliisolutions.com\/index.php\/wp-json\/wp\/v2\/tags?post=6607"}],"curies":[{"name":"wp","href":"https:\/\/api.w.org\/{rel}","templated":true}]}}