{"id":6611,"date":"2024-07-02T15:20:39","date_gmt":"2024-07-02T13:20:39","guid":{"rendered":"https:\/\/serbenidorm.daliisolutions.com\/index.php\/2024\/07\/02\/rescatan-a-8-migrantes-a-26-millas-de-benidorm-y-buscan-a-otros-tres-en-aguas-de-la-marina-alta\/"},"modified":"2024-07-02T15:20:39","modified_gmt":"2024-07-02T13:20:39","slug":"rescatan-a-8-migrantes-a-26-millas-de-benidorm-y-buscan-a-otros-tres-en-aguas-de-la-marina-alta","status":"publish","type":"post","link":"https:\/\/serbenidorm.daliisolutions.com\/index.php\/2024\/07\/02\/rescatan-a-8-migrantes-a-26-millas-de-benidorm-y-buscan-a-otros-tres-en-aguas-de-la-marina-alta\/","title":{"rendered":"Rescatan a 8 migrantes a 26 millas de Benidorm y buscan a otros tres en aguas de la Marina Alta"},"content":{"rendered":"  <p>Benidorm<\/p>   <p>Salvamento Mar\u00edtimo y un buque han rescatado a ocho migrantes que permanec\u00edan en el agua <a href=\"https:\/\/cadenaser.com\/tag\/benidorm\/a\/\" target=\"_blank\" rel=\"noopener\">a unas 26 millas al este del litoral de Benidorm y se busca en estos momentos a otros tres que viajaban con los anteriores en una patera<\/a>, en un operativo que se lleva a cabo a 10 millas al sureste de Cabo de la Nao, al norte de la provincia de Alicante.<\/p>   <p><div class=\"oembed twitter\"><blockquote class=\"twitter-tweet\"><p lang=\"es\" dir=\"ltr\">Salvamento Mar\u00edtimo y Capitan\u00eda Mar\u00edtima de Alicante coordinaron anoche el rescate de 8 personas magreb\u00edes a 26 millas E Benidorm. CCS Valencia contin\u00faa esta ma\u00f1ana la b\u00fasqueda de otros 3 desaparecidos a 10 millas  SE Cabo de la Nao. Movilizada la Guardamar Polimnia. <a href=\"https:\/\/t.co\/TuZCrUXSju\">pic.twitter.com\/TuZCrUXSju<\/a><\/p>\u2014 SALVAMENTO MAR\u00cdTIMO (@salvamentogob) <a href=\"https:\/\/twitter.com\/salvamentogob\/status\/1808037617285411198?ref_src=twsrc%5Etfw\">July 2, 2024<\/a><\/blockquote>   <\/div><\/p>   <p>Fuentes de Salvamento Mar\u00edtimo han indicado este martes que la intervenci\u00f3n se llev\u00f3 a cabo anoche, despu\u00e9s de que el buque, al parecer un mercante, avistara a ocho personas en el agua y alertara de la situaci\u00f3n, lo que motiv\u00f3 que se activaran las labores de rescate con la participaci\u00f3n de un barco y un helic\u00f3ptero de Salvamento.<\/p>  <p><p>M\u00e1s informaci\u00f3n<\/p><figure><img loading=\"lazy\" decoding=\"async\" src=\"https:\/\/cadenaser.com\/resizer\/v2\/NYLKZ7ASHBPDOV7US7XIU4BTNI.jpg?auth=3840440c041363425b69c5c39e6086769e828dfc7cc5a06ef4e689c2e686613c&amp;quality=70&amp;width=360&amp;height=202&amp;smart=true\" width=\"820\" height=\"621\" \/><\/figure><ul><li><a href=\"https:\/\/cadenaser.com\/comunitat-valenciana\/2024\/07\/01\/el-pspv-psoe-denuncia-que-la-generalitat-imparta-cursos-para-policias-locales-donde-se-vincula-extranjeria-con-delincuencia-radio-valencia\/\"><span>El PSPV-PSOE denuncia que la Generalitat imparta cursos para polic\u00edas locales donde se vincula extranjer\u00eda con delincuencia<\/span><\/a><\/li><\/ul><\/p>   <p>El buque subi\u00f3 a bordo a cinco de ellos y los traslad\u00f3 hasta su puerto de destino, en Fos (Francia), mientras que un helic\u00f3ptero de Salvamento Mar\u00edtimo rescat\u00f3 a los otros tres, que han sido llevados al aeropuerto de Val\u00e9ncia, seg\u00fan las mismas fuentes.<\/p>   <p>Los rescatados han manifestado que tres personas m\u00e1s viajaban con ellos en una patera que naufrag\u00f3 por lo que se inici\u00f3 la b\u00fasqueda de los desaparecidos, que continuaba esta ma\u00f1ana a unas 10 millas al sureste de Cabo de la Nao, al norte de la provincia de Alicante.<\/p>   <p>Los migrantes, al parecer todos ellos varones y adultos, son magreb\u00edes y han se\u00f1alado que zaparon el pasado 27 de junio de Argelia con destino a Alicante. El rescate de anoche fue coordinado por Salvamento Mar\u00edtimo y Capitan\u00eda Mar\u00edtima de Alicante.<\/p>   <p>     .c-w{         max-width:444px;         width:100%;         margin:16px auto;      background:#00755E;         border-radius:4px;         display:flex;         align-items:center;         justify-content:center;     }     .c-w a{         display:flex;         align-items:center;         justify-content:center;         padding:4px 24px;     }     .c-w img{         width:24px;         margin-right:12px;     }     .c-w p{         font:18px\/25px Poppins;         text-align:center;         color:#fff;         margin:0;     }     @media (max-width:444px){         .c-w a{             padding:4px 12px;         }         .c-w img{             width:24px;             margin-right:8px;         }         .c-w p{             font:14px\/25px Poppins;         }     }     @media (max-width:335px){         .c-w p{             font:13px\/25px Poppins;         }     }  <div class=\"c-w\">     <a href=\"https:\/\/www.whatsapp.com\/channel\/0029Va633PF9WtC4l7XUzh1e\" target=\"_blank\" rel=\"noopener\">         <img decoding=\"async\" src=\"https:\/\/cadenaser.com\/estaticos\/recursosgraficos\/responsive\/img\/ico-whatsapp.svg\" alt=\"Whatsapp\">         <p>\u00danete al <b>canal de WhatsApp<\/b> de la SER<\/p>     <\/a> <\/div><\/p> ","protected":false},"excerpt":{"rendered":"<p>Sigue activo el operativo<\/p>\n","protected":false},"author":0,"featured_media":6612,"comment_status":"open","ping_status":"open","sticky":false,"template":"","format":"standard","meta":{"_acf_changed":false,"footnotes":""},"categories":[1],"tags":[],"class_list":["post-6611","post","type-post","status-publish","format-standard","has-post-thumbnail","hentry","category-sin-categoria"],"acf":{"ser_id":"D5RHUKBXPRH2VOWPWGSKS7ATAQ","ser_url":"https:\/\/cadenaser.com\/comunitat-valenciana\/2024\/07\/02\/rescatan-a-8-migrantes-a-26-millas-de-benidorm-y-buscan-a-otros-tres-en-aguas-la-marina-alta-radio-benidorm\/"},"_links":{"self":[{"href":"https:\/\/serbenidorm.daliisolutions.com\/index.php\/wp-json\/wp\/v2\/posts\/6611","targetHints":{"allow":["GET"]}}],"collection":[{"href":"https:\/\/serbenidorm.daliisolutions.com\/index.php\/wp-json\/wp\/v2\/posts"}],"about":[{"href":"https:\/\/serbenidorm.daliisolutions.com\/index.php\/wp-json\/wp\/v2\/types\/post"}],"replies":[{"embeddable":true,"href":"https:\/\/serbenidorm.daliisolutions.com\/index.php\/wp-json\/wp\/v2\/comments?post=6611"}],"version-history":[{"count":0,"href":"https:\/\/serbenidorm.daliisolutions.com\/index.php\/wp-json\/wp\/v2\/posts\/6611\/revisions"}],"wp:featuredmedia":[{"embeddable":true,"href":"https:\/\/serbenidorm.daliisolutions.com\/index.php\/wp-json\/wp\/v2\/media\/6612"}],"wp:attachment":[{"href":"https:\/\/serbenidorm.daliisolutions.com\/index.php\/wp-json\/wp\/v2\/media?parent=6611"}],"wp:term":[{"taxonomy":"category","embeddable":true,"href":"https:\/\/serbenidorm.daliisolutions.com\/index.php\/wp-json\/wp\/v2\/categories?post=6611"},{"taxonomy":"post_tag","embeddable":true,"href":"https:\/\/serbenidorm.daliisolutions.com\/index.php\/wp-json\/wp\/v2\/tags?post=6611"}],"curies":[{"name":"wp","href":"https:\/\/api.w.org\/{rel}","templated":true}]}}