{"id":6613,"date":"2024-07-02T15:20:40","date_gmt":"2024-07-02T13:20:40","guid":{"rendered":"https:\/\/serbenidorm.daliisolutions.com\/index.php\/2024\/07\/02\/el-festival-de-cine-de-lalfas-del-pi-entrega-sus-faros-de-plata-a-los-actores-luis-zahera-malena-alterio-y-vladimir-cruz\/"},"modified":"2024-07-02T15:20:40","modified_gmt":"2024-07-02T13:20:40","slug":"el-festival-de-cine-de-lalfas-del-pi-entrega-sus-faros-de-plata-a-los-actores-luis-zahera-malena-alterio-y-vladimir-cruz","status":"publish","type":"post","link":"https:\/\/serbenidorm.daliisolutions.com\/index.php\/2024\/07\/02\/el-festival-de-cine-de-lalfas-del-pi-entrega-sus-faros-de-plata-a-los-actores-luis-zahera-malena-alterio-y-vladimir-cruz\/","title":{"rendered":"El Festival de Cine de L\u2019Alf\u00e0s del Pi entrega sus Faros de Plata a los actores Luis Zahera, Malena Alterio y Vladimir Cruz"},"content":{"rendered":"  <p>L&#8217;Alf\u00e0s del Pi<\/p>   <p>El pr\u00f3ximo s\u00e1bado 6 de julio se volver\u00e1 a desplegar la alfombra roja que da paso al <a href=\"https:\/\/cadenaser.com\/comunitat-valenciana\/2023\/01\/20\/el-festival-de-cine-de-lalfas-del-pi-ya-tiene-cartel-para-su-35-edicion-radio-benidorm\/\" target=\"_blank\" rel=\"noopener\">Festival de Cine de L\u2019Alf\u00e0s del Pi<\/a>, que este a\u00f1o celebra su 36 edici\u00f3n, y por ella desfilar\u00e1n, entre otros muchos, los actores Luis Zahera, Malena Alterio y Vladimir Cruz que son los elegidos para recibir este a\u00f1o el Faro de Plata, m\u00e1ximo galard\u00f3n que otorga el festival.<\/p>   <p>El director del festival, Lu\u00eds Larrodera, se ha referido a los premiados como \u201ctres estrellas cuyos nombres agrandar\u00e1n en longitud y prestigio, nuestro Paseo de la Fama de la playa del Albir\u201d.<\/p>   <p>La Gala Inaugural tendr\u00e1 lugar a las diez de la noche en el auditorio de la Casa de Cultura y ser\u00e1 presentada por el c\u00f3mico e imitador Ra\u00fal P\u00e9rez. Festival en el que, adem\u00e1s de entregar los Faros de Plata a los actores premiados, tambi\u00e9n se oficializar\u00e1 el nombramiento del escritor y periodista M\u00e1ximo Huerta como embajador honor\u00edfico del Festival de Cine de L\u2019Alf\u00e0s del Pi 2024. Huerta recibe la distinci\u00f3n \u201cpor su estrecha vinculaci\u00f3n con el certamen desde sus inicios y con L\u2019Alf\u00e0s del Pi donde pasa largas estancias\u201d.<\/p>   <p><a href=\"https:\/\/cadenaser.com\/comunitat-valenciana\/2022\/06\/28\/santiago-segura-enrique-cerezo-y-angeles-gonzalez-sinde-recibiran-el-faro-de-plata-en-el-34-festival-de-cine-de-lalfas-radio-benidorm\/\" target=\"_blank\" rel=\"noopener\">Por delante, todo un programa con m\u00e1s de 80 proyecciones, entre largometrajes y cortos, en el Cinema Roma, la Casa de Cultura, Escoles Velles y Villa Romana del Albir, en sus distintas secciones. <\/a>Adem\u00e1s de la \u00fanica secci\u00f3n a concurso, la de Cortos, que contar\u00e1 con la proyecci\u00f3n de los 27 trabajos finalistas de entre los que saldr\u00e1 el vencedor. El certamen entrega 8.000 euros en premios adem\u00e1s de Faro de Plata. La entrega de los premios tendr\u00e1 lugar en la gala de clausura, que se celebrar\u00e1 el 13 de julio en el auditorio de la Casa de Cultura, y estar\u00e1 presentada por la actriz y humorista Coria Castillo.<\/p>   <p>Faros de Plata<\/p>   <p>Luis Zahera, actor y productor gallego, protagonista de grandes personajes y ganador de dos Goya como mejor actor de reparto en \u2018El Reino\u2019 y \u2018As bestas\u2019.<\/p>   <p>     .c-w{         max-width:444px;         width:100%;         margin:16px auto;      background:#00755E;         border-radius:4px;         display:flex;         align-items:center;         justify-content:center;     }     .c-w a{         display:flex;         align-items:center;         justify-content:center;         padding:4px 24px;     }     .c-w img{         width:24px;         margin-right:12px;     }     .c-w p{         font:18px\/25px Poppins;         text-align:center;         color:#fff;         margin:0;     }     @media (max-width:444px){         .c-w a{             padding:4px 12px;         }         .c-w img{             width:24px;             margin-right:8px;         }         .c-w p{             font:14px\/25px Poppins;         }     }     @media (max-width:335px){         .c-w p{             font:13px\/25px Poppins;         }     }  <div class=\"c-w\">     <a href=\"https:\/\/www.whatsapp.com\/channel\/0029Va633PF9WtC4l7XUzh1e\" target=\"_blank\" rel=\"noopener\">         <img decoding=\"async\" src=\"https:\/\/cadenaser.com\/estaticos\/recursosgraficos\/responsive\/img\/ico-whatsapp.svg\" alt=\"Whatsapp\">         <p>\u00danete al <b>canal de WhatsApp<\/b> de la SER<\/p>     <\/a> <\/div><\/p>   <p>Malena Alterio, uno de los rostros m\u00e1s populares y queridos por su dilatada trayectoria tanto en la gran pantalla, como en el teatro y la televisi\u00f3n, ganadora de un Goya a la mejor actriz protagonista \u2018Por que nadie Duerma\u2019.<\/p>   <p>Vladimir Cruz, actor de origen cubana que cuenta con una extensa carrera. Entre sus proyectos m\u00e1s recientes destacan \u201cOscuros Amores\u201d, \u201cLos Buenos Demonios\u201d, por el que recibi\u00f3 la Biznaga de Plata a Mejor Actor de Reparto en el Festival de M\u00e1laga 2018 y el Premio ACE de Nueva York.<\/p> ","protected":false},"excerpt":{"rendered":"<p>El s\u00e1bado 6 de julio arranca la 36 edici\u00f3n del Festival con la Gala Inaugural en la Casa de Cultura<\/p>\n","protected":false},"author":0,"featured_media":6614,"comment_status":"open","ping_status":"open","sticky":false,"template":"","format":"standard","meta":{"_acf_changed":false,"footnotes":""},"categories":[1],"tags":[],"class_list":["post-6613","post","type-post","status-publish","format-standard","has-post-thumbnail","hentry","category-sin-categoria"],"acf":{"ser_id":"FEFK3Y7GEZCWJJZ5BWMV6IOQIU","ser_url":"https:\/\/cadenaser.com\/comunitat-valenciana\/2024\/07\/02\/el-festival-de-cine-de-lalfas-del-pi-entrega-sus-faros-de-plata-a-los-actores-luis-zahera-malena-alterio-y-vladimir-cruz-radio-benidorm\/"},"_links":{"self":[{"href":"https:\/\/serbenidorm.daliisolutions.com\/index.php\/wp-json\/wp\/v2\/posts\/6613","targetHints":{"allow":["GET"]}}],"collection":[{"href":"https:\/\/serbenidorm.daliisolutions.com\/index.php\/wp-json\/wp\/v2\/posts"}],"about":[{"href":"https:\/\/serbenidorm.daliisolutions.com\/index.php\/wp-json\/wp\/v2\/types\/post"}],"replies":[{"embeddable":true,"href":"https:\/\/serbenidorm.daliisolutions.com\/index.php\/wp-json\/wp\/v2\/comments?post=6613"}],"version-history":[{"count":0,"href":"https:\/\/serbenidorm.daliisolutions.com\/index.php\/wp-json\/wp\/v2\/posts\/6613\/revisions"}],"wp:featuredmedia":[{"embeddable":true,"href":"https:\/\/serbenidorm.daliisolutions.com\/index.php\/wp-json\/wp\/v2\/media\/6614"}],"wp:attachment":[{"href":"https:\/\/serbenidorm.daliisolutions.com\/index.php\/wp-json\/wp\/v2\/media?parent=6613"}],"wp:term":[{"taxonomy":"category","embeddable":true,"href":"https:\/\/serbenidorm.daliisolutions.com\/index.php\/wp-json\/wp\/v2\/categories?post=6613"},{"taxonomy":"post_tag","embeddable":true,"href":"https:\/\/serbenidorm.daliisolutions.com\/index.php\/wp-json\/wp\/v2\/tags?post=6613"}],"curies":[{"name":"wp","href":"https:\/\/api.w.org\/{rel}","templated":true}]}}