{"id":6615,"date":"2024-07-02T15:20:43","date_gmt":"2024-07-02T13:20:43","guid":{"rendered":"https:\/\/serbenidorm.daliisolutions.com\/index.php\/2024\/07\/02\/rbf-aterriza-en-benidorm-el-6-y-7-de-julio-con-anuel-aa-justin-quiles-bryant-myers-tiago-pzk-el-alfa-maria-becerra-y-mas\/"},"modified":"2024-07-02T15:20:43","modified_gmt":"2024-07-02T13:20:43","slug":"rbf-aterriza-en-benidorm-el-6-y-7-de-julio-con-anuel-aa-justin-quiles-bryant-myers-tiago-pzk-el-alfa-maria-becerra-y-mas","status":"publish","type":"post","link":"https:\/\/serbenidorm.daliisolutions.com\/index.php\/2024\/07\/02\/rbf-aterriza-en-benidorm-el-6-y-7-de-julio-con-anuel-aa-justin-quiles-bryant-myers-tiago-pzk-el-alfa-maria-becerra-y-mas\/","title":{"rendered":"RBF aterriza en Benidorm el 6 y 7 de julio con Anuel AA, Justin Quiles, Bryant Myers, Tiago PZK, El Alfa, Maria Becerra y m\u00e1s"},"content":{"rendered":"  <p>Benidorm<\/p>   <p>La direcci\u00f3n de Reggaeton Beach Festival, con la colaboraci\u00f3n del alcalde  de Benidorm, Toni Perez, anunci\u00f3 hace d\u00edas el poderoso cartel art\u00edstico  que llegar\u00e1 a esta poblaci\u00f3n por quinto  a\u00f1o consecutivo, simult\u00e1neamente con Nerja- M\u00e1laga. <\/p>   <p>El Tour, que ha contado con la asistencia de m\u00e1s de un mill\u00f3n de personas a lo largo de su historia, comenz\u00f3 su recorrido este a\u00f1o en Oropesa del Mar y Puerto de la Cruz el 29 y 30 de junio, continuar\u00e1 por Nerja, Benidorm, Mallorca, Santander, Madrid, Barcelona, Avil\u00e9s  y Gran Canaria, y concluir\u00e1 en Nigr\u00e1n y Torrevieja el 3 y 4 de agosto.<\/p>   <p>El evento de Benidorm se celebrar\u00e1 en el Estadio Municipal Guillermo Amor esperando atraer a miles de fans de la m\u00fasica urbana. El cartel final contar\u00e1 con artistas internacionales como <a href=\"https:\/\/cadenaser.com\/tag\/benidorm\/a\/\" target=\"_blank\" rel=\"noopener\">Anuel AA, Justin Quiles, Bryant Myers, Tiago PZK, El Alfa, Tainy, Maria Becerra, Nio Garcia, Noriel, Chimbala y Alvaro Diaz junto con DJ\u2019s de primer nivel como Ballesteros, Albert Gonzalez, Oscar Romero y m\u00e1s<\/a>. <\/p>   <p><div class=\"oembed instagram\"><blockquote class=\"instagram-media\" data-instgrm-captioned data-instgrm-permalink=\"https:\/\/www.instagram.com\/p\/C3Nu3-foS1R\/?utm_source=ig_embed&amp;utm_campaign=loading\" data-instgrm-version=\"14\" style=\"background:#FFF;border:0;border-radius:3px;margin: 1px;max-width:658px;min-width:326px;padding:0;width:99.375%;width:-webkit-calc(100% - 2px);width:calc(100% - 2px)\"><div style=\"padding:16px\"> <a href=\"https:\/\/www.instagram.com\/p\/C3Nu3-foS1R\/?utm_source=ig_embed&amp;utm_campaign=loading\" style=\"background:#FFFFFF;line-height:0;padding:0 0;text-align:center;text-decoration:none;width:100%\" target=\"_blank\" rel=\"noopener\"> <div style=\"flex-direction: row;align-items: center\"> <div style=\"background-color: #F4F4F4;border-radius: 50%;flex-grow: 0;height: 40px;margin-right: 14px;width: 40px\"><\/div> <div style=\"flex-direction: column;flex-grow: 1;justify-content: center\"> <div style=\"background-color: #F4F4F4;border-radius: 4px;flex-grow: 0;height: 14px;margin-bottom: 6px;width: 100px\"><\/div> <div style=\"background-color: #F4F4F4;border-radius: 4px;flex-grow: 0;height: 14px;width: 60px\"><\/div><\/div><\/div><div style=\"padding: 19% 0\"><\/div> <div style=\"height:50px;margin:0 auto 12px;width:50px\"><\/div><div style=\"padding-top: 8px\"> <div style=\"color:#3897f0;font-family:Arial,sans-serif;font-size:14px;font-style:normal;font-weight:550;line-height:18px\">View this post on Instagram<\/div><\/div><div style=\"padding: 12.5% 0\"><\/div> <div style=\"flex-direction: row;margin-bottom: 14px;align-items: center\"><div> <div style=\"background-color: #F4F4F4;border-radius: 50%;height: 12.5px;width: 12.5px\"><\/div> <div style=\"background-color: #F4F4F4;height: 12.5px;width: 12.5px;flex-grow: 0;margin-right: 14px;margin-left: 2px\"><\/div> <div style=\"background-color: #F4F4F4;border-radius: 50%;height: 12.5px;width: 12.5px\"><\/div><\/div><div style=\"margin-left: 8px\"> <div style=\"background-color: #F4F4F4;border-radius: 50%;flex-grow: 0;height: 20px;width: 20px\"><\/div> <div style=\"width: 0;height: 0;border-top: 2px solid transparent;border-left: 6px solid #f4f4f4;border-bottom: 2px solid transparent\"><\/div><\/div><div style=\"margin-left: auto\"> <div style=\"width: 0px;border-top: 8px solid #F4F4F4;border-right: 8px solid transparent\"><\/div> <div style=\"background-color: #F4F4F4;flex-grow: 0;height: 12px;width: 16px\"><\/div> <div style=\"width: 0;height: 0;border-top: 8px solid #F4F4F4;border-left: 8px solid transparent\"><\/div><\/div><\/div> <div style=\"flex-direction: column;flex-grow: 1;justify-content: center;margin-bottom: 24px\"> <div style=\"background-color: #F4F4F4;border-radius: 4px;flex-grow: 0;height: 14px;margin-bottom: 6px;width: 224px\"><\/div> <div style=\"background-color: #F4F4F4;border-radius: 4px;flex-grow: 0;height: 14px;width: 144px\"><\/div><\/div><\/a><p style=\"color:#c9c8cd;font-family:Arial,sans-serif;font-size:14px;line-height:17px;margin-bottom:0;margin-top:8px;overflow:hidden;padding:8px 0 7px;text-align:center\"><a href=\"https:\/\/www.instagram.com\/p\/C3Nu3-foS1R\/?utm_source=ig_embed&amp;utm_campaign=loading\" style=\"color:#c9c8cd;font-family:Arial,sans-serif;font-size:14px;font-style:normal;font-weight:normal;line-height:17px;text-decoration:none\" target=\"_blank\" rel=\"noopener\">A post shared by REGGAETON BEACH FESTIVAL (@reggaetonbeachfestival)<\/a><\/p><\/div><\/blockquote> <\/div><\/p>   <p>Adem\u00e1s, el festival ofrecer\u00e1 una amplia variedad de atracciones, zonas de juegos y \u00e1reas acu\u00e1ticas. El recinto estar\u00e1 equipado con m\u00e1s de 20.000 metros cuadrados de c\u00e9sped artificial, fuentes de agua potable de acceso gratuito, una zona especial para recibir a personas con problemas de movilidad  y un espacio gastron\u00f3mico renovado con una amplia selecci\u00f3n de opciones veganas y sin gluten.<\/p>   <p>As\u00ed ser\u00e1 el escenario<\/p>   <p>Otras novedades son el gran escenario, 45 x 22 metros, una cabina de DJ integrada y m\u00e1s de<a href=\"https:\/\/cadenaser.com\/tag\/festivales_musica\/a\/\" target=\"_blank\" rel=\"noopener\"> 400 metros cuadrados de pantalla 8K<\/a>. Tambi\u00e9n se ha invertido en tecnolog\u00eda de \u00faltima generaci\u00f3n, IA, seguridad y accesos para mejorar la experiencia de los fans.<\/p>   <p>     .c-w{         max-width:444px;         width:100%;         margin:16px auto;      background:#00755E;         border-radius:4px;         display:flex;         align-items:center;         justify-content:center;     }     .c-w a{         display:flex;         align-items:center;         justify-content:center;         padding:4px 24px;     }     .c-w img{         width:24px;         margin-right:12px;     }     .c-w p{         font:18px\/25px Poppins;         text-align:center;         color:#fff;         margin:0;     }     @media (max-width:444px){         .c-w a{             padding:4px 12px;         }         .c-w img{             width:24px;             margin-right:8px;         }         .c-w p{             font:14px\/25px Poppins;         }     }     @media (max-width:335px){         .c-w p{             font:13px\/25px Poppins;         }     }  <div class=\"c-w\">     <a href=\"https:\/\/www.whatsapp.com\/channel\/0029Va633PF9WtC4l7XUzh1e\" target=\"_blank\" rel=\"noopener\">         <img decoding=\"async\" src=\"https:\/\/cadenaser.com\/estaticos\/recursosgraficos\/responsive\/img\/ico-whatsapp.svg\" alt=\"Whatsapp\">         <p>\u00danete al <b>canal de WhatsApp<\/b> de la SER<\/p>     <\/a> <\/div><\/p>   <p>Benidorm  re\u00fane playa, alojamientos tur\u00edsticos y hoteleros que la convierten en todo un referente en la Comunitat valenciana  y en un gran destino tur\u00edstico y de ocio, ideal para eventos como el RBF, que ya lo ha convertido en una parada obligatoria.<\/p>  <p><figure><img loading=\"lazy\" decoding=\"async\" src=\"https:\/\/cadenaser.com\/resizer\/v2\/OTKWBDPWJVGBTPLQCTZIEDQ6MY.JPG?auth=cd580de9f4c33aba32f4a840f470eada4fe0aa2ab307e115f2e4c9a26962d530&amp;quality=70&amp;width=650&amp;height=487&amp;smart=true\" width=\"4\" height=\"3\" \/><figcaption class=\"fc\"><p><span>Gisela Jane<\/span><\/p><\/figcaption><\/figure><button class=\"bt-am\">Ampliar<\/button><\/p>   <p>RBF es un evento es diurno, que respeta el sue\u00f1o de los vecinos y se complementa con las costumbres locales. Su horario de 16 h. a 00 h. permite disfrutar tambi\u00e9n de la ciudad y su entorno. Un estudio del a\u00f1o pasado mostr\u00f3 que el impacto econ\u00f3mico del festival en la regi\u00f3n supera los 6 millones de euros, beneficiando a hoteles, tiendas, restaurantes y otros negocios locales.<\/p>   <p>As\u00ed naci\u00f3 RBF<\/p>   <p>RBF naci\u00f3 en 2017 como iniciativa de los socios de DQuality, una productora de Badalona y fueron pioneros en crear un gran evento en Espa\u00f1a apostando por el reggaeton c\u00f3mo la nueva m\u00fasica central de nuestro tiempo. El festival ha crecido significativamente en sus cinco ediciones anteriores y se ha convertido en el m\u00e1s relevante de Europa en m\u00fasica urbana.<\/p>   <p>Este a\u00f1o DQuality Group ha firmado una alianza estrat\u00e9gica de gran calado con Grupo VRDG, el gigante del entretenimiento del continente americano, que permitir\u00e1  que RBF crezca  en calidad de oferta art\u00edstica y tecnol\u00f3gica, dibujando un futuro espectacular para sus pr\u00f3ximas ediciones.<\/p>   <p>La fidelidad del p\u00fablico es un testimonio de su \u00e9xito, habiendo presentado en otras ediciones a artistas como Bad Bunny, Daddy Yankee, Anuel AA, Ozuna, Karol G, Don Omary muchos m\u00e1s, que hoy ya son estrellas globales.<\/p> ","protected":false},"excerpt":{"rendered":"<p>Tras el \u00e9xito del arranque de la gira 2024 en Oropesa del Mar y Tenerife la caravana de RBF llega a Benidorm con su 5\u00aa Edici\u00f3n Gold | Con el cartel ya completo y en colaboraci\u00f3n con el Ayuntamiento, se espera que miles de fans llenen el Recinto Municipal de Conciertos en la gran fiesta de la m\u00fasica urbana<\/p>\n","protected":false},"author":0,"featured_media":6616,"comment_status":"open","ping_status":"open","sticky":false,"template":"","format":"standard","meta":{"_acf_changed":false,"footnotes":""},"categories":[1],"tags":[],"class_list":["post-6615","post","type-post","status-publish","format-standard","has-post-thumbnail","hentry","category-sin-categoria"],"acf":{"ser_id":"IVFEPRYCKNA2FNEAWY6UVF3NZI","ser_url":"https:\/\/cadenaser.com\/comunitat-valenciana\/2024\/07\/02\/rbf-aterriza-en-benidorm-el-6-y-7-de-julio-con-anuel-aa-justin-quiles-bryant-myers-tiago-pzk-el-alfa-maria-becerra-y-mas-radio-benidorm\/"},"_links":{"self":[{"href":"https:\/\/serbenidorm.daliisolutions.com\/index.php\/wp-json\/wp\/v2\/posts\/6615","targetHints":{"allow":["GET"]}}],"collection":[{"href":"https:\/\/serbenidorm.daliisolutions.com\/index.php\/wp-json\/wp\/v2\/posts"}],"about":[{"href":"https:\/\/serbenidorm.daliisolutions.com\/index.php\/wp-json\/wp\/v2\/types\/post"}],"replies":[{"embeddable":true,"href":"https:\/\/serbenidorm.daliisolutions.com\/index.php\/wp-json\/wp\/v2\/comments?post=6615"}],"version-history":[{"count":0,"href":"https:\/\/serbenidorm.daliisolutions.com\/index.php\/wp-json\/wp\/v2\/posts\/6615\/revisions"}],"wp:featuredmedia":[{"embeddable":true,"href":"https:\/\/serbenidorm.daliisolutions.com\/index.php\/wp-json\/wp\/v2\/media\/6616"}],"wp:attachment":[{"href":"https:\/\/serbenidorm.daliisolutions.com\/index.php\/wp-json\/wp\/v2\/media?parent=6615"}],"wp:term":[{"taxonomy":"category","embeddable":true,"href":"https:\/\/serbenidorm.daliisolutions.com\/index.php\/wp-json\/wp\/v2\/categories?post=6615"},{"taxonomy":"post_tag","embeddable":true,"href":"https:\/\/serbenidorm.daliisolutions.com\/index.php\/wp-json\/wp\/v2\/tags?post=6615"}],"curies":[{"name":"wp","href":"https:\/\/api.w.org\/{rel}","templated":true}]}}