{"id":6617,"date":"2024-07-02T15:20:43","date_gmt":"2024-07-02T13:20:43","guid":{"rendered":"https:\/\/serbenidorm.daliisolutions.com\/index.php\/2024\/07\/02\/giulia-giannetti-tercer-refuerzo-del-holacv-benidorm\/"},"modified":"2024-07-02T15:20:43","modified_gmt":"2024-07-02T13:20:43","slug":"giulia-giannetti-tercer-refuerzo-del-holacv-benidorm","status":"publish","type":"post","link":"https:\/\/serbenidorm.daliisolutions.com\/index.php\/2024\/07\/02\/giulia-giannetti-tercer-refuerzo-del-holacv-benidorm\/","title":{"rendered":"Giulia Giannetti, tercer refuerzo del HolaCV-Benidorm"},"content":{"rendered":"  <p>Benidorm<\/p>   <p>El <a href=\"https:\/\/cadenaser.com\/tag\/club_voleibol_playas_benidorm\/a\/\" target=\"_blank\" rel=\"noopener\">Club Voleibol Playas de Benidorm<\/a> sigue conformando las plantillas de sus equipos masculino (Servigroup-Benidorm) y femenino (HolaCV-Benidorm) de cara a la pr\u00f3xima temporada en la Superliga 2, la categor\u00eda de plata del v\u00f3ley nacional.<\/p>   <p>Despu\u00e9s de que en la pasada temporada ninguna de las dos escuadras pudieran meterse en la pelea por la fase de ascenso a la m\u00e1xima categor\u00eda, los responsables del club avanzaron que su idea pasaba por mantener una l\u00ednea continuista apuntalando cada una de las plantillas en los puestos que pudieran quedar libres por el normal movimiento del mercado en los meses de verano.<\/p>  <p><p>M\u00e1s informaci\u00f3n<\/p><figure><img loading=\"lazy\" decoding=\"async\" src=\"https:\/\/cadenaser.com\/resizer\/v2\/GLUKMW66A5BKZAEJKZU6O37MAY.jpg?auth=9920b7e6e3138da2aafff5e82954b0c59d7e86fc285f48787532ed59115e74f2&amp;quality=70&amp;width=360&amp;height=202&amp;smart=true\" width=\"820\" height=\"621\" \/><\/figure><ul><li><a href=\"https:\/\/cadenaser.com\/comunitat-valenciana\/2024\/07\/02\/estas-seran-las-plantillas-del-club-voleibol-playas-de-benidorm-radio-benidorm\/\"><span>Estas ser\u00e1n las plantillas del Club Voleibol Playas de Benidorm<\/span><\/a><\/li><\/ul><\/p>   <p>En ese sentido, la \u00faltima novedad presentada por el <a href=\"https:\/\/cadenaser.com\/tag\/club_voleibol_playas_benidorm\/a\/\" target=\"_blank\" rel=\"noopener\">Club Voleibol Benidorm<\/a> corresponde al equipo femenino. En concreto, se trata de la italiana Giulia Giannetti, que llega procedente del Unversitat d\u2019Alacant, equipo con el que milit\u00f3 la pasada campa\u00f1a en el mismo grupo que las del Ra\u00fal Mesa.<\/p>   <p>La nueva jugadora benidormense ocupa el puesto de central, mide 1,81 metros y ha demostrado ser una pieza clave en las \u00faltimas temporadas para la escuadra universitaria. Esta temporada ha disputado 83 sets en 22 partidos y ha sumado un total de 180 puntos en ataque, 39 en bloqueo y 17 desde el servicio, siendo una de las mejores jugadoras en su puesto.<\/p>   <p>Tras su llegada a Benidorm, la transalpina ha afirmado que \u201cdesde el primer momento todo el club me ha transmitido mucha confianza y muy buenas sensaciones tanto a nivel personal como profesional. Me siento muy orgullosa de ser parte de un proyecto tan ambicioso\u201d.<\/p>   <p>     .c-w{         max-width:444px;         width:100%;         margin:16px auto;      background:#00755E;         border-radius:4px;         display:flex;         align-items:center;         justify-content:center;     }     .c-w a{         display:flex;         align-items:center;         justify-content:center;         padding:4px 24px;     }     .c-w img{         width:24px;         margin-right:12px;     }     .c-w p{         font:18px\/25px Poppins;         text-align:center;         color:#fff;         margin:0;     }     @media (max-width:444px){         .c-w a{             padding:4px 12px;         }         .c-w img{             width:24px;             margin-right:8px;         }         .c-w p{             font:14px\/25px Poppins;         }     }     @media (max-width:335px){         .c-w p{             font:13px\/25px Poppins;         }     }  <div class=\"c-w\">     <a href=\"https:\/\/www.whatsapp.com\/channel\/0029Va633PF9WtC4l7XUzh1e\" target=\"_blank\" rel=\"noopener\">         <img decoding=\"async\" src=\"https:\/\/cadenaser.com\/estaticos\/recursosgraficos\/responsive\/img\/ico-whatsapp.svg\" alt=\"Whatsapp\">         <p>\u00danete al <b>canal de WhatsApp<\/b> de la SER<\/p>     <\/a> <\/div><\/p>   <p><b>Renovaci\u00f3n de Juli\u00e1n L\u00f3pez<\/b><\/p>   <p>En lo que respecta al equipo masculino, por el momento s\u00f3lo se conoce el nombre de una cara nueva para el proyecto que volver\u00e1 a dirigir, un a\u00f1o m\u00e1s, Adriano Lamb. Se trata del tambi\u00e9n italiano Luca Cuminetti, que arriba al Ra\u00fal Mesa con un impresionante historial que abarca diversas ligas de prestigio. Proveniente de la UD Ibiza de la Superliga 2, su trayectoria incluye destacadas participaciones en equipos de Italia y Argentina.<\/p>   <p>En el caso del <a href=\"https:\/\/cadenaser.com\/tag\/club_voleibol_playas_benidorm\/a\/\" target=\"_blank\" rel=\"noopener\">Servigroup-Benidorm<\/a>, la \u00faltima novedad llega de la mano del l\u00edbero Juli\u00e1n L\u00f3pez, que ha renovado con la entidad del Ra\u00fal Mesa y que eleva a cinco el n\u00famero de jugadores que ya han confirmado su continuidad en la ciudad.<\/p>   <p>A los 22 a\u00f1os, el reto para \u00e9l esta temporada es el de consolidarse en el equipo y seguir sumando experiencia a su palmar\u00e9s demostrando sus cualidades en recepci\u00f3n y defensa.<\/p> ","protected":false},"excerpt":{"rendered":"<p>Juli\u00e1n L\u00f3pez aumenta a cinco el n\u00famero de jugadores renovados del equipo masculino<\/p>\n","protected":false},"author":0,"featured_media":6618,"comment_status":"open","ping_status":"open","sticky":false,"template":"","format":"standard","meta":{"_acf_changed":false,"footnotes":""},"categories":[16],"tags":[],"class_list":["post-6617","post","type-post","status-publish","format-standard","has-post-thumbnail","hentry","category-deportes"],"acf":{"ser_id":"FJBW7PVF7BFIPP2F3USQFPWDK4","ser_url":"https:\/\/cadenaser.com\/comunitat-valenciana\/2024\/07\/02\/giulia-giannetti-tercer-refuerzo-del-holacv-benidorm-radio-benidorm\/"},"_links":{"self":[{"href":"https:\/\/serbenidorm.daliisolutions.com\/index.php\/wp-json\/wp\/v2\/posts\/6617","targetHints":{"allow":["GET"]}}],"collection":[{"href":"https:\/\/serbenidorm.daliisolutions.com\/index.php\/wp-json\/wp\/v2\/posts"}],"about":[{"href":"https:\/\/serbenidorm.daliisolutions.com\/index.php\/wp-json\/wp\/v2\/types\/post"}],"replies":[{"embeddable":true,"href":"https:\/\/serbenidorm.daliisolutions.com\/index.php\/wp-json\/wp\/v2\/comments?post=6617"}],"version-history":[{"count":0,"href":"https:\/\/serbenidorm.daliisolutions.com\/index.php\/wp-json\/wp\/v2\/posts\/6617\/revisions"}],"wp:featuredmedia":[{"embeddable":true,"href":"https:\/\/serbenidorm.daliisolutions.com\/index.php\/wp-json\/wp\/v2\/media\/6618"}],"wp:attachment":[{"href":"https:\/\/serbenidorm.daliisolutions.com\/index.php\/wp-json\/wp\/v2\/media?parent=6617"}],"wp:term":[{"taxonomy":"category","embeddable":true,"href":"https:\/\/serbenidorm.daliisolutions.com\/index.php\/wp-json\/wp\/v2\/categories?post=6617"},{"taxonomy":"post_tag","embeddable":true,"href":"https:\/\/serbenidorm.daliisolutions.com\/index.php\/wp-json\/wp\/v2\/tags?post=6617"}],"curies":[{"name":"wp","href":"https:\/\/api.w.org\/{rel}","templated":true}]}}