{"id":6619,"date":"2024-07-02T15:20:46","date_gmt":"2024-07-02T13:20:46","guid":{"rendered":"https:\/\/serbenidorm.daliisolutions.com\/index.php\/2024\/07\/02\/mas-de-5-000-deportistas-disputan-ya-la-30a-edicion-de-la-costa-blanca-cup\/"},"modified":"2024-07-02T15:20:46","modified_gmt":"2024-07-02T13:20:46","slug":"mas-de-5-000-deportistas-disputan-ya-la-30a-edicion-de-la-costa-blanca-cup","status":"publish","type":"post","link":"https:\/\/serbenidorm.daliisolutions.com\/index.php\/2024\/07\/02\/mas-de-5-000-deportistas-disputan-ya-la-30a-edicion-de-la-costa-blanca-cup\/","title":{"rendered":"M\u00e1s de 5.000 deportistas disputan ya la 30\u00aa edici\u00f3n de la Costa Blanca Cup"},"content":{"rendered":"  <p>Benidorm<\/p>   <p>La m\u00fasica, los fuegos artificiales y sobre todo el entusiasmo y el buen ambiente fueron los protagonistas anoche de la ceremonia inaugural de la 30\u00aa edici\u00f3n de la Costa Blanca Cup de f\u00fatbol, que contar\u00e1 esta a\u00f1o con 200 equipos procedentes de 22 pa\u00edses y de 12 de las 17 comunidades aut\u00f3nomas espa\u00f1olas. El desfile se inici\u00f3 en la calle Bilbao y culmin\u00f3 en el auditorio Julio Iglesias del Parque de l\u2019Aig\u00fcera con m\u00e1s de 5.000 personas en su interior.<\/p>   <p>Esta Costa Blanca Cup, que por primera vez celebra por separado las modalidades de f\u00fatbol sala y f\u00fatbol, generar\u00e1 alrededor de 23.000 pernoctaciones y ua facturaci\u00f3n cercana al mill\u00f3n de euros. Los j\u00f3venes futbolistas disputar\u00e1n sus partidos en 19i campos repartidos por varios municipios de la Marina Baixa. Como dato significativo, a lo largo de estos 30 a\u00f1os de competici\u00f3n, han pasado por el evento alrededor de 6.000 equipos y 95.000 jugadores de 90 pa\u00edses.<\/p>   <p>La expansi\u00f3n y crecimiento de la Costa Blanca Cup es tal que la organizaci\u00f3n, Tour Sport, ya ha anunciado que su car\u00e1cter internacional les llevar\u00e1 en 2025 a celebrar una Costa Blanca Cup en Punta Cana (Rep\u00fablica Dominicana) con el nombre de Costa Blanca Caribbean Cup. Ser\u00e1 del 15 al 20 de abril del a\u00f1o pr\u00f3ximo.<\/p>   <p>Los equipos participantes llegaron al auditorio Julio Iglesias en donde ya les esperaban el alcalde Toni P\u00e9rez, el concejal de Deportes, Javier Jord\u00e1, el diputado auton\u00f3mico, Jos\u00e9 Ram\u00f3n Gonz\u00e1lez de Z\u00e1rate, y miembros de la corporaci\u00f3n local. Tras un espect\u00e1culo musical, el primer edil se dirigi\u00f3 a todos los j\u00f3venes deportistas y entrenadores que se dieron cita en el acto para destacar que la ciudad \u201cmantiene a\u00f1o a a\u00f1o su colaboraci\u00f3n e implicaci\u00f3n\u201d con esta competici\u00f3n\u201d y desear que \u201cestos d\u00edas que vais a pasar con nosotros sean una experiencia inolvidable en lo deportivo y en lo personal\u201d. En ese sentido, asegur\u00f3 que Benidorm \u201cva a poner todo el empe\u00f1o y esfuerzo para que as\u00ed sea\u201d.<\/p>   <p>El alcalde recalc\u00f3 que la Costa Blanca Cup es \u201cun referente a nivel nacional e internacional\u201d no s\u00f3lo por sus cifras de participantes, \u201csino tambi\u00e9n porque es sin\u00f3nimo de compa\u00f1erismo e integraci\u00f3n\u201d. En ese punto resalt\u00f3 valores como \u201crespeto, disciplina, tolerancia, trabajo en equipo y esp\u00edritu de superaci\u00f3n\u201d y dese\u00f3 que esos valores \u201crijan siempre vuestra acci\u00f3n dentro y fuera del campo\u201d.<\/p>   <p>     .c-w{         max-width:444px;         width:100%;         margin:16px auto;      background:#00755E;         border-radius:4px;         display:flex;         align-items:center;         justify-content:center;     }     .c-w a{         display:flex;         align-items:center;         justify-content:center;         padding:4px 24px;     }     .c-w img{         width:24px;         margin-right:12px;     }     .c-w p{         font:18px\/25px Poppins;         text-align:center;         color:#fff;         margin:0;     }     @media (max-width:444px){         .c-w a{             padding:4px 12px;         }         .c-w img{             width:24px;             margin-right:8px;         }         .c-w p{             font:14px\/25px Poppins;         }     }     @media (max-width:335px){         .c-w p{             font:13px\/25px Poppins;         }     }  <div class=\"c-w\">     <a href=\"https:\/\/www.whatsapp.com\/channel\/0029Va633PF9WtC4l7XUzh1e\" target=\"_blank\" rel=\"noopener\">         <img decoding=\"async\" src=\"https:\/\/cadenaser.com\/estaticos\/recursosgraficos\/responsive\/img\/ico-whatsapp.svg\" alt=\"Whatsapp\">         <p>\u00danete al <b>canal de WhatsApp<\/b> de la SER<\/p>     <\/a> <\/div><\/p>   <p>Toni P\u00e9rez tuvo palabras para destacar la promoci\u00f3n del deporte inclusivo \u2013ya son ocho ediciones- \u201cdemostrando que todos somos capaces\u201d. \u201cUn a\u00f1o m\u00e1s, dar un abrazo muy especial a los deportistas que particip\u00e1is de esta Costa Blanca Inclusive: sois un orgullo y todo un ejemplo de superaci\u00f3n y tambi\u00e9n del enorme potencial de deporte como herramienta de integraci\u00f3n\u201d afirm\u00f3.<\/p>   <p>Por \u00faltimo, el primer edil de Benidorm anim\u00f3 a todos los deportistas a \u201cvivir con intensidad la Costa Blanca Cup, disfrutad de cada partido, competid con respeto, dad lo mejor de vosotros mismos y, sobre todo, sed felices jugando al f\u00fatbol y compartiendo esta experiencia\u201d.<\/p>   <p>Tras el protocolario saque de honor a cargo del alcalde, ell disparo de un gran castillo de fuegos artificiales puso el punto final a la ceremonia. Toda la informaci\u00f3n, resultados, valoraciones, etc\u00e9tera de la Costa Blanca Cup, pueden consultarse a trav\u00e9s de la aplicaci\u00f3n gratuita para iOs i Android desarrollada por Tour Sport.<\/p> ","protected":false},"excerpt":{"rendered":"<p>El evento deportivo del verano en la comarca generar\u00e1 un impacto econ\u00f3mico superior al mill\u00f3n de euros<\/p>\n","protected":false},"author":0,"featured_media":6620,"comment_status":"open","ping_status":"open","sticky":false,"template":"","format":"standard","meta":{"_acf_changed":false,"footnotes":""},"categories":[16],"tags":[],"class_list":["post-6619","post","type-post","status-publish","format-standard","has-post-thumbnail","hentry","category-deportes"],"acf":{"ser_id":"SC3HDSJE2RFFTD45EHSPN757QE","ser_url":"https:\/\/cadenaser.com\/comunitat-valenciana\/2024\/07\/02\/mas-de-5000-deportistas-disputan-ya-la-30-edicion-de-la-costa-blanca-cup-radio-benidorm\/"},"_links":{"self":[{"href":"https:\/\/serbenidorm.daliisolutions.com\/index.php\/wp-json\/wp\/v2\/posts\/6619","targetHints":{"allow":["GET"]}}],"collection":[{"href":"https:\/\/serbenidorm.daliisolutions.com\/index.php\/wp-json\/wp\/v2\/posts"}],"about":[{"href":"https:\/\/serbenidorm.daliisolutions.com\/index.php\/wp-json\/wp\/v2\/types\/post"}],"replies":[{"embeddable":true,"href":"https:\/\/serbenidorm.daliisolutions.com\/index.php\/wp-json\/wp\/v2\/comments?post=6619"}],"version-history":[{"count":0,"href":"https:\/\/serbenidorm.daliisolutions.com\/index.php\/wp-json\/wp\/v2\/posts\/6619\/revisions"}],"wp:featuredmedia":[{"embeddable":true,"href":"https:\/\/serbenidorm.daliisolutions.com\/index.php\/wp-json\/wp\/v2\/media\/6620"}],"wp:attachment":[{"href":"https:\/\/serbenidorm.daliisolutions.com\/index.php\/wp-json\/wp\/v2\/media?parent=6619"}],"wp:term":[{"taxonomy":"category","embeddable":true,"href":"https:\/\/serbenidorm.daliisolutions.com\/index.php\/wp-json\/wp\/v2\/categories?post=6619"},{"taxonomy":"post_tag","embeddable":true,"href":"https:\/\/serbenidorm.daliisolutions.com\/index.php\/wp-json\/wp\/v2\/tags?post=6619"}],"curies":[{"name":"wp","href":"https:\/\/api.w.org\/{rel}","templated":true}]}}