{"id":6621,"date":"2024-07-02T15:20:46","date_gmt":"2024-07-02T13:20:46","guid":{"rendered":"https:\/\/serbenidorm.daliisolutions.com\/index.php\/2024\/07\/02\/estas-seran-las-plantillas-del-club-voleibol-playas-de-benidorm\/"},"modified":"2024-07-02T15:20:46","modified_gmt":"2024-07-02T13:20:46","slug":"estas-seran-las-plantillas-del-club-voleibol-playas-de-benidorm","status":"publish","type":"post","link":"https:\/\/serbenidorm.daliisolutions.com\/index.php\/2024\/07\/02\/estas-seran-las-plantillas-del-club-voleibol-playas-de-benidorm\/","title":{"rendered":"Estas ser\u00e1n las plantillas del Club Voleibol Playas de Benidorm"},"content":{"rendered":"  <p>Benidorm<\/p>   <p>Los responsables del Club Voleibol Playas de Benidorm so\u00f1aban hace ahora un a\u00f1o no s\u00f3lo con poder repetir la gesta alcanzada por su equipo femenino unos meses antes, meti\u00e9ndose por vez primera en la fase de ascenso a la Superliga Iberdrola; sino con poder alcanzar esa pelea por el pase a la m\u00e1xima categor\u00eda con sus dos equipos.<\/p>   <p>Sin embargo, y aunque en el caso de los chicos del Servigroup-Benidorm la emoci\u00f3n se mantuvo hasta la pen\u00faltima jornada, la temporada 2023-2024 termin\u00f3 sin poder disfrutar de esa emoci\u00f3n final.<\/p>   <p>De cara a la pr\u00f3xima campa\u00f1a, en la que el Ra\u00fal Mesa volver\u00e1 a disfrutar de dos equipos en la categor\u00eda de plata del voleibol nacional, la entidad ya tiene muy avanzadas sus plantillas. Estos son los nombres ya confirmados de manera oficial:<\/p>   <p><b>SERVIGROUP-BENIDORM (Superliga 2 Masculina)<\/b><\/p>   <p><b>Bajas<\/b><\/p>   <p>No anunciadas<\/p>   <p>     .c-w{         max-width:444px;         width:100%;         margin:16px auto;      background:#00755E;         border-radius:4px;         display:flex;         align-items:center;         justify-content:center;     }     .c-w a{         display:flex;         align-items:center;         justify-content:center;         padding:4px 24px;     }     .c-w img{         width:24px;         margin-right:12px;     }     .c-w p{         font:18px\/25px Poppins;         text-align:center;         color:#fff;         margin:0;     }     @media (max-width:444px){         .c-w a{             padding:4px 12px;         }         .c-w img{             width:24px;             margin-right:8px;         }         .c-w p{             font:14px\/25px Poppins;         }     }     @media (max-width:335px){         .c-w p{             font:13px\/25px Poppins;         }     }  <div class=\"c-w\">     <a href=\"https:\/\/www.whatsapp.com\/channel\/0029Va633PF9WtC4l7XUzh1e\" target=\"_blank\" rel=\"noopener\">         <img decoding=\"async\" src=\"https:\/\/cadenaser.com\/estaticos\/recursosgraficos\/responsive\/img\/ico-whatsapp.svg\" alt=\"Whatsapp\">         <p>\u00danete al <b>canal de WhatsApp<\/b> de la SER<\/p>     <\/a> <\/div><\/p>   <p><b>Altas<\/b><\/p>   <p><a href=\"https:\/\/cadenaser.com\/comunitat-valenciana\/2024\/07\/02\/giulia-giannetti-tercer-refuerzo-del-holacv-benidorm-radio-benidorm\/\">Luca Cuminetti<\/a><\/p>   <p><b>Renovados<\/b><\/p>   <p><a href=\"https:\/\/cadenaser.com\/comunitat-valenciana\/2024\/06\/06\/el-club-voleibol-playas-de-benidorm-renueva-a-sus-capitanias-radio-benidorm\/\">Sergio Ram\u00edrez<\/a><br \/>  <a href=\"https:\/\/cadenaser.com\/comunitat-valenciana\/2024\/06\/11\/arnau-caparros-seguira-un-ano-mas-en-el-servigroup-benidorm-radio-benidorm\/\">Arnau Caparr\u00f3s<\/a><br \/> Agust\u00edn Calabuig<br \/> Dani Retuerto<br \/>  <a href=\"https:\/\/cadenaser.com\/comunitat-valenciana\/2024\/07\/02\/giulia-giannetti-tercer-refuerzo-del-holacv-benidorm-radio-benidorm\/\">Juli\u00e1n L\u00f3pez<\/a><br \/>  <a href=\"https:\/\/cadenaser.com\/comunitat-valenciana\/2024\/04\/16\/adriano-lamb-seguira-siendo-el-dueno-del-banquillo-del-servigroup-benidorm-radio-benidorm\/\">Adriano Lamb (Entrenador)<\/a><\/p>   <p><b>HOLACV-BENIDORM (Superliga 2 Femenina)<\/b><\/p>   <p><b>Bajas<\/b><\/p>   <p>Noelia L\u00f3pez<br \/>  <a href=\"https:\/\/cadenaser.com\/comunitat-valenciana\/2024\/04\/23\/juliennis-regalado-no-seguira-en-el-holacv-benidorm-radio-benidorm\/\">Juliennis Regalado<\/a><\/p>   <p><b>Altas<\/b><\/p>   <p><a href=\"https:\/\/cadenaser.com\/comunitat-valenciana\/2024\/06\/07\/alba-garcia-reforzara-la-recepcion-del-holacv-benidorm-radio-benidorm\/\">Alba Garc\u00eda<\/a><br \/> In\u00e9s Lagu\u00eda<br \/>  <a href=\"https:\/\/cadenaser.com\/comunitat-valenciana\/2024\/07\/02\/giulia-giannetti-tercer-refuerzo-del-holacv-benidorm-radio-benidorm\/\">Giulia Giannetti<\/a><br \/>  <a href=\"https:\/\/cadenaser.com\/comunitat-valenciana\/2024\/04\/10\/noelia-santacreu-se-hara-cargo-del-banquillo-del-hola-cv-benidorm-radio-benidorm\/\">Noelia Santacreu (Entrenadora)<\/a><\/p>   <p><b>Renovadas<\/b><\/p>   <p><a href=\"https:\/\/cadenaser.com\/comunitat-valenciana\/2024\/06\/06\/el-club-voleibol-playas-de-benidorm-renueva-a-sus-capitanias-radio-benidorm\/\">Mar\u00eda Soldevila<\/a><br \/> Yusidey Silie<br \/> Patricia Madaleno<\/p> ","protected":false},"excerpt":{"rendered":"<p>La entidad del Ra\u00fal Mesa volver\u00e1 a estar representada en las Superligas 2 masculina y femenina<\/p>\n","protected":false},"author":0,"featured_media":6622,"comment_status":"open","ping_status":"open","sticky":false,"template":"","format":"standard","meta":{"_acf_changed":false,"footnotes":""},"categories":[16],"tags":[],"class_list":["post-6621","post","type-post","status-publish","format-standard","has-post-thumbnail","hentry","category-deportes"],"acf":{"ser_id":"IETLGCHGWFDSPJRJRDLVGH5AHA","ser_url":"https:\/\/cadenaser.com\/comunitat-valenciana\/2024\/07\/02\/estas-seran-las-plantillas-del-club-voleibol-playas-de-benidorm-radio-benidorm\/"},"_links":{"self":[{"href":"https:\/\/serbenidorm.daliisolutions.com\/index.php\/wp-json\/wp\/v2\/posts\/6621","targetHints":{"allow":["GET"]}}],"collection":[{"href":"https:\/\/serbenidorm.daliisolutions.com\/index.php\/wp-json\/wp\/v2\/posts"}],"about":[{"href":"https:\/\/serbenidorm.daliisolutions.com\/index.php\/wp-json\/wp\/v2\/types\/post"}],"replies":[{"embeddable":true,"href":"https:\/\/serbenidorm.daliisolutions.com\/index.php\/wp-json\/wp\/v2\/comments?post=6621"}],"version-history":[{"count":0,"href":"https:\/\/serbenidorm.daliisolutions.com\/index.php\/wp-json\/wp\/v2\/posts\/6621\/revisions"}],"wp:featuredmedia":[{"embeddable":true,"href":"https:\/\/serbenidorm.daliisolutions.com\/index.php\/wp-json\/wp\/v2\/media\/6622"}],"wp:attachment":[{"href":"https:\/\/serbenidorm.daliisolutions.com\/index.php\/wp-json\/wp\/v2\/media?parent=6621"}],"wp:term":[{"taxonomy":"category","embeddable":true,"href":"https:\/\/serbenidorm.daliisolutions.com\/index.php\/wp-json\/wp\/v2\/categories?post=6621"},{"taxonomy":"post_tag","embeddable":true,"href":"https:\/\/serbenidorm.daliisolutions.com\/index.php\/wp-json\/wp\/v2\/tags?post=6621"}],"curies":[{"name":"wp","href":"https:\/\/api.w.org\/{rel}","templated":true}]}}