{"id":6656,"date":"2024-07-03T17:53:34","date_gmt":"2024-07-03T15:53:34","guid":{"rendered":"https:\/\/serbenidorm.daliisolutions.com\/index.php\/2024\/07\/03\/altea-activa-restricciones-de-agua-por-la-sequia-en-parte-del-municipio\/"},"modified":"2024-07-03T17:53:34","modified_gmt":"2024-07-03T15:53:34","slug":"altea-activa-restricciones-de-agua-por-la-sequia-en-parte-del-municipio","status":"publish","type":"post","link":"https:\/\/serbenidorm.daliisolutions.com\/index.php\/2024\/07\/03\/altea-activa-restricciones-de-agua-por-la-sequia-en-parte-del-municipio\/","title":{"rendered":"Altea activa restricciones de agua por la sequ\u00eda en parte del municipio"},"content":{"rendered":"  <p>Altea<\/p>   <p>El estr\u00e9s h\u00eddrico que atraviesa actualmente la comarca de la Marina Baixa, uno de los principales destinos tur\u00edsticos de toda la Comunitat Valenciana, no ha hecho m\u00e1s que empeorar a lo largo de los \u00faltimos meses, en los que la ausencia de precipitaciones ha colocado las reservas de la regi\u00f3n en una situaci\u00f3n delicad\u00edsima.<\/p>   <p>De hecho, los dos pantanos que abastecen a las poblaciones de la Marina Baixa, el Amadorio (entre Orxeta y La Vila Joiosa) y el de Guadalest apenas embalsan 2,2 y 3,4 hect\u00f3metros c\u00fabicos, respectivamente, lo que supone el 14% de la capacidad del primero y el 26% del segundo.<\/p>   <p>Ahora, y pese a que los responsables pol\u00edticos de la comarca siempre han afirmado que el abastecimiento humano est\u00e1 asegurado, Altea ha sorprendido hoy con un bando de urgencia firmado por su alcalde, Diego Zaragoz\u00ed, por el que se ha prohibido el uso del agua de la red domiciliaria para ciertos usos en algunas de las zonas de la Villa Blanca.<\/p>   <p>Todo, seg\u00fan ha explicado la edil de Infraestructuras y Ciclo H\u00eddrico, Aurora Serrat, derivado con motivo \u201cde la sequ\u00eda que padecemos estos \u00faltimos meses y el aumento del consumo del agua en verano\u201d, lo que ha hecho \u201cnecesario tomar medidas excepcionales y preventivas para mantener el volumen de los pozos de la Sierra\u201d.<\/p>   <p>Por ello, las medidas contempladas en el bando firmado por el primer edil y explicado por Serrat \u201cafectan a La Mall\u00e0, el Mascarat, Alhama Candela y Sierra de Altea dos\u201d. En concreto, en todas esas \u00e1reas las pr\u00e1cticas que han quedado ya prohibidas son el riego de jardines, huertos, terrazas, zonas verdes y deportivas, de car\u00e1cter privado o p\u00fablico; llenado de piscinas, estanques y fuentes, privadas o p\u00fablicas y limpieza y baldeo de viales, calles, sendas y aceras, de car\u00e1cter p\u00fablico o privado\u201d, tal y como ha confirmado la edil.<\/p>   <p>     .c-w{         max-width:444px;         width:100%;         margin:16px auto;      background:#00755E;         border-radius:4px;         display:flex;         align-items:center;         justify-content:center;     }     .c-w a{         display:flex;         align-items:center;         justify-content:center;         padding:4px 24px;     }     .c-w img{         width:24px;         margin-right:12px;     }     .c-w p{         font:18px\/25px Poppins;         text-align:center;         color:#fff;         margin:0;     }     @media (max-width:444px){         .c-w a{             padding:4px 12px;         }         .c-w img{             width:24px;             margin-right:8px;         }         .c-w p{             font:14px\/25px Poppins;         }     }     @media (max-width:335px){         .c-w p{             font:13px\/25px Poppins;         }     }  <div class=\"c-w\">     <a href=\"https:\/\/www.whatsapp.com\/channel\/0029Va633PF9WtC4l7XUzh1e\" target=\"_blank\" rel=\"noopener\">         <img decoding=\"async\" src=\"https:\/\/cadenaser.com\/estaticos\/recursosgraficos\/responsive\/img\/ico-whatsapp.svg\" alt=\"Whatsapp\">         <p>\u00danete al <b>canal de WhatsApp<\/b> de la SER<\/p>     <\/a> <\/div><\/p>   <p>Serrat ha querido, adem\u00e1s, hacer \u201cun llamamiento a la responsabilidad\u201d e incita a la poblaci\u00f3n a \u201ccumplir con las medidas dictadas\u201d.<\/p>   <p>Por su inter\u00e9s e impacto, reproducimos \u00edntegramente el bando emitido en la tarde de este mi\u00e9rcoles por el alcalde de Altea.<\/p>   <p><b>Bando de urgencia<\/b><\/p>   <p>D. Diego Zaragoz\u00ed Llorens, alcalde de l\u2019Ajuntament d\u2019Altea, hago saber:<\/p>   <p>Que en fecha 3 de julio de 2024, con motivo de la excepcional situaci\u00f3n de sequ\u00eda, se ha emitido Resoluci\u00f3n de la Alcald\u00eda para la aplicaci\u00f3n de la Ordenanza Municipal Reguladora de medidas excepcionales aplicables al abastecimiento de agua en caso de sequ\u00eda, en los \u00e1mbitos de la Malla (Altea Hills), Mascarat, Alhama Candela y Sierra Altea II, por lo que se proh\u00edbe utilizar el agua de la red de abastecimiento domiciliaria para los siguientes usos:<\/p>   <p>\u00b7 Riego de jardines, huertos, terrazas, zonas verdes y deportivas, de car\u00e1cter privado o p\u00fablico.<\/p>   <p>\u00b7 Llenado de piscinas, estanques y fuentes, privadas o p\u00fablicas.<\/p>   <p>\u00b7 Limpieza y baldeo de viales, calles, sendas y aceras, de car\u00e1cter p\u00fablico o privado, sin perjuicio de la necesidad del mantenimiento de las condiciones higi\u00e9nicas y sanitarias apropiadas.<\/p> ","protected":false},"excerpt":{"rendered":"<p>El riego de jardines, llenado de piscinas o baldeo de calles, entre las actividades afectadas por el bando<\/p>\n","protected":false},"author":0,"featured_media":6657,"comment_status":"open","ping_status":"open","sticky":false,"template":"","format":"standard","meta":{"_acf_changed":false,"footnotes":""},"categories":[1],"tags":[],"class_list":["post-6656","post","type-post","status-publish","format-standard","has-post-thumbnail","hentry","category-sin-categoria"],"acf":{"ser_id":"JQ7TTSVD55EV7PZKUU2GGORIEQ","ser_url":"https:\/\/cadenaser.com\/comunitat-valenciana\/2024\/07\/03\/altea-activa-restricciones-de-agua-por-la-sequia-en-parte-del-municipio-radio-benidorm\/"},"_links":{"self":[{"href":"https:\/\/serbenidorm.daliisolutions.com\/index.php\/wp-json\/wp\/v2\/posts\/6656","targetHints":{"allow":["GET"]}}],"collection":[{"href":"https:\/\/serbenidorm.daliisolutions.com\/index.php\/wp-json\/wp\/v2\/posts"}],"about":[{"href":"https:\/\/serbenidorm.daliisolutions.com\/index.php\/wp-json\/wp\/v2\/types\/post"}],"replies":[{"embeddable":true,"href":"https:\/\/serbenidorm.daliisolutions.com\/index.php\/wp-json\/wp\/v2\/comments?post=6656"}],"version-history":[{"count":0,"href":"https:\/\/serbenidorm.daliisolutions.com\/index.php\/wp-json\/wp\/v2\/posts\/6656\/revisions"}],"wp:featuredmedia":[{"embeddable":true,"href":"https:\/\/serbenidorm.daliisolutions.com\/index.php\/wp-json\/wp\/v2\/media\/6657"}],"wp:attachment":[{"href":"https:\/\/serbenidorm.daliisolutions.com\/index.php\/wp-json\/wp\/v2\/media?parent=6656"}],"wp:term":[{"taxonomy":"category","embeddable":true,"href":"https:\/\/serbenidorm.daliisolutions.com\/index.php\/wp-json\/wp\/v2\/categories?post=6656"},{"taxonomy":"post_tag","embeddable":true,"href":"https:\/\/serbenidorm.daliisolutions.com\/index.php\/wp-json\/wp\/v2\/tags?post=6656"}],"curies":[{"name":"wp","href":"https:\/\/api.w.org\/{rel}","templated":true}]}}