{"id":6658,"date":"2024-07-03T17:53:37","date_gmt":"2024-07-03T15:53:37","guid":{"rendered":"https:\/\/serbenidorm.daliisolutions.com\/index.php\/2024\/07\/03\/la-nucia-celebra-su-319-aniversario-con-conciertos-mercado-medieval-y-actos-culturales\/"},"modified":"2024-07-03T17:53:37","modified_gmt":"2024-07-03T15:53:37","slug":"la-nucia-celebra-su-319-aniversario-con-conciertos-mercado-medieval-y-actos-culturales","status":"publish","type":"post","link":"https:\/\/serbenidorm.daliisolutions.com\/index.php\/2024\/07\/03\/la-nucia-celebra-su-319-aniversario-con-conciertos-mercado-medieval-y-actos-culturales\/","title":{"rendered":"La Nuc\u00eda celebra su 319 aniversario con conciertos, mercado medieval y actos culturales"},"content":{"rendered":"  <p>La Nuc\u00eda<\/p>   <p>El <a href=\"https:\/\/cadenaser.com\/comunitat-valenciana\/2022\/06\/30\/la-nucia-estrenara-himno-en-su-317-aniversario-radio-benidorm\/\" target=\"_blank\" rel=\"noopener\">\u201c9 de juliol. Dia de La Nucia\u201d <\/a>se conmemorar\u00e1 este a\u00f1o el 319<a href=\"https:\/\/cadenaser.com\/comunitat-valenciana\/2024\/03\/21\/jessica-gommans-el-dia-internacional-de-la-nucia-es-una-apuesta-por-la-integracion-de-mas-de-40-nacionalidades-radio-benidorm\/\" target=\"_blank\" rel=\"noopener\"> aniversario de la fundaci\u00f3n de La Nuc\u00eda (1705-2024)<\/a> y se ha dise\u00f1ado una programaci\u00f3n cultural, festiva e institucional con el XVIII Mercado Medieval, dos conciertos en l\u2019Auditori, presentaci\u00f3n de un cat\u00e1logo sobre la toponimia de La Nuc\u00eda, una exposici\u00f3n sobre los or\u00edgenes de La Nuc\u00eda y un acto institucional. Todas las actividades programadas tendr\u00e1n \u201centrada libre y gratuita\u201d.<\/p>   <p>La Nuc\u00eda viaja al medievo del 5 al 7 de julio, a trav\u00e9s del XVIII Mercado Medieval. Con esta actividad se conmemora el 319 aniversario de la fundaci\u00f3n de La Nuc\u00eda (1705-2024). Este a\u00f1o incluye un campamento medieval, combates de caballeros, danzas orientales, personajes medievales, trovadores, espect\u00e1culos de fuego, talleres para ni\u00f1os y demostraciones de oficios. La entrada para el p\u00fablico ser\u00e1 libre y gratuita.<\/p>   <p>El XVIII Mercado Medieval de La Nuc\u00eda podr\u00e1 visitarse: viernes 5, s\u00e1bado 6 y domingo 7 de julio de 18 a 24 horas y se situar\u00e1 en las calles comprendidas entre el Ayuntamiento (pla\u00e7a Major) y antiguo Lavadero (pla\u00e7a Sant Antoni).<\/p>   <p>La programaci\u00f3n tambi\u00e9n incluye dos conciertos. El primero ser\u00e1 el s\u00e1bado 6 de julio a las 20 horas con la actuaci\u00f3n de la Coral de la Uni\u00f3 Musical de La Nuc\u00eda junto a la Orquesta de Pols i Pua de la Societat Filh\u00e1rm\u00f3nica Alteanense.<\/p>   <p>El segundo concierto ser\u00e1 el domingo 7 de julio a las 12 horas el Festival de Bandes Joves con la participaci\u00f3n de la Banda Jove de la Uni\u00f3 Musical de La Nucia y la Banda Jove de la Societat Musical d\u2019Alzira.<\/p>   <p>     .c-w{         max-width:444px;         width:100%;         margin:16px auto;      background:#00755E;         border-radius:4px;         display:flex;         align-items:center;         justify-content:center;     }     .c-w a{         display:flex;         align-items:center;         justify-content:center;         padding:4px 24px;     }     .c-w img{         width:24px;         margin-right:12px;     }     .c-w p{         font:18px\/25px Poppins;         text-align:center;         color:#fff;         margin:0;     }     @media (max-width:444px){         .c-w a{             padding:4px 12px;         }         .c-w img{             width:24px;             margin-right:8px;         }         .c-w p{             font:14px\/25px Poppins;         }     }     @media (max-width:335px){         .c-w p{             font:13px\/25px Poppins;         }     }  <div class=\"c-w\">     <a href=\"https:\/\/www.whatsapp.com\/channel\/0029Va633PF9WtC4l7XUzh1e\" target=\"_blank\" rel=\"noopener\">         <img decoding=\"async\" src=\"https:\/\/cadenaser.com\/estaticos\/recursosgraficos\/responsive\/img\/ico-whatsapp.svg\" alt=\"Whatsapp\">         <p>\u00danete al <b>canal de WhatsApp<\/b> de la SER<\/p>     <\/a> <\/div><\/p>   <p>El martes 9 de julio, \u201c9 de juliol. Dia de La Nucia\u201d, d\u00eda en la que La Nuc\u00eda conmemora su fundaci\u00f3n como pueblo independiente de la Baron\u00eda de Polop habr\u00e1 una programaci\u00f3n especial en la Sala Ponent de l\u2019Auditori de La Nuc\u00eda.<\/p>   <p>A las 19:00 horas se realizar\u00e1 un peque\u00f1o acto institucional para recordar la efem\u00e9ride. A las 19:15 horas tendr\u00e1 lugar la presentaci\u00f3n del cat\u00e1logo de \u201cToponimia dels Pobles Valencians. La Nucia\u201d, editado y publicado por la Acad\u00e8mia Valenciana de la Llengua, con el trabajo de campo realizado por las profesoras Maria Ant\u00f2nia Cano y Mar\u00eda Isabel Guardiola. Al finalizar el acto se inaugurar\u00e1 la exposici\u00f3n sobre las ra\u00edces y or\u00edgenes de La Nuc\u00eda, titulada \u201cLes Nostres Arrels- De An- Nuzayka a La Nucia\u201d en la Sala Llevant de l\u2019Auditori.<\/p> ","protected":false},"excerpt":{"rendered":"<p>Programaci\u00f3n cultural, festiva e institucional por el \u201c9 de juliol, Dia de La Nucia\u201d<\/p>\n","protected":false},"author":0,"featured_media":6659,"comment_status":"open","ping_status":"open","sticky":false,"template":"","format":"standard","meta":{"_acf_changed":false,"footnotes":""},"categories":[1],"tags":[],"class_list":["post-6658","post","type-post","status-publish","format-standard","has-post-thumbnail","hentry","category-sin-categoria"],"acf":{"ser_id":"EY2ZG2CUT5AS3HIO6NLCYIYKYU","ser_url":"https:\/\/cadenaser.com\/comunitat-valenciana\/2024\/07\/03\/la-nucia-celebra-su-319-aniversario-con-conciertos-mercado-medieval-y-actos-culturales-radio-benidorm\/"},"_links":{"self":[{"href":"https:\/\/serbenidorm.daliisolutions.com\/index.php\/wp-json\/wp\/v2\/posts\/6658","targetHints":{"allow":["GET"]}}],"collection":[{"href":"https:\/\/serbenidorm.daliisolutions.com\/index.php\/wp-json\/wp\/v2\/posts"}],"about":[{"href":"https:\/\/serbenidorm.daliisolutions.com\/index.php\/wp-json\/wp\/v2\/types\/post"}],"replies":[{"embeddable":true,"href":"https:\/\/serbenidorm.daliisolutions.com\/index.php\/wp-json\/wp\/v2\/comments?post=6658"}],"version-history":[{"count":0,"href":"https:\/\/serbenidorm.daliisolutions.com\/index.php\/wp-json\/wp\/v2\/posts\/6658\/revisions"}],"wp:featuredmedia":[{"embeddable":true,"href":"https:\/\/serbenidorm.daliisolutions.com\/index.php\/wp-json\/wp\/v2\/media\/6659"}],"wp:attachment":[{"href":"https:\/\/serbenidorm.daliisolutions.com\/index.php\/wp-json\/wp\/v2\/media?parent=6658"}],"wp:term":[{"taxonomy":"category","embeddable":true,"href":"https:\/\/serbenidorm.daliisolutions.com\/index.php\/wp-json\/wp\/v2\/categories?post=6658"},{"taxonomy":"post_tag","embeddable":true,"href":"https:\/\/serbenidorm.daliisolutions.com\/index.php\/wp-json\/wp\/v2\/tags?post=6658"}],"curies":[{"name":"wp","href":"https:\/\/api.w.org\/{rel}","templated":true}]}}