{"id":6677,"date":"2024-07-04T16:29:07","date_gmt":"2024-07-04T14:29:07","guid":{"rendered":"https:\/\/serbenidorm.daliisolutions.com\/index.php\/2024\/07\/04\/benidorm-no-tomara-medidas-especiales-ante-la-emergencia-por-sequia-por-tener-garantizado-el-suministro\/"},"modified":"2024-07-04T16:29:07","modified_gmt":"2024-07-04T14:29:07","slug":"benidorm-no-tomara-medidas-especiales-ante-la-emergencia-por-sequia-por-tener-garantizado-el-suministro","status":"publish","type":"post","link":"https:\/\/serbenidorm.daliisolutions.com\/index.php\/2024\/07\/04\/benidorm-no-tomara-medidas-especiales-ante-la-emergencia-por-sequia-por-tener-garantizado-el-suministro\/","title":{"rendered":"Benidorm no tomar\u00e1 medidas especiales ante la emergencia por sequ\u00eda por tener \u201cgarantizado\u201d el suministro"},"content":{"rendered":"  <p>Benidorm<\/p>   <p>El Ayuntamiento de Benidorm no adoptar\u00e1 ninguna<a href=\"https:\/\/cadenaser.com\/comunitat-valenciana\/2024\/07\/03\/altea-activa-restricciones-de-agua-por-la-sequia-en-parte-del-municipio-radio-benidorm\/\" target=\"_blank\" rel=\"noopener\"> medida extraordinaria, <\/a>despu\u00e9s de que la Confederaci\u00f3n Hidrogr\u00e1fica del J\u00facar comunicase ayer que la Marina Baixa hab\u00eda entrado en situaci\u00f3n de \u201cEmergencia por escasez h\u00eddrica\u201d, por considerar que tiene \u201cgarantizado el suministro\u201d.<\/p>   <p>En Hoy por Hoy Benidorm el edil de Ciclo H\u00eddrico, <a href=\"https:\/\/cadenaser.com\/comunitat-valenciana\/2022\/06\/10\/jose-ramon-gonzalez-de-zarate-mi-padre-puso-las-luces-de-la-avenida-mediterraneo-que-yo-cambie-54-anos-despues-radio-benidorm\/\" target=\"_blank\" rel=\"noopener\">Jos\u00e9 Ram\u00f3n Gonz\u00e1lez de Z\u00e1rate,<\/a> ha asegurado que la ciudad no aplicar\u00e1 ninguna restricci\u00f3n ni al consumo humano ni tampoco al baldeo o riego de parques y jardines. \u201cNi Benidorm ni, me atrevo a decir, ninguno de los municipios que forman parte del Consorcio de Aguas de la Marina Baixa va a tener problemas de suministro. Tenemos garantizada el agua potable para todos los usuarios, tanto los ciudadanos residentes como los turistas que nos puedan llegar, porque<a href=\"https:\/\/cadenaser.com\/comunitat-valenciana\/2023\/12\/04\/benidorm-y-la-marina-baixa-se-unen-a-hidraqua-para-digitalizar-el-ciclo-del-agua-con-fondos-europeos-radio-benidorm\/\" target=\"_blank\" rel=\"noopener\"> hemos hecho los deberes<\/a>\u201d, asegura.<\/p>   <p>El edil recuerda que, adem\u00e1s de los aportes que puedan llegar de la desaladora de Muchamiel, Benidorm \u201ctiene derechos adquiridos desde los a\u00f1os 80\u201d para recibir tambi\u00e9n agua de la cuenca del J\u00facar.<\/p>   <p>En cualquier caso, el Ayuntamiento de Benidorm s\u00ed ha emitido una carta a FCC y Act\u00faa, concesionarias de los servicios de limpieza viaria y mantenimiento de parques y jardines, respectivamente, para que empleen \u00edntegramente aguas regeneradas en el baldeo de las calles y en el riego. \u201cTenemos cinco tomas de agua reutilizada repartidas por la ciudad para las cubas. Sabemos que hay zonas de Benidorm, como el Casco Antiguo o el Castillo, donde no pueden acceder estas cubas por sus dimensiones pero hemos pedido que hagan un esfuerzo y que utilicen veh\u00edculos m\u00e1s peque\u00f1os, aunque nos cueste un poco m\u00e1s, pero que el 100% del agua de baldeo y el 100% del agua de riego sea agua regeneradas\u201d, a\u00f1ade.<\/p>   <p>A\u00fan as\u00ed desde la Concejal\u00eda de Ciclo H\u00eddrico, su titular ha hecho un <a href=\"https:\/\/cadenaser.com\/comunitat-valenciana\/2024\/06\/12\/lo-del-agua-en-serio-asi-es-la-campana-de-hidraqua-en-benidorm-para-promover-el-uso-responsable-del-agua-radio-benidorm\/\" target=\"_blank\" rel=\"noopener\">llamamiento a la ciudadan\u00eda para que \u201cahorren y no malgasten el agua\u201d<\/a>. Adem\u00e1s ha felicitado a los regantes del Canal Bajo del Algar \u201cporque nos dan sus aguas limpias y el cien por cien del agua que utilizan en los regad\u00edos es agua reutilizada procedente de nuestra depuradora\u201d y a los hoteleros y empresarios de Benidorm por tomar medidas en sus establecimientos \u201cpara evitar que el agua se desperdicie\u201d. Medidas que, recuerda el edil, han permitido que, a pesar del incremento de turistas, Benidorm haya conseguido situar su eficiencia en el consumo de agua en un 97%.<\/p>   <p>     .c-w{         max-width:444px;         width:100%;         margin:16px auto;      background:#00755E;         border-radius:4px;         display:flex;         align-items:center;         justify-content:center;     }     .c-w a{         display:flex;         align-items:center;         justify-content:center;         padding:4px 24px;     }     .c-w img{         width:24px;         margin-right:12px;     }     .c-w p{         font:18px\/25px Poppins;         text-align:center;         color:#fff;         margin:0;     }     @media (max-width:444px){         .c-w a{             padding:4px 12px;         }         .c-w img{             width:24px;             margin-right:8px;         }         .c-w p{             font:14px\/25px Poppins;         }     }     @media (max-width:335px){         .c-w p{             font:13px\/25px Poppins;         }     }  <div class=\"c-w\">     <a href=\"https:\/\/www.whatsapp.com\/channel\/0029Va633PF9WtC4l7XUzh1e\" target=\"_blank\" rel=\"noopener\">         <img decoding=\"async\" src=\"https:\/\/cadenaser.com\/estaticos\/recursosgraficos\/responsive\/img\/ico-whatsapp.svg\" alt=\"Whatsapp\">         <p>\u00danete al <b>canal de WhatsApp<\/b> de la SER<\/p>     <\/a> <\/div><\/p>   <p>Por otra parte, Gonz\u00e1lez de Z\u00e1rate se ha dirigido a la Confederaci\u00f3n Hidrogr\u00e1fica del J\u00facar para reclamar que \u201ces el momento ahora de dragar los pantanos de la comarca, de hacer obras en las compuertas y de cambiar la Ley de Caudales Ecol\u00f3gicos\u201d.<\/p>   <p>Explica el edil que si se cambiara tres de las membranas del sistema terciario de Benidorm \u201cpasar\u00edamos de tener un 35% de agua depurada para baldeo, riego y agricultura a un 100%, porque tenemos potencia suficiente en la depuradora\u201d. Esto permitir\u00eda llevar esa agua regenerada a urbanizaciones privadas para regar parques y jardines y \u201cser\u00eda m\u00e1s f\u00e1cil y m\u00e1s barato para el ciudadano y nos podr\u00edamos guardar el agua potable para beber\u201d. <\/p> ","protected":false},"excerpt":{"rendered":"<p>El edil de Ciclo H\u00eddrico, Jos\u00e9 Ram\u00f3n Gonz\u00e1lez de Z\u00e1rate, pide a las concesionarias de limpieza viaria y parques y jardines que utilicen agua 100% reciclada<\/p>\n","protected":false},"author":0,"featured_media":6678,"comment_status":"open","ping_status":"open","sticky":false,"template":"","format":"standard","meta":{"_acf_changed":false,"footnotes":""},"categories":[1],"tags":[],"class_list":["post-6677","post","type-post","status-publish","format-standard","has-post-thumbnail","hentry","category-sin-categoria"],"acf":{"ser_id":"XO7S35U25ZA67CYRG4EQ27NF4Y","ser_url":"https:\/\/cadenaser.com\/comunitat-valenciana\/2024\/07\/04\/benidorm-no-tomara-medidas-especiales-ante-la-emergencia-por-sequia-por-tener-garantizado-el-suministro-radio-benidorm\/"},"_links":{"self":[{"href":"https:\/\/serbenidorm.daliisolutions.com\/index.php\/wp-json\/wp\/v2\/posts\/6677","targetHints":{"allow":["GET"]}}],"collection":[{"href":"https:\/\/serbenidorm.daliisolutions.com\/index.php\/wp-json\/wp\/v2\/posts"}],"about":[{"href":"https:\/\/serbenidorm.daliisolutions.com\/index.php\/wp-json\/wp\/v2\/types\/post"}],"replies":[{"embeddable":true,"href":"https:\/\/serbenidorm.daliisolutions.com\/index.php\/wp-json\/wp\/v2\/comments?post=6677"}],"version-history":[{"count":0,"href":"https:\/\/serbenidorm.daliisolutions.com\/index.php\/wp-json\/wp\/v2\/posts\/6677\/revisions"}],"wp:featuredmedia":[{"embeddable":true,"href":"https:\/\/serbenidorm.daliisolutions.com\/index.php\/wp-json\/wp\/v2\/media\/6678"}],"wp:attachment":[{"href":"https:\/\/serbenidorm.daliisolutions.com\/index.php\/wp-json\/wp\/v2\/media?parent=6677"}],"wp:term":[{"taxonomy":"category","embeddable":true,"href":"https:\/\/serbenidorm.daliisolutions.com\/index.php\/wp-json\/wp\/v2\/categories?post=6677"},{"taxonomy":"post_tag","embeddable":true,"href":"https:\/\/serbenidorm.daliisolutions.com\/index.php\/wp-json\/wp\/v2\/tags?post=6677"}],"curies":[{"name":"wp","href":"https:\/\/api.w.org\/{rel}","templated":true}]}}