{"id":6679,"date":"2024-07-04T16:29:08","date_gmt":"2024-07-04T14:29:08","guid":{"rendered":"https:\/\/serbenidorm.daliisolutions.com\/index.php\/2024\/07\/04\/la-justicia-archiva-la-denuncia-del-intendente-jefe-de-la-policia-local-de-altea-contra-el-ayuntamiento\/"},"modified":"2024-07-04T16:29:08","modified_gmt":"2024-07-04T14:29:08","slug":"la-justicia-archiva-la-denuncia-del-intendente-jefe-de-la-policia-local-de-altea-contra-el-ayuntamiento","status":"publish","type":"post","link":"https:\/\/serbenidorm.daliisolutions.com\/index.php\/2024\/07\/04\/la-justicia-archiva-la-denuncia-del-intendente-jefe-de-la-policia-local-de-altea-contra-el-ayuntamiento\/","title":{"rendered":"La justicia archiva la denuncia del intendente jefe de la Polic\u00eda Local de Altea contra el Ayuntamiento"},"content":{"rendered":"  <p>Altea<\/p>   <p>Nuevo cap\u00edtulo judicial del cese del intendente provisional de la Polic\u00eda Local de Altea Armando Reig. El Juzgado de Instrucci\u00f3n de Benidorm n\u00famero 2 ha sobrese\u00eddo la denuncia formulada por Reig defendido por el sindicato FESEP al entender que el Ayuntamiento actu\u00f3 correctamente al cesarlo como intendente.<\/p>   <p>Reig interpuso una <a href=\"https:\/\/cadenaser.com\/tag\/altea\/a\/\" target=\"_blank\" rel=\"noopener\">querella contra el anterior alcalde, Jaume Llinares, el entonces concejal de Recursos Humanos, Rafael Momp\u00f3 y el Secretario Accidental, Angel I\u00f1esta<\/a>, por entender que el cese en su condici\u00f3n de Intendente era arbitraria e injusta y presuntamente constitutiva de delito de prevaricaci\u00f3n.<\/p>  <p><p>M\u00e1s informaci\u00f3n<\/p><figure><img loading=\"lazy\" decoding=\"async\" src=\"https:\/\/cadenaser.com\/resizer\/v2\/UYCQIYAI4NF7PBTWEGKLNX3NRM.png?auth=87ac763ea70c3068c7a2de45c1c3264d596ca69515eb574ce945178333fd50a2&amp;quality=70&amp;width=360&amp;height=202&amp;smart=true\" width=\"820\" height=\"621\" \/><\/figure><ul><li><a href=\"https:\/\/cadenaser.com\/comunitat-valenciana\/2023\/09\/21\/el-exalcalde-de-altea-es-investigado-por-el-cese-de-un-jefe-de-la-policia-local-radio-benidorm\/\"><span>El exalcalde de Altea era investigado por el cese de un jefe de la Polic\u00eda Local<\/span><\/a><\/li><\/ul><\/p>   <p>Por parte de los miembros del consistorio se justific\u00f3 ante el Juzgado que el cese del Reig lo fue en cumplimiento de la Sentencia dictada por el Tribunal Superior de Justicia de la Comunitat Valenciana que anul\u00f3 su proceso selectivo.<\/p>   <p>Momp\u00f3, ahora concejal de Servicios Jur\u00eddicos, ha explicado \u00abque para cubrir la plaza de intendente deben estar al menos cubiertas las dos de la categor\u00eda de inspector siendo que no se cumpl\u00eda este requisito\u00bb.<\/p>   <p>FESEP recurre<\/p>   <p>El sindicato FESEP, sin embargo, anuncia que ya han recurrido la decisi\u00f3n: \u00abEl Ayuntamiento de Altea ha confundido a los \u00f3rganos judiciales mezclando los dos procesos selectivos cuando no deber\u00edan hacerlo as\u00ed\u00bb, ha se\u00f1alado su portavoz Paco \u00c1ngel Gonz\u00e1lez.<\/p>   <p>     .c-w{         max-width:444px;         width:100%;         margin:16px auto;      background:#00755E;         border-radius:4px;         display:flex;         align-items:center;         justify-content:center;     }     .c-w a{         display:flex;         align-items:center;         justify-content:center;         padding:4px 24px;     }     .c-w img{         width:24px;         margin-right:12px;     }     .c-w p{         font:18px\/25px Poppins;         text-align:center;         color:#fff;         margin:0;     }     @media (max-width:444px){         .c-w a{             padding:4px 12px;         }         .c-w img{             width:24px;             margin-right:8px;         }         .c-w p{             font:14px\/25px Poppins;         }     }     @media (max-width:335px){         .c-w p{             font:13px\/25px Poppins;         }     }  <div class=\"c-w\">     <a href=\"https:\/\/www.whatsapp.com\/channel\/0029Va633PF9WtC4l7XUzh1e\" target=\"_blank\" rel=\"noopener\">         <img decoding=\"async\" src=\"https:\/\/cadenaser.com\/estaticos\/recursosgraficos\/responsive\/img\/ico-whatsapp.svg\" alt=\"Whatsapp\">         <p>\u00danete al <b>canal de WhatsApp<\/b> de la SER<\/p>     <\/a> <\/div><\/p>   <p>Est\u00e1 abierta adem\u00e1s otra v\u00eda en el caso y es que otro Juzgado de Instrucci\u00f3n, el n\u00famero 4 de Benidorm,<a href=\"https:\/\/cadenaser.com\/comunitat-valenciana\/2024\/05\/16\/un-juzgado-de-benidorm-abre-diligencias-al-jefe-de-la-policia-local-cesado-en-altea-por-falsificacion-de-documento-publico-radio-benidorm\/\" target=\"_blank\" rel=\"noopener\"> ha abierto diligencias al intendente cesado por indicios de un delito de falsedad en documento oficial<\/a>. Prestar\u00e1 declaraci\u00f3n el 5 de noviembre.<\/p> ","protected":false},"excerpt":{"rendered":"<p>El sindicato que lo defiende recurrir\u00e1 la decisi\u00f3n <\/p>\n","protected":false},"author":0,"featured_media":6680,"comment_status":"open","ping_status":"open","sticky":false,"template":"","format":"standard","meta":{"_acf_changed":false,"footnotes":""},"categories":[1],"tags":[],"class_list":["post-6679","post","type-post","status-publish","format-standard","has-post-thumbnail","hentry","category-sin-categoria"],"acf":{"ser_id":"XCD5C2WSORFF5MDYJJE4S5F7HY","ser_url":"https:\/\/cadenaser.com\/comunitat-valenciana\/2024\/07\/04\/la-justicia-archiva-la-denuncia-del-intendente-jefe-de-la-policia-local-de-altea-contra-el-ayuntamiento-radio-benidorm\/"},"_links":{"self":[{"href":"https:\/\/serbenidorm.daliisolutions.com\/index.php\/wp-json\/wp\/v2\/posts\/6679","targetHints":{"allow":["GET"]}}],"collection":[{"href":"https:\/\/serbenidorm.daliisolutions.com\/index.php\/wp-json\/wp\/v2\/posts"}],"about":[{"href":"https:\/\/serbenidorm.daliisolutions.com\/index.php\/wp-json\/wp\/v2\/types\/post"}],"replies":[{"embeddable":true,"href":"https:\/\/serbenidorm.daliisolutions.com\/index.php\/wp-json\/wp\/v2\/comments?post=6679"}],"version-history":[{"count":0,"href":"https:\/\/serbenidorm.daliisolutions.com\/index.php\/wp-json\/wp\/v2\/posts\/6679\/revisions"}],"wp:featuredmedia":[{"embeddable":true,"href":"https:\/\/serbenidorm.daliisolutions.com\/index.php\/wp-json\/wp\/v2\/media\/6680"}],"wp:attachment":[{"href":"https:\/\/serbenidorm.daliisolutions.com\/index.php\/wp-json\/wp\/v2\/media?parent=6679"}],"wp:term":[{"taxonomy":"category","embeddable":true,"href":"https:\/\/serbenidorm.daliisolutions.com\/index.php\/wp-json\/wp\/v2\/categories?post=6679"},{"taxonomy":"post_tag","embeddable":true,"href":"https:\/\/serbenidorm.daliisolutions.com\/index.php\/wp-json\/wp\/v2\/tags?post=6679"}],"curies":[{"name":"wp","href":"https:\/\/api.w.org\/{rel}","templated":true}]}}