{"id":6681,"date":"2024-07-04T16:29:08","date_gmt":"2024-07-04T14:29:08","guid":{"rendered":"https:\/\/serbenidorm.daliisolutions.com\/index.php\/2024\/07\/04\/el-club-voleibol-playas-de-benidorm-anuncia-la-vuelta-del-historico-rafa-gonzalez-a-la-plantilla\/"},"modified":"2024-07-04T16:29:08","modified_gmt":"2024-07-04T14:29:08","slug":"el-club-voleibol-playas-de-benidorm-anuncia-la-vuelta-del-historico-rafa-gonzalez-a-la-plantilla","status":"publish","type":"post","link":"https:\/\/serbenidorm.daliisolutions.com\/index.php\/2024\/07\/04\/el-club-voleibol-playas-de-benidorm-anuncia-la-vuelta-del-historico-rafa-gonzalez-a-la-plantilla\/","title":{"rendered":"El Club Voleibol Playas de Benidorm anuncia la vuelta del hist\u00f3rico Rafa Gonz\u00e1lez a la plantilla"},"content":{"rendered":"  <p>Benidorm<\/p>   <p>El equipo S\u00e9nior masculino del <a href=\"https:\/\/cadenaser.com\/tag\/club_voleibol_playas_benidorm\/a\/\" target=\"_blank\" rel=\"noopener\">Club Voleibol Playas de Benidorm<\/a> ha anunciado este jueves el regreso a sus filas de un hist\u00f3rico del v\u00f3ley local tras llegar a un acuerdo con Rafa Gonz\u00e1lez, que aportar\u00e1 toda su experiencia a las \u00f3rdenes de Adriano Lamb durante la pr\u00f3xima temporada.<\/p>   <p>Con el objetivo confeso de volver a optar a meterse en la fase de ascenso a la m\u00e1xima categor\u00eda del voleibol nacional, el <a href=\"https:\/\/cadenaser.com\/tag\/club_voleibol_playas_benidorm\/a\/\" target=\"_blank\" rel=\"noopener\">Servigroup-Benidorm<\/a> ha apostado por recuperar la figura de \u2018Rafita\u2019, cuya trayectoria comenz\u00f3 en la Concentraci\u00f3n Permanente de la selecci\u00f3n Juvenil en 1997 logrando grandes \u00e9xitos con el Club Voleibol Aguas de Huelva entre 1998 y 2000, clasificando tercero en la Copa del Rey y cuarto en la Superliga Masculina.<\/p>  <p><p>M\u00e1s informaci\u00f3n<\/p><figure><img loading=\"lazy\" decoding=\"async\" src=\"https:\/\/cadenaser.com\/resizer\/v2\/VM66GTXUFNF6TNOK3EILU7QMAY.JPG?auth=1d6ca3af7eb7fe5062799076b0066953a18927a8bd5348f392b6db16a36af30d&amp;quality=70&amp;width=360&amp;height=202&amp;smart=true\" width=\"820\" height=\"621\" \/><\/figure><ul><li><a href=\"https:\/\/cadenaser.com\/comunitat-valenciana\/2024\/07\/02\/estas-seran-las-plantillas-del-club-voleibol-playas-de-benidorm-radio-benidorm\/\"><span>Estas ser\u00e1n las plantillas del Club Voleibol Playas de Benidorm<\/span><\/a><\/li><\/ul><\/p>   <p>En su recorrido profesional, el central benidormense tambi\u00e9n defendi\u00f3 los colores de la Universidad Complutense de Madrid en 2001, y entre 2001 y 2003 milit\u00f3 en el Numancia de Soria, con quienes a\u00f1adi\u00f3 a su palmar\u00e9s una Copa del Rey y un subcampeonato de liga.<\/p>   <p>Adem\u00e1s, disput\u00f3 competiciones europeas tanto con Huelva como con Soria, demostrando su nivel competitivo en el \u00e1mbito internacional. Su trayectoria continu\u00f3 en Benidorm, donde dej\u00f3 huella participando en una fase de ascenso a Superliga antes de dar por cerrada aquella etapa hace ahora un lustro.<\/p>   <p>Rafa vuelve ahora al club del que nunca termin\u00f3 de desvincularse del todo (habiendo ejercido de entrenador de distintos equipos de la base) no s\u00f3lo para aportar en la cancha, sino tambi\u00e9n para ser un claro referente para los m\u00e1s j\u00f3venes de la plantilla.<\/p>   <p>     .c-w{         max-width:444px;         width:100%;         margin:16px auto;      background:#00755E;         border-radius:4px;         display:flex;         align-items:center;         justify-content:center;     }     .c-w a{         display:flex;         align-items:center;         justify-content:center;         padding:4px 24px;     }     .c-w img{         width:24px;         margin-right:12px;     }     .c-w p{         font:18px\/25px Poppins;         text-align:center;         color:#fff;         margin:0;     }     @media (max-width:444px){         .c-w a{             padding:4px 12px;         }         .c-w img{             width:24px;             margin-right:8px;         }         .c-w p{             font:14px\/25px Poppins;         }     }     @media (max-width:335px){         .c-w p{             font:13px\/25px Poppins;         }     }  <div class=\"c-w\">     <a href=\"https:\/\/www.whatsapp.com\/channel\/0029Va633PF9WtC4l7XUzh1e\" target=\"_blank\" rel=\"noopener\">         <img decoding=\"async\" src=\"https:\/\/cadenaser.com\/estaticos\/recursosgraficos\/responsive\/img\/ico-whatsapp.svg\" alt=\"Whatsapp\">         <p>\u00danete al <b>canal de WhatsApp<\/b> de la SER<\/p>     <\/a> <\/div><\/p> ","protected":false},"excerpt":{"rendered":"<p>El central ya form\u00f3 parte de la plantilla del primer equipo hace ahora un lustro<\/p>\n","protected":false},"author":0,"featured_media":6682,"comment_status":"open","ping_status":"open","sticky":false,"template":"","format":"standard","meta":{"_acf_changed":false,"footnotes":""},"categories":[16],"tags":[],"class_list":["post-6681","post","type-post","status-publish","format-standard","has-post-thumbnail","hentry","category-deportes"],"acf":{"ser_id":"Y62DNWZT2VHHNLAKG2EIG3XOW4","ser_url":"https:\/\/cadenaser.com\/comunitat-valenciana\/2024\/07\/04\/el-club-voleibol-playas-de-benidorm-anuncia-la-vuelta-del-historico-rafa-gonzalez-a-la-plantilla-radio-benidorm\/"},"_links":{"self":[{"href":"https:\/\/serbenidorm.daliisolutions.com\/index.php\/wp-json\/wp\/v2\/posts\/6681","targetHints":{"allow":["GET"]}}],"collection":[{"href":"https:\/\/serbenidorm.daliisolutions.com\/index.php\/wp-json\/wp\/v2\/posts"}],"about":[{"href":"https:\/\/serbenidorm.daliisolutions.com\/index.php\/wp-json\/wp\/v2\/types\/post"}],"replies":[{"embeddable":true,"href":"https:\/\/serbenidorm.daliisolutions.com\/index.php\/wp-json\/wp\/v2\/comments?post=6681"}],"version-history":[{"count":0,"href":"https:\/\/serbenidorm.daliisolutions.com\/index.php\/wp-json\/wp\/v2\/posts\/6681\/revisions"}],"wp:featuredmedia":[{"embeddable":true,"href":"https:\/\/serbenidorm.daliisolutions.com\/index.php\/wp-json\/wp\/v2\/media\/6682"}],"wp:attachment":[{"href":"https:\/\/serbenidorm.daliisolutions.com\/index.php\/wp-json\/wp\/v2\/media?parent=6681"}],"wp:term":[{"taxonomy":"category","embeddable":true,"href":"https:\/\/serbenidorm.daliisolutions.com\/index.php\/wp-json\/wp\/v2\/categories?post=6681"},{"taxonomy":"post_tag","embeddable":true,"href":"https:\/\/serbenidorm.daliisolutions.com\/index.php\/wp-json\/wp\/v2\/tags?post=6681"}],"curies":[{"name":"wp","href":"https:\/\/api.w.org\/{rel}","templated":true}]}}