{"id":6696,"date":"2024-07-05T11:53:58","date_gmt":"2024-07-05T09:53:58","guid":{"rendered":"https:\/\/serbenidorm.daliisolutions.com\/index.php\/2024\/07\/05\/reggaeton-beach-festival-en-benidorm-cambios-en-el-trafico-aparcamiento-y-transporte-publico\/"},"modified":"2024-07-05T11:53:58","modified_gmt":"2024-07-05T09:53:58","slug":"reggaeton-beach-festival-en-benidorm-cambios-en-el-trafico-aparcamiento-y-transporte-publico","status":"publish","type":"post","link":"https:\/\/serbenidorm.daliisolutions.com\/index.php\/2024\/07\/05\/reggaeton-beach-festival-en-benidorm-cambios-en-el-trafico-aparcamiento-y-transporte-publico\/","title":{"rendered":"Reggaeton Beach Festival en Benidorm: cambios en el tr\u00e1fico, aparcamiento y transporte p\u00fablico"},"content":{"rendered":"  <p>Benidorm<\/p>   <p>Benidorm acoge este fin de semana su primer gran festival musical del verano, el Reggaeton Beach Festival.<b> <\/b>Se esperan 25.000 asistentes diarios en la<a href=\"https:\/\/cadenaser.com\/tag\/benidorm\/a\/\" target=\"_blank\" rel=\"noopener\"> Ciudad Deportiva Guillermo Amor<\/a> para escuchar a Anuel AA, Bryant Myers, Tiago, El Alfa o Maria Becerra.<\/p>   <p>Como siempre ocurre con estos eventos, la ciudad pone en marcha un dispositivo especial de tr\u00e1fico que va a implicar cortes de calles y la creaci\u00f3n de zonas espec\u00edficas de aparcamientos<\/p>   <p>Refuerzos de transporte p\u00fablico<\/p>   <p>As\u00ed las cosas, se ha previsto la creaci\u00f3n de una parada de autob\u00fas especial que dar\u00e1 servicio al RBF y que se ubicar\u00e1 en la confluencia de la avenida de Foietes con la calle Goya (frente a la entrada del Parc de Foietes). <\/p>  <p><p>M\u00e1s informaci\u00f3n<\/p><figure><img loading=\"lazy\" decoding=\"async\" src=\"https:\/\/cadenaser.com\/resizer\/v2\/KN26UBUZZNHIPLIW4DRSLT5B7A.jpg?auth=9867e740dec08c25d9e0e2195c02a38165f0298a39a13bc606a041fdf95261b5&amp;quality=70&amp;width=360&amp;height=202&amp;smart=true\" width=\"820\" height=\"621\" \/><\/figure><ul><li><a href=\"https:\/\/cadenaser.com\/comunitat-valenciana\/2024\/07\/02\/rbf-aterriza-en-benidorm-el-6-y-7-de-julio-con-anuel-aa-justin-quiles-bryant-myers-tiago-pzk-el-alfa-maria-becerra-y-mas-radio-benidorm\/\"><span>RBF aterriza en Benidorm el 6 y 7 de julio: todo el cartel<\/span><\/a><\/li><\/ul><\/p>   <p>Para llegar hasta all\u00ed, tambi\u00e9n se han anunciado refuerzos en las frecuencias de las l\u00edneas 1, 2 y 3 de los autobuses urbanos durante la tarde y de las l\u00edneas 1 y 2 a partir de la medianoche, momento en el que est\u00e1 previsto el fin de cada una de las dos jornadas de conciertos.<\/p>   <p>Tambi\u00e9n se facilitar\u00e1 el acceso al RBF en taxi gracias a la creaci\u00f3n de una parada especial que se ubicar\u00e1 en la explanada de Mercasa y que estar\u00e1 operativa durante las horas de celebraci\u00f3n del evento, que se calcula que se prolongar\u00e1n desde las cuatro de la tarde hasta la medianoche.<\/p>   <p>     .c-w{         max-width:444px;         width:100%;         margin:16px auto;      background:#00755E;         border-radius:4px;         display:flex;         align-items:center;         justify-content:center;     }     .c-w a{         display:flex;         align-items:center;         justify-content:center;         padding:4px 24px;     }     .c-w img{         width:24px;         margin-right:12px;     }     .c-w p{         font:18px\/25px Poppins;         text-align:center;         color:#fff;         margin:0;     }     @media (max-width:444px){         .c-w a{             padding:4px 12px;         }         .c-w img{             width:24px;             margin-right:8px;         }         .c-w p{             font:14px\/25px Poppins;         }     }     @media (max-width:335px){         .c-w p{             font:13px\/25px Poppins;         }     }  <div class=\"c-w\">     <a href=\"https:\/\/www.whatsapp.com\/channel\/0029Va633PF9WtC4l7XUzh1e\" target=\"_blank\" rel=\"noopener\">         <img decoding=\"async\" src=\"https:\/\/cadenaser.com\/estaticos\/recursosgraficos\/responsive\/img\/ico-whatsapp.svg\" alt=\"Whatsapp\">         <p>\u00danete al <b>canal de WhatsApp<\/b> de la SER<\/p>     <\/a> <\/div><\/p>   <p>Cortes de tr\u00e1fico<\/p>   <p>De la misma manera, y para tratar de paliar la afectaci\u00f3n que sobre el tr\u00e1fico rodado pueda tener el RBF en el resto de la ciudad, la Polic\u00eda Local ha confirmado que se prohibir\u00e1 el tr\u00e1fico por las calles Estaci\u00f3n, Capit\u00e1n Cort\u00e9s y Alcal\u00e1, todas ellas en direcci\u00f3n desde la avenida de Beniard\u00e1 hacia la Ciudad Deportiva Guillermo Amor.<\/p>   <p>En este sentido, el portavoz de la Polic\u00eda Local de Benidorm, Kike Tortosa, ha explicado a <a href=\"https:\/\/cadenaser.com\/tag\/comarca_la_marina_baixa\/a\/\" target=\"_blank\" rel=\"noopener\">Radio Benidorm<\/a> que el horario en el que se producir\u00e1n estos cortes de tr\u00e1fico ser\u00e1 de cuatro de la tarde a doce de la noche, aunque se podr\u00edan modular en funci\u00f3n de las necesidades de cada momento.<\/p>   <p>Tramnochador<\/p>   <p>Para los que acudan al RBF desde otros municipios de la provincia de Alicante, tambi\u00e9n existe la posibilidad de hacer uso de la red del TRAM d&#8217;Alacant, cuya estaci\u00f3n est\u00e1 ubicada a apenas 300 metros del recinto del festival musical.<\/p>   <p>De hecho, este mismo viernes y durante todo el fin de semana arrancan los servicios nocturnos del Tramnochador, que circular\u00e1 tanto por la l\u00ednea 1, que une Luceros con Benidorm; as\u00ed como por la l\u00ednea 9, que parte desde la capital tur\u00edstica con rumbo a Garganes (Altea).<\/p>   <p>Parkings disuasorios<\/p>   <p>Si pese a todo ello se opta por acudir al RBF en coche, la Polic\u00eda Local de Benidorm recuerda que la ciudad dispone de una ampl\u00edsima red de aparcamientos disuasorios gratuitos. Los m\u00e1s cercanos son los que se ubican en el Pol\u00edgono P3, junto a la entrada a Benidorm desde la N-332; la Avenida Beniard\u00e1, junto a la estaci\u00f3n del TRAM d&#8217;Alacant y la avenida de Cuba.<\/p>   <p>As\u00ed mismo, y debido a que son muchos los j\u00f3venes y menores que asisten al RBF y luego son recogidos por sus padres o familiares, la Polic\u00eda Local ha previsto una &#8216;zona de recogida&#8217; que funcionar\u00e1 de forma an\u00e1loga a los &#8216;kiss &amp; fly&#8217; de los aeropuertos, es decir, un lugar donde no se podr\u00e1 aparcar, pero si parar para recoger a los pasajeros.<\/p>   <p>Esta &#8216;zona de recogida&#8217; se establecer\u00e1 a lo largo de la avenida de Foietes, a la que habr\u00e1 que acceder desde la calle Ricardo Bayona.<\/p> ","protected":false},"excerpt":{"rendered":"<p>Se esperan 25.000 personas durante cada jornada del festival<\/p>\n","protected":false},"author":0,"featured_media":6697,"comment_status":"open","ping_status":"open","sticky":false,"template":"","format":"standard","meta":{"_acf_changed":false,"footnotes":""},"categories":[1],"tags":[],"class_list":["post-6696","post","type-post","status-publish","format-standard","has-post-thumbnail","hentry","category-sin-categoria"],"acf":{"ser_id":"Z6PMEE3WBFB2ROGEOOH5T3U7UI","ser_url":"https:\/\/cadenaser.com\/comunitat-valenciana\/2024\/07\/05\/reggaeton-beach-festival-en-benidorm-cambios-en-el-trafico-aparcamiento-y-transporte-publico-radio-benidorm\/"},"_links":{"self":[{"href":"https:\/\/serbenidorm.daliisolutions.com\/index.php\/wp-json\/wp\/v2\/posts\/6696","targetHints":{"allow":["GET"]}}],"collection":[{"href":"https:\/\/serbenidorm.daliisolutions.com\/index.php\/wp-json\/wp\/v2\/posts"}],"about":[{"href":"https:\/\/serbenidorm.daliisolutions.com\/index.php\/wp-json\/wp\/v2\/types\/post"}],"replies":[{"embeddable":true,"href":"https:\/\/serbenidorm.daliisolutions.com\/index.php\/wp-json\/wp\/v2\/comments?post=6696"}],"version-history":[{"count":0,"href":"https:\/\/serbenidorm.daliisolutions.com\/index.php\/wp-json\/wp\/v2\/posts\/6696\/revisions"}],"wp:featuredmedia":[{"embeddable":true,"href":"https:\/\/serbenidorm.daliisolutions.com\/index.php\/wp-json\/wp\/v2\/media\/6697"}],"wp:attachment":[{"href":"https:\/\/serbenidorm.daliisolutions.com\/index.php\/wp-json\/wp\/v2\/media?parent=6696"}],"wp:term":[{"taxonomy":"category","embeddable":true,"href":"https:\/\/serbenidorm.daliisolutions.com\/index.php\/wp-json\/wp\/v2\/categories?post=6696"},{"taxonomy":"post_tag","embeddable":true,"href":"https:\/\/serbenidorm.daliisolutions.com\/index.php\/wp-json\/wp\/v2\/tags?post=6696"}],"curies":[{"name":"wp","href":"https:\/\/api.w.org\/{rel}","templated":true}]}}