{"id":6707,"date":"2024-07-05T18:51:50","date_gmt":"2024-07-05T16:51:50","guid":{"rendered":"https:\/\/serbenidorm.daliisolutions.com\/index.php\/2024\/07\/05\/el-gestor-y-el-comercial-de-una-empresa-de-benidorm-absueltos-por-vender-un-coche-en-deposito-judicial\/"},"modified":"2024-07-05T18:51:50","modified_gmt":"2024-07-05T16:51:50","slug":"el-gestor-y-el-comercial-de-una-empresa-de-benidorm-absueltos-por-vender-un-coche-en-deposito-judicial","status":"publish","type":"post","link":"https:\/\/serbenidorm.daliisolutions.com\/index.php\/2024\/07\/05\/el-gestor-y-el-comercial-de-una-empresa-de-benidorm-absueltos-por-vender-un-coche-en-deposito-judicial\/","title":{"rendered":"El gestor y el comercial de una empresa de Benidorm absueltos por vender un coche en dep\u00f3sito judicial"},"content":{"rendered":"  <p>Benidorm<\/p>   <p>La Audiencia de Alicante ha absuelto al gestor y al comercial de una empresa de Benidorm dedicada a la compraventa de veh\u00edculos del delito de malversaci\u00f3n impropia por el que fueron juzgados por vender un turismo en dep\u00f3sito judicial en esta mercantil a un particular al no estar advertidos de su obligaci\u00f3n de custodia.<\/p>   <p><a href=\"https:\/\/cadenaser.com\/tag\/benidorm\/a\/\" target=\"_blank\" rel=\"noopener\">El veh\u00edculo, que hab\u00eda sido sustra\u00eddo y recuperado por las fuerzas de seguridad, fue cedido a esta empresa en calidad de depositaria judicial<\/a>.<\/p>   <p>La sentencia, dictada por un tribunal de la Secci\u00f3n D\u00e9cima, considera que el juzgado que accedi\u00f3 a la solicitud de cesi\u00f3n del turismo no advirti\u00f3 de forma expresa a los encausados sobre \u201clas responsabilidades\u201d que supon\u00eda el hecho de \u201cser depositarios\u201d, ni sobre las \u201cconsecuencias\u201d, ni las obligaciones legales que asum\u00edan bajo esa condici\u00f3n.<\/p>   <p>As\u00ed, el tribunal concluye que no puede considerarse que los dos procesados cometiesen el delito que les atribu\u00eda la Fiscal\u00eda, puesto que \u201cno consta acta judicial\u201d elaborada por el juzgado que acord\u00f3 el traslado del veh\u00edculo desde otra empresa depositaria \u00aben la que se aportase explicaci\u00f3n\u201d sobre las obligaciones que asum\u00edan.<\/p>   <p>Un veh\u00edculo de la Rep\u00fablica Checa<\/p>   <p>Los hechos objeto del proceso se remontan a 2018. La resoluci\u00f3n judicial detalla que el propietario del veh\u00edculo sustra\u00eddo, natural de la Rep\u00fablica Checa, denunci\u00f3 la detecci\u00f3n del mismo en Espa\u00f1a el 30 de enero de 2018, gracias a su baliza GPS.<\/p>   <p>     .c-w{         max-width:444px;         width:100%;         margin:16px auto;      background:#00755E;         border-radius:4px;         display:flex;         align-items:center;         justify-content:center;     }     .c-w a{         display:flex;         align-items:center;         justify-content:center;         padding:4px 24px;     }     .c-w img{         width:24px;         margin-right:12px;     }     .c-w p{         font:18px\/25px Poppins;         text-align:center;         color:#fff;         margin:0;     }     @media (max-width:444px){         .c-w a{             padding:4px 12px;         }         .c-w img{             width:24px;             margin-right:8px;         }         .c-w p{             font:14px\/25px Poppins;         }     }     @media (max-width:335px){         .c-w p{             font:13px\/25px Poppins;         }     }  <div class=\"c-w\">     <a href=\"https:\/\/www.whatsapp.com\/channel\/0029Va633PF9WtC4l7XUzh1e\" target=\"_blank\" rel=\"noopener\">         <img decoding=\"async\" src=\"https:\/\/cadenaser.com\/estaticos\/recursosgraficos\/responsive\/img\/ico-whatsapp.svg\" alt=\"Whatsapp\">         <p>\u00danete al <b>canal de WhatsApp<\/b> de la SER<\/p>     <\/a> <\/div><\/p>   <p>El turismo fue recuperado por las fuerzas de seguridad y puesto bajo custodia judicial acto seguido. La empresa de los dos acusados solicit\u00f3 que se les transfiriese y el juzgado competente hizo entrega del veh\u00edculo en julio de ese mismo a\u00f1o. Un mes despu\u00e9s, los dos encausados acordaron su venta a un tercero.<\/p>   <p>En el acto del juicio, celebrado el pasado 25 de junio, la Fiscal\u00eda solicit\u00f3 para los dos procesados la imposici\u00f3n de sendas penas de cuatro a\u00f1os de prisi\u00f3n, adem\u00e1s del pago de 30.000 euros a la compa\u00f1\u00eda aseguradora del veh\u00edculo. <\/p>   <p>Por su parte, la defensa pidi\u00f3 su libre absoluci\u00f3n. La Audiencia de Alicante estima ahora esa \u00faltima posici\u00f3n tras descartar su responsabilidad penal. Con todo, el fallo es recurrible en apelaci\u00f3n ante el Tribunal Superior de Justicia de la Comunitat (TSJCV). <\/p> ","protected":false},"excerpt":{"rendered":"<p>No estaban advertidos de su custodia<\/p>\n","protected":false},"author":0,"featured_media":6708,"comment_status":"open","ping_status":"open","sticky":false,"template":"","format":"standard","meta":{"_acf_changed":false,"footnotes":""},"categories":[1],"tags":[],"class_list":["post-6707","post","type-post","status-publish","format-standard","has-post-thumbnail","hentry","category-sin-categoria"],"acf":{"ser_id":"NKUASERHEZFIDB5IDHAJTVREVU","ser_url":"https:\/\/cadenaser.com\/comunitat-valenciana\/2024\/07\/05\/el-gestor-y-el-comercial-de-una-empresa-de-benidorm-absueltos-por-vender-un-coche-en-deposito-judicial-radio-benidorm\/"},"_links":{"self":[{"href":"https:\/\/serbenidorm.daliisolutions.com\/index.php\/wp-json\/wp\/v2\/posts\/6707","targetHints":{"allow":["GET"]}}],"collection":[{"href":"https:\/\/serbenidorm.daliisolutions.com\/index.php\/wp-json\/wp\/v2\/posts"}],"about":[{"href":"https:\/\/serbenidorm.daliisolutions.com\/index.php\/wp-json\/wp\/v2\/types\/post"}],"replies":[{"embeddable":true,"href":"https:\/\/serbenidorm.daliisolutions.com\/index.php\/wp-json\/wp\/v2\/comments?post=6707"}],"version-history":[{"count":0,"href":"https:\/\/serbenidorm.daliisolutions.com\/index.php\/wp-json\/wp\/v2\/posts\/6707\/revisions"}],"wp:featuredmedia":[{"embeddable":true,"href":"https:\/\/serbenidorm.daliisolutions.com\/index.php\/wp-json\/wp\/v2\/media\/6708"}],"wp:attachment":[{"href":"https:\/\/serbenidorm.daliisolutions.com\/index.php\/wp-json\/wp\/v2\/media?parent=6707"}],"wp:term":[{"taxonomy":"category","embeddable":true,"href":"https:\/\/serbenidorm.daliisolutions.com\/index.php\/wp-json\/wp\/v2\/categories?post=6707"},{"taxonomy":"post_tag","embeddable":true,"href":"https:\/\/serbenidorm.daliisolutions.com\/index.php\/wp-json\/wp\/v2\/tags?post=6707"}],"curies":[{"name":"wp","href":"https:\/\/api.w.org\/{rel}","templated":true}]}}