{"id":6758,"date":"2024-07-08T14:35:21","date_gmt":"2024-07-08T12:35:21","guid":{"rendered":"https:\/\/serbenidorm.daliisolutions.com\/index.php\/2024\/07\/08\/la-estrella-azul-inaugura-el-ciclo-de-encuentros-de-cine-del-36-festival-de-lalfas\/"},"modified":"2024-07-08T14:35:21","modified_gmt":"2024-07-08T12:35:21","slug":"la-estrella-azul-inaugura-el-ciclo-de-encuentros-de-cine-del-36-festival-de-lalfas","status":"publish","type":"post","link":"https:\/\/serbenidorm.daliisolutions.com\/index.php\/2024\/07\/08\/la-estrella-azul-inaugura-el-ciclo-de-encuentros-de-cine-del-36-festival-de-lalfas\/","title":{"rendered":"\u201cLa Estrella Azul\u201d inaugura el ciclo de Encuentros de Cine del 36 Festival de L\u2019Alf\u00e0s"},"content":{"rendered":"  <p>L&#8217;Alf\u00e0s del Pi<\/p>   <p>La programaci\u00f3n de proyecciones cinematogr\u00e1ficas del <a href=\"https:\/\/cadenaser.com\/comunitat-valenciana\/2024\/07\/02\/el-festival-de-cine-de-lalfas-del-pi-entrega-sus-faros-de-plata-a-los-actores-luis-zahera-malena-alterio-y-vladimir-cruz-radio-benidorm\/\" target=\"_blank\" rel=\"noopener\">36 Festival de Cine de L\u2019Alf\u00e0s del Pi<\/a> ha arrancado este fin de semana con la proyecci\u00f3n de la pel\u00edcula \u201cLa Estrella Azul\u201d que cont\u00f3 con un coloquio posterior y hasta un concierto en la calle del Cinema Roma.<\/p>   <p>La presentaci\u00f3n de la pel\u00edcula, que consigui\u00f3 llenar el Cinema Roma hasta la bandera, cont\u00f3 con la participaci\u00f3n de su director Javier Macipe, el actor protagonista Pepe Lorente y el director del programa \u201cDias de Cine\u201d Gerardo S\u00e1nchez. <\/p>   <p>Tal y como ha relatado el director del Festival, Lu\u00eds Larrodera, en <a href=\"\/\/radiobenidorm.es\" rel=\"nofollow noopener\" target=\"_blank\">Hoy por Hoy Benidorm<\/a>, tras la proyecci\u00f3n los asistentes pudieron participar en una charla coloquio con el equipo de la pel\u00edcula y descubrir alguna de las an\u00e9cdotas del rodaje y disfrutar de un concierto ofrecido por los propios Macipe y Lorente en la calle del Cinema Roma. Actuaci\u00f3n en la que interpretaron canciones de la banda sonora de la pel\u00edcula.<\/p>   <p>Se trata del primero de los actos del ciclo \u201cEncuentros de Cine\u201d que ofrece presentaciones de pel\u00edculas con la participaci\u00f3n de sus protagonistas y del equipo art\u00edstico. Unos encuentros en los que el publico puede compartir conversaci\u00f3n con actores, actrices, guionistas y directores.<\/p>   <p>El pr\u00f3ximo de estos encuentros tendr\u00e1 lugar el mi\u00e9rcoles d\u00eda 10 con la proyecci\u00f3n del largometraje \u201cMenudas Piezas\u201d a las ocho de la tarde en el Cinema Roma con la presencia del director de la pel\u00edcula Nacho G. Velilla.<\/p>   <p>     .c-w{         max-width:444px;         width:100%;         margin:16px auto;      background:#00755E;         border-radius:4px;         display:flex;         align-items:center;         justify-content:center;     }     .c-w a{         display:flex;         align-items:center;         justify-content:center;         padding:4px 24px;     }     .c-w img{         width:24px;         margin-right:12px;     }     .c-w p{         font:18px\/25px Poppins;         text-align:center;         color:#fff;         margin:0;     }     @media (max-width:444px){         .c-w a{             padding:4px 12px;         }         .c-w img{             width:24px;             margin-right:8px;         }         .c-w p{             font:14px\/25px Poppins;         }     }     @media (max-width:335px){         .c-w p{             font:13px\/25px Poppins;         }     }  <div class=\"c-w\">     <a href=\"https:\/\/www.whatsapp.com\/channel\/0029Va633PF9WtC4l7XUzh1e\" target=\"_blank\" rel=\"noopener\">         <img decoding=\"async\" src=\"https:\/\/cadenaser.com\/estaticos\/recursosgraficos\/responsive\/img\/ico-whatsapp.svg\" alt=\"Whatsapp\">         <p>\u00danete al <b>canal de WhatsApp<\/b> de la SER<\/p>     <\/a> <\/div><\/p>   <p>Tres nuevos nombres en el Paseo de las Estrellas del Albir<\/p>   <p>Por otra parte los tres actores premiados con el Faro de Plata en esta edici\u00f3n y cuyo galard\u00f3n recogieron en la gala inaugural, ya cuentan con otro de los reconocimientos que ofrece el festival: una estrella con su nombre en el Paseo de las Estrellas del Albir.<\/p>   <p>Malena Alterio, Lu\u00eds Zahera y Vladimir Cruz ya han podido pasear por este bulevar en primera l\u00ednea de playa y fotografiarse con su estrella.<\/p>   <p>Actividades paralelas del Festival<\/p>   <p>Dentro del programa de actividades paralelas del Festival de Cine tambi\u00e9n se ha inaugurado la exposici\u00f3n \u201cEmociones\u201d de Mar\u00eda Jes\u00fas de Frutos, dentro de las instalaciones de Sha Wellnes Clinic.<\/p>   <p>La muestra es, en palabras de la artista, \u201cun canto a la vida, a la mujer, al amor, a la amistad y a la belleza\u201d.<\/p>   <p>La obra de Mar\u00eda Jes\u00fas de Frutos, especialmente la figurativa, es una narraci\u00f3n de la vida a trav\u00e9s de la pintura, destacando pasi\u00f3n, amor y color. Desde sus versiones de \u201cLas Meninas\u201d hasta escenas de reuniones y personajes de tango, su arte refleja \u201cel placer de vivir de forma \u00edntima, arriesgada y generosa, con un enfoque en las figuras humanas\u201d.<\/p> ","protected":false},"excerpt":{"rendered":"<p>El director del Festival, Lu\u00eds Larrodera, destaca en Hoy por Hoy el \u00e9xito de las primeras proyecciones<\/p>\n","protected":false},"author":0,"featured_media":6759,"comment_status":"open","ping_status":"open","sticky":false,"template":"","format":"standard","meta":{"_acf_changed":false,"footnotes":""},"categories":[1],"tags":[],"class_list":["post-6758","post","type-post","status-publish","format-standard","has-post-thumbnail","hentry","category-sin-categoria"],"acf":{"ser_id":"VJOOXN4YERCHJHLCBOKDCD2GDA","ser_url":"https:\/\/cadenaser.com\/comunitat-valenciana\/2024\/07\/08\/la-estrella-azul-inaugura-el-ciclo-de-encuentros-de-cine-del-36-festival-de-lalfas-radio-benidorm\/"},"_links":{"self":[{"href":"https:\/\/serbenidorm.daliisolutions.com\/index.php\/wp-json\/wp\/v2\/posts\/6758","targetHints":{"allow":["GET"]}}],"collection":[{"href":"https:\/\/serbenidorm.daliisolutions.com\/index.php\/wp-json\/wp\/v2\/posts"}],"about":[{"href":"https:\/\/serbenidorm.daliisolutions.com\/index.php\/wp-json\/wp\/v2\/types\/post"}],"replies":[{"embeddable":true,"href":"https:\/\/serbenidorm.daliisolutions.com\/index.php\/wp-json\/wp\/v2\/comments?post=6758"}],"version-history":[{"count":0,"href":"https:\/\/serbenidorm.daliisolutions.com\/index.php\/wp-json\/wp\/v2\/posts\/6758\/revisions"}],"wp:featuredmedia":[{"embeddable":true,"href":"https:\/\/serbenidorm.daliisolutions.com\/index.php\/wp-json\/wp\/v2\/media\/6759"}],"wp:attachment":[{"href":"https:\/\/serbenidorm.daliisolutions.com\/index.php\/wp-json\/wp\/v2\/media?parent=6758"}],"wp:term":[{"taxonomy":"category","embeddable":true,"href":"https:\/\/serbenidorm.daliisolutions.com\/index.php\/wp-json\/wp\/v2\/categories?post=6758"},{"taxonomy":"post_tag","embeddable":true,"href":"https:\/\/serbenidorm.daliisolutions.com\/index.php\/wp-json\/wp\/v2\/tags?post=6758"}],"curies":[{"name":"wp","href":"https:\/\/api.w.org\/{rel}","templated":true}]}}