{"id":6760,"date":"2024-07-08T14:53:45","date_gmt":"2024-07-08T12:53:45","guid":{"rendered":"https:\/\/serbenidorm.daliisolutions.com\/index.php\/2024\/07\/08\/fechas-y-novedades-del-benidorm-fest-2025\/"},"modified":"2024-07-08T14:53:45","modified_gmt":"2024-07-08T12:53:45","slug":"fechas-y-novedades-del-benidorm-fest-2025","status":"publish","type":"post","link":"https:\/\/serbenidorm.daliisolutions.com\/index.php\/2024\/07\/08\/fechas-y-novedades-del-benidorm-fest-2025\/","title":{"rendered":"Fechas y novedades del Benidorm Fest 2025"},"content":{"rendered":"  <p>Benidorm<\/p>   <p>La cuarta edici\u00f3n de Benidorm Fest, el festival del que saldr\u00e1 el representante de Espa\u00f1a en Eurovisi\u00f3n 2025, tendr\u00e1 lugar entre el 28 y enero y el 1 de febrero y, como gran novedad, arrancar\u00e1 su final sin conocerse las puntuaciones de los participantes clasificados en las eliminatorias.<\/p>   <p>\u00abEra una reivindicaci\u00f3n de parte del sector\u00bb, ha justificado Ana Mar\u00eda Bordas, codirectora de esta preselecci\u00f3n junto a C\u00e9sar Vallejo como forma de ofrecer cierta igualdad como punto de partida para la final, al llegar sin saber d\u00f3nde est\u00e1 cada uno situado en las preferencias del p\u00fablico.<\/p>   <p>Seg\u00fan han explicado, en las semifinales se dar\u00e1 a conocer cu\u00e1les son los artistas que pasan, pero no se dar\u00e1 la puntuaci\u00f3n exacta con la que lo hacen, manteni\u00e9ndose en principio el n\u00famero de 16 aspirantes en total.<\/p>   <p><a href=\"https:\/\/cadenaser.com\/tag\/benidorm\/a\/\" target=\"_blank\" rel=\"noopener\">En concreto, las dos eliminatorias tendr\u00e1n lugar los d\u00edas 28 y 30 de enero y el gran programa en el que se conocer\u00e1 al ganador ser\u00e1 el 1 de febrero<\/a>.<\/p>   <p>Asimismo, otra novedad implica al grupo de asesores (formado por Tony S\u00e1nchez-Ohlsson, Rayden y Pablo Cebri\u00e1n), al que se incorpora \u00abporque era necesario\u00bb un nombre de mujer, el de Beatriz Luengo, \u00abpor su experiencia como jurado, gran productora musical y compositora y porque atraer\u00e1 mucho talento\u00bb, tambi\u00e9n del radicado en EE.UU.<\/p>   <p>     .c-w{         max-width:444px;         width:100%;         margin:16px auto;      background:#00755E;         border-radius:4px;         display:flex;         align-items:center;         justify-content:center;     }     .c-w a{         display:flex;         align-items:center;         justify-content:center;         padding:4px 24px;     }     .c-w img{         width:24px;         margin-right:12px;     }     .c-w p{         font:18px\/25px Poppins;         text-align:center;         color:#fff;         margin:0;     }     @media (max-width:444px){         .c-w a{             padding:4px 12px;         }         .c-w img{             width:24px;             margin-right:8px;         }         .c-w p{             font:14px\/25px Poppins;         }     }     @media (max-width:335px){         .c-w p{             font:13px\/25px Poppins;         }     }  <div class=\"c-w\">     <a href=\"https:\/\/www.whatsapp.com\/channel\/0029Va633PF9WtC4l7XUzh1e\" target=\"_blank\" rel=\"noopener\">         <img decoding=\"async\" src=\"https:\/\/cadenaser.com\/estaticos\/recursosgraficos\/responsive\/img\/ico-whatsapp.svg\" alt=\"Whatsapp\">         <p>\u00danete al <b>canal de WhatsApp<\/b> de la SER<\/p>     <\/a> <\/div><\/p>  <p><p>M\u00e1s informaci\u00f3n<\/p><figure><img loading=\"lazy\" decoding=\"async\" src=\"https:\/\/cadenaser.com\/resizer\/v2\/XFDQA2XSQOX2BBZD5DJK5563VA.jpg?auth=04d5d37e1ed0e224149ec602299b8fd7552cb5581cb7c3e2e5261a9933b5cf73&amp;quality=70&amp;width=360&amp;height=202&amp;smart=true\" width=\"820\" height=\"621\" \/><\/figure><ul><li><a href=\"https:\/\/cadenaser.com\/nacional\/2024\/05\/20\/rtve-da-un-giro-y-anuncia-novedades-historicas-en-el-benidorm-fest-2025-asi-elegira-el-publico-a-su-nuevo-ganador-cadena-ser\/\"><span>RTVE da un giro y confirma novedades hist\u00f3ricas para el Benidorm Fest 2025: el detalle que revolucionar\u00e1 el festival<\/span><\/a><\/li><\/ul><\/p>   <p>A la b\u00fasqueda de posibles candidatos, se celebrar\u00e1 m\u00e1s de un campamento de composici\u00f3n y se ha aumentado la relaci\u00f3n con las discogr\u00e1ficas, tanto las multinacionales como las independientes.<\/p>   <p>En cuanto a la emisi\u00f3n, se ha anticipado el deseo de retransmitirlo en \u00abultra alta definici\u00f3n\u00bb y el inicio de una colaboraci\u00f3n con el Festival de Vi\u00f1a del Mar, de Chile, aunque a preguntas de los periodistas no se han ofrecido m\u00e1s detalles sobre la misma.<\/p>   <p>M\u00e1s all\u00e1 de este festival, se ha desvelado que hay r\u00e9cord hist\u00f3rico de aspirantes a Eurovisi\u00f3n J\u00fanior 2025, que ha doblado a las convocatorias previas, con unas 300 candidaturas. \u00abPone de relevancia que el J\u00fanior interesa\u00bb, ha subrayado Vallejo, algo que en cierta medida esperaban al celebrarse esta edici\u00f3n en Espa\u00f1a.<\/p>   <p>\u00abBenidorm Fest tiene mecha para rato\u00bb.<\/p>   <p>\u00abNosotros estamos todav\u00eda en un sue\u00f1o, porque han pasado muchas cosas en muy poco tiempo\u00bb, ha comentado el d\u00fao Nebulossa, ganador de 2024 pese a partir del absoluto anonimato, por lo que han animado a los posibles aspirantes con un mensaje: \u00abNo tienen nada que perder, todo lo que tienen es para ganar\u00bb.<\/p>   <p>Por los m\u00e1s de 26 millones de reproducciones que su tema &#8216;Zorra&#8217; ha acumulado en apenas siete meses, RTVE les ha otorgado un reconocimiento especial.<\/p>   <p>Ha sido en el d\u00eda en el que se ha procedido a la firma del protocolo que da pistolezo para nueva edici\u00f3n, con la presencia de Carlos Maz\u00f3n, presidente de la Generalitat valenciana; de Toni P\u00e9rez, alcalde de Benidorm y presidente de la Diputaci\u00f3n Provincial; y de Concepci\u00f3n Cascajosa, directora interina de RVE.<\/p>   <p>A este respecto, Mar\u00eda Eizaguirre, directora de Comunicaci\u00f3n de RTVE, ha se\u00f1alado que, pese a que inicialmente se dijo que habr\u00eda cuatro ediciones, \u00abBenidorm Fest tiene mecha para rato\u00bb.<\/p>   <p>Adem\u00e1s, Toni P\u00e9rez ha ensalzado la apuesta por \u00abla m\u00fasica espa\u00f1ola y la creatividad de nuestros artistas\u00bb y por \u00ablanzar desde Benidorm esa cultura y esa m\u00fasica a Europa y de ah\u00ed al mundo\u00bb, al se\u00f1alar que Benidorm Fest es \u00abuna gran marca que cumple muchas funciones\u00bb, entre ellas la promocional de la ciudad fuera de las fronteras espa\u00f1olas.<\/p>   <p>Alicanza estrat\u00e9gica que va a m\u00e1s<\/p>   <p>Para el president Maz\u00f3n, \u00abha sido un d\u00eda de nuevo de ilusi\u00f3n y apuesta\u00bb en el que \u00abla alianza estrat\u00e9gica\u00bb por el Benidorm Fest \u00abva a m\u00e1s y ha venido para quedarse\u00bb.<\/p>   <p>\u00abEstamos encantados de redoblar nuestra fuerza, venimos a continuarlo y hacerlo m\u00e1s grande y m\u00e1s potente aprovechando la base de los que estuvieron antes que nosotros\u00bb, ha asegurado el president de la Comunitat Valenciana.<\/p>   <p>Maz\u00f3n ha sostenido que el certamen se ha consagrado como \u00abuno de los eventos promocionales extraordinarios\u00bb para la Costa Blanca alicantina y la Comunitat en torno al turismo, \u00abla industria de la felicidad cuya capital es Benidorm\u00bb por su modelo \u00absostenible, inteligente y agradable\u00bb.<\/p>   <p>\u00abEste es un festival de m\u00fasica, pero tambi\u00e9n una manera de hacer industria musical y de encontrar a nuevas audiencias all\u00e1 donde est\u00e9n, en las redes sociales y las nuevas formas de comunicaci\u00f3n\u00bb, ha se\u00f1alado Cascajosa al relacionar este hecho con que La 1 ha cerrado la temporada como l\u00edder entre la Generaci\u00f3n Z.<\/p> ","protected":false},"excerpt":{"rendered":"<p>Este lunes se ha presentado en la capital tur\u00edstica la cuarta edici\u00f3n del certamen<\/p>\n","protected":false},"author":0,"featured_media":6761,"comment_status":"open","ping_status":"open","sticky":false,"template":"","format":"standard","meta":{"_acf_changed":false,"footnotes":""},"categories":[1],"tags":[],"class_list":["post-6760","post","type-post","status-publish","format-standard","has-post-thumbnail","hentry","category-sin-categoria"],"acf":{"ser_id":"75ONKYJSC5DBFG3P7IKWOEIHKA","ser_url":"https:\/\/cadenaser.com\/comunitat-valenciana\/2024\/07\/08\/fechas-y-novedades-del-benidorm-fest-2025-radio-benidorm\/"},"_links":{"self":[{"href":"https:\/\/serbenidorm.daliisolutions.com\/index.php\/wp-json\/wp\/v2\/posts\/6760","targetHints":{"allow":["GET"]}}],"collection":[{"href":"https:\/\/serbenidorm.daliisolutions.com\/index.php\/wp-json\/wp\/v2\/posts"}],"about":[{"href":"https:\/\/serbenidorm.daliisolutions.com\/index.php\/wp-json\/wp\/v2\/types\/post"}],"replies":[{"embeddable":true,"href":"https:\/\/serbenidorm.daliisolutions.com\/index.php\/wp-json\/wp\/v2\/comments?post=6760"}],"version-history":[{"count":0,"href":"https:\/\/serbenidorm.daliisolutions.com\/index.php\/wp-json\/wp\/v2\/posts\/6760\/revisions"}],"wp:featuredmedia":[{"embeddable":true,"href":"https:\/\/serbenidorm.daliisolutions.com\/index.php\/wp-json\/wp\/v2\/media\/6761"}],"wp:attachment":[{"href":"https:\/\/serbenidorm.daliisolutions.com\/index.php\/wp-json\/wp\/v2\/media?parent=6760"}],"wp:term":[{"taxonomy":"category","embeddable":true,"href":"https:\/\/serbenidorm.daliisolutions.com\/index.php\/wp-json\/wp\/v2\/categories?post=6760"},{"taxonomy":"post_tag","embeddable":true,"href":"https:\/\/serbenidorm.daliisolutions.com\/index.php\/wp-json\/wp\/v2\/tags?post=6760"}],"curies":[{"name":"wp","href":"https:\/\/api.w.org\/{rel}","templated":true}]}}