{"id":6774,"date":"2024-07-08T17:41:19","date_gmt":"2024-07-08T15:41:19","guid":{"rendered":"https:\/\/serbenidorm.daliisolutions.com\/index.php\/2024\/07\/08\/benidorm-se-enciende-para-vivir-la-emocion-de-la-semifinal-de-la-roja-ante-francia\/"},"modified":"2024-07-08T17:41:19","modified_gmt":"2024-07-08T15:41:19","slug":"benidorm-se-enciende-para-vivir-la-emocion-de-la-semifinal-de-la-roja-ante-francia","status":"publish","type":"post","link":"https:\/\/serbenidorm.daliisolutions.com\/index.php\/2024\/07\/08\/benidorm-se-enciende-para-vivir-la-emocion-de-la-semifinal-de-la-roja-ante-francia\/","title":{"rendered":"Benidorm se enciende para vivir la emoci\u00f3n de la semifinal de La Roja ante Francia"},"content":{"rendered":"  <p>Benidorm<\/p>   <p>Espa\u00f1a y Francia saltar\u00e1n este martes (21:00 horas) al c\u00e9sped del Allianz Arena de M\u00fanich para disputar <a href=\"https:\/\/cadenaser.com\/deportes\/futbol\/eurocopa\/2024\/\" target=\"_blank\" rel=\"noopener\">la primera semifinal de la Eurocopa de f\u00fatbol 2024<\/a> para citarse en la gran final del pr\u00f3ximo domingo con el vencedor del Pa\u00edses Bajos-Inglaterra del mi\u00e9rcoles. Tras el buen papel de los de <a href=\"https:\/\/cadenaser.com\/nacional\/2024\/07\/07\/la-ambicion-de-luis-de-la-fuente-con-la-seleccion-antes-de-la-semifinal-de-la-eurocopa-queremos-seguir-haciendo-historia-cadena-ser\/\" target=\"_blank\" rel=\"noopener\">Luis De la Fuente<\/a> a lo largo de todo el torneo, la afici\u00f3n espa\u00f1ola parece haber recuperado la confianza en un grupo sobre el que, ahora ya s\u00ed, se han depositado much\u00edsimas esperanzas de poder revivir aquellos a\u00f1os dorados que nos llevaron de 2008 a 2012 (con dos Eurocopas y un Mundial) y convertir a La Roja en el primer combinado nacional en hacerse pentacampeona de Europa.<\/p>   <p><p>M\u00e1s informaci\u00f3n<\/p><ul><li><a href=\"https:\/\/cadenaser.com\/deportes\/futbol\/eurocopa\/2024\/\"><span>Todas las noticias de la Eurocopa 2024<\/span><\/a><\/li><\/ul><\/p>   <p>Pero antes de so\u00f1ar siquiera con un quinto t\u00edtulo, <a href=\"https:\/\/cadenaser.com\/tag\/seleccion_futbol_espana\/a\/\" target=\"_blank\" rel=\"noopener\">Espa\u00f1a<\/a> deber\u00e1 derrotar a Francia en la semifinal y para vivir toda la emoci\u00f3n de esta gran cita del balompi\u00e9, la Comisi\u00f3n de las Festes Majors Patronals de Benidorm ha preparado un evento a la altura de la efem\u00e9ride con una pantalla gigante que se instalar\u00e1 en el auditorio \u00d3scar Espl\u00e1 del Parc de l\u2019Aig\u00fcera.<\/p>   <p>Para que la fiesta sea completa, Radio Benidorm-SER se ha unido a esta iniciativa de los mayorales benidormenses y todo su equipo estar\u00e1, junto a Aitor Belda (DJ de nuestra emisora hermana de Los 40), animando esa gran fiesta desde la apertura de las puertas del recinto a las 19:30 horas.<\/p>  <p><figure><img loading=\"lazy\" decoding=\"async\" src=\"https:\/\/cadenaser.com\/resizer\/v2\/2WNTM4S7HJF3DEO6QZNI4A5III.jpeg?auth=caceef16ad71e408015e0d771933d620a73d0d1e2daeea20beb1eb0b8fb4f7ec&amp;quality=70&amp;width=650&amp;height=780&amp;smart=true\" width=\"5\" height=\"6\" \/><\/figure><button class=\"bt-am\">Ampliar<\/button><\/p>   <p>Desde ese momento, con la mejor m\u00fasica, v\u00eddeos y muchas m\u00e1s sorpresas, iremos calentando motores para llegar al pitido inicial del encuentro ante Francia en disposici\u00f3n de llevar a <a href=\"https:\/\/cadenaser.com\/tag\/seleccion_futbol_espana\/a\/\" target=\"_blank\" rel=\"noopener\">La Roja<\/a> a la gran final.<\/p>   <p>Durante toda la tarde, la Comisi\u00f3n de las Festes Majors Patronals de Benidorm tendr\u00e1 instalada en el auditorio \u00d3scar Espl\u00e1 sus barras con comida y bebida a precios populares con las que los asistentes, adem\u00e1s, podr\u00e1n colaborar con la organizaci\u00f3n de los d\u00edas grandes de la ciudad en honor a la Virgen del Sufragio el pr\u00f3ximo mes de noviembre.<\/p>   <p>     .c-w{         max-width:444px;         width:100%;         margin:16px auto;      background:#00755E;         border-radius:4px;         display:flex;         align-items:center;         justify-content:center;     }     .c-w a{         display:flex;         align-items:center;         justify-content:center;         padding:4px 24px;     }     .c-w img{         width:24px;         margin-right:12px;     }     .c-w p{         font:18px\/25px Poppins;         text-align:center;         color:#fff;         margin:0;     }     @media (max-width:444px){         .c-w a{             padding:4px 12px;         }         .c-w img{             width:24px;             margin-right:8px;         }         .c-w p{             font:14px\/25px Poppins;         }     }     @media (max-width:335px){         .c-w p{             font:13px\/25px Poppins;         }     }  <div class=\"c-w\">     <a href=\"https:\/\/www.whatsapp.com\/channel\/0029Va633PF9WtC4l7XUzh1e\" target=\"_blank\" rel=\"noopener\">         <img decoding=\"async\" src=\"https:\/\/cadenaser.com\/estaticos\/recursosgraficos\/responsive\/img\/ico-whatsapp.svg\" alt=\"Whatsapp\">         <p>\u00danete al <b>canal de WhatsApp<\/b> de la SER<\/p>     <\/a> <\/div><\/p> ","protected":false},"excerpt":{"rendered":"<p>La Comisi\u00f3n de Fiestas y Radio Benidorm-SER se unen en la organizaci\u00f3n de una pantalla gigante con m\u00fasica, animaci\u00f3n\u2026 y f\u00fatbol<\/p>\n","protected":false},"author":0,"featured_media":6775,"comment_status":"open","ping_status":"open","sticky":false,"template":"","format":"standard","meta":{"_acf_changed":false,"footnotes":""},"categories":[16],"tags":[],"class_list":["post-6774","post","type-post","status-publish","format-standard","has-post-thumbnail","hentry","category-deportes"],"acf":{"ser_id":"62WOKZOVLRE3THZD2XJRL72WGI","ser_url":"https:\/\/cadenaser.com\/comunitat-valenciana\/2024\/07\/08\/benidorm-se-enciende-para-vivir-la-emocion-de-la-semifinal-de-la-roja-ante-francia-radio-benidorm\/"},"_links":{"self":[{"href":"https:\/\/serbenidorm.daliisolutions.com\/index.php\/wp-json\/wp\/v2\/posts\/6774","targetHints":{"allow":["GET"]}}],"collection":[{"href":"https:\/\/serbenidorm.daliisolutions.com\/index.php\/wp-json\/wp\/v2\/posts"}],"about":[{"href":"https:\/\/serbenidorm.daliisolutions.com\/index.php\/wp-json\/wp\/v2\/types\/post"}],"replies":[{"embeddable":true,"href":"https:\/\/serbenidorm.daliisolutions.com\/index.php\/wp-json\/wp\/v2\/comments?post=6774"}],"version-history":[{"count":0,"href":"https:\/\/serbenidorm.daliisolutions.com\/index.php\/wp-json\/wp\/v2\/posts\/6774\/revisions"}],"wp:featuredmedia":[{"embeddable":true,"href":"https:\/\/serbenidorm.daliisolutions.com\/index.php\/wp-json\/wp\/v2\/media\/6775"}],"wp:attachment":[{"href":"https:\/\/serbenidorm.daliisolutions.com\/index.php\/wp-json\/wp\/v2\/media?parent=6774"}],"wp:term":[{"taxonomy":"category","embeddable":true,"href":"https:\/\/serbenidorm.daliisolutions.com\/index.php\/wp-json\/wp\/v2\/categories?post=6774"},{"taxonomy":"post_tag","embeddable":true,"href":"https:\/\/serbenidorm.daliisolutions.com\/index.php\/wp-json\/wp\/v2\/tags?post=6774"}],"curies":[{"name":"wp","href":"https:\/\/api.w.org\/{rel}","templated":true}]}}