{"id":6784,"date":"2024-07-09T07:06:04","date_gmt":"2024-07-09T05:06:04","guid":{"rendered":"https:\/\/serbenidorm.daliisolutions.com\/index.php\/2024\/07\/09\/el-c-f-benidorm-anuncia-a-company-como-primer-refuerzo\/"},"modified":"2024-07-09T07:06:04","modified_gmt":"2024-07-09T05:06:04","slug":"el-c-f-benidorm-anuncia-a-company-como-primer-refuerzo","status":"publish","type":"post","link":"https:\/\/serbenidorm.daliisolutions.com\/index.php\/2024\/07\/09\/el-c-f-benidorm-anuncia-a-company-como-primer-refuerzo\/","title":{"rendered":"El C.F. Benidorm anuncia a Company como primer refuerzo"},"content":{"rendered":"  <p>Benidorm<\/p>   <p>Ha tenido que llegar el mes de julio y pasar m\u00e1s de dos meses desde que <a href=\"https:\/\/cadenaser.com\/comunitat-valenciana\/2024\/04\/28\/campeones-radio-benidorm\/\">el C.F. Benidorm se proclamara campe\u00f3n de la Lliga Comunitat<\/a> y, con ello, se convirtiera en equipo matem\u00e1ticamente ascendido a Tercera RFEF, para que los aficionados del Guillermo Amor hayan podido conocer el nombre del primer refuerzo que llegar\u00e1 a <a href=\"https:\/\/cadenaser.com\/comunitat-valenciana\/2024\/07\/08\/benidorm-se-enciende-para-vivir-la-emocion-de-la-semifinal-de-la-roja-ante-francia-radio-benidorm\/\">la plantilla que en la temporada 2024-2025 volver\u00e1 a dirigir Miguel \u00c1ngel Mart\u00ednez<\/a>.<\/p>   <p>Como ya informara en su momento Radio Benidorm-SER, el <a href=\"https:\/\/cadenaser.com\/tag\/club_futbol_benidorm\/a\/\">C.F. Benidorm<\/a>plantear\u00e1 un proyecto continuista y, de hecho, once de los jugadores que conformaron la plantilla del ascenso ya han confirmado que seguir\u00e1n en Foietes.<\/p>  <p><p>M\u00e1s informaci\u00f3n<\/p><figure><img loading=\"lazy\" decoding=\"async\" src=\"https:\/\/cadenaser.com\/resizer\/v2\/HTGTYQYSUFEYNFQ4HZHOAGU46Y.JPG?auth=b5722ec7ba8de6661af67963b032e885081a6122045330e059b2c4a29b4604f6&amp;quality=70&amp;width=360&amp;height=202&amp;smart=true\" width=\"820\" height=\"621\" \/><\/figure><ul><li><a href=\"https:\/\/cadenaser.com\/comunitat-valenciana\/2024\/06\/17\/el-cf-benidorm-pone-a-la-venta-los-abonos-para-su-primera-temporada-en-tercera-rfef-radio-benidorm\/\"><span>El C.F. Benidorm pone a la venta los abonos para su primera temporada en Tercera RFEF<\/span><\/a><\/li><\/ul><\/p>   <p>Ahora, el club ha anunciado, a trav\u00e9s de un comunicado, que el valenciano Vicent Company se convertir\u00e1 en jugador benidormense ha partido del arranque de la pr\u00f3xima campa\u00f1a. El portero nacido en Potries y de 30 a\u00f1os de edad llega al C.F. Benidorm procedente del Gand\u00eda, donde ejerc\u00eda como capit\u00e1n y al que en el momento de anunciar su marcha defini\u00f3 como \u201cel club de mi vida\u201d.<\/p>   <p>Esa \u201cdolorosa\u201d decisi\u00f3n de dejar atr\u00e1s su etapa en Gand\u00eda la tom\u00f3 Company por la mala situaci\u00f3n que atraviesa el club y, una vez asumida, ha decidido recalar en el ilusionante proyecto que est\u00e1 armando el C.F. Benidorm para su primera campa\u00f1a en Tercera RFEF.<\/p> ","protected":false},"excerpt":{"rendered":"<p>El cancerbero de Potr\u00edes llega al equipo del Guillermo Amor procedente del Gand\u00eda<\/p>\n","protected":false},"author":0,"featured_media":6785,"comment_status":"open","ping_status":"open","sticky":false,"template":"","format":"standard","meta":{"_acf_changed":false,"footnotes":""},"categories":[16],"tags":[],"class_list":["post-6784","post","type-post","status-publish","format-standard","has-post-thumbnail","hentry","category-deportes"],"acf":{"ser_id":"QWBHUDIFIVAFDPLQMWBJTLRWQA","ser_url":"https:\/\/cadenaser.com\/comunitat-valenciana\/2024\/07\/08\/el-cf-benidorm-anuncia-a-company-como-primer-refuerzo-radio-benidorm\/"},"_links":{"self":[{"href":"https:\/\/serbenidorm.daliisolutions.com\/index.php\/wp-json\/wp\/v2\/posts\/6784","targetHints":{"allow":["GET"]}}],"collection":[{"href":"https:\/\/serbenidorm.daliisolutions.com\/index.php\/wp-json\/wp\/v2\/posts"}],"about":[{"href":"https:\/\/serbenidorm.daliisolutions.com\/index.php\/wp-json\/wp\/v2\/types\/post"}],"replies":[{"embeddable":true,"href":"https:\/\/serbenidorm.daliisolutions.com\/index.php\/wp-json\/wp\/v2\/comments?post=6784"}],"version-history":[{"count":0,"href":"https:\/\/serbenidorm.daliisolutions.com\/index.php\/wp-json\/wp\/v2\/posts\/6784\/revisions"}],"wp:featuredmedia":[{"embeddable":true,"href":"https:\/\/serbenidorm.daliisolutions.com\/index.php\/wp-json\/wp\/v2\/media\/6785"}],"wp:attachment":[{"href":"https:\/\/serbenidorm.daliisolutions.com\/index.php\/wp-json\/wp\/v2\/media?parent=6784"}],"wp:term":[{"taxonomy":"category","embeddable":true,"href":"https:\/\/serbenidorm.daliisolutions.com\/index.php\/wp-json\/wp\/v2\/categories?post=6784"},{"taxonomy":"post_tag","embeddable":true,"href":"https:\/\/serbenidorm.daliisolutions.com\/index.php\/wp-json\/wp\/v2\/tags?post=6784"}],"curies":[{"name":"wp","href":"https:\/\/api.w.org\/{rel}","templated":true}]}}