{"id":6792,"date":"2024-07-09T10:52:43","date_gmt":"2024-07-09T08:52:43","guid":{"rendered":"https:\/\/serbenidorm.daliisolutions.com\/index.php\/2024\/07\/09\/lidia-tolmos-vuelve-al-club-voleibol-playas-de-benidorm\/"},"modified":"2024-07-09T10:52:43","modified_gmt":"2024-07-09T08:52:43","slug":"lidia-tolmos-vuelve-al-club-voleibol-playas-de-benidorm","status":"publish","type":"post","link":"https:\/\/serbenidorm.daliisolutions.com\/index.php\/2024\/07\/09\/lidia-tolmos-vuelve-al-club-voleibol-playas-de-benidorm\/","title":{"rendered":"Lidia Tolmos vuelve al Club Voleibol Playas de Benidorm"},"content":{"rendered":"  <p>Benidorm<\/p>   <p>El <a href=\"https:\/\/cadenaser.com\/tag\/club_voleibol_playas_benidorm\/a\/\" target=\"_blank\" rel=\"noopener\">Club Voleibol Playas de Benidorm<\/a> ha recuperado para el HolaCV-Benidorm a una canterana que, tras pasar dos campa\u00f1as en el vecino Medsur-Finestrat, regresa a casa con m\u00e1s experiencia y con la intenci\u00f3n de hacerse un hueco en el equipo titular de <a href=\"https:\/\/cadenaser.com\/comunitat-valenciana\/2024\/04\/10\/noelia-santacreu-se-hara-cargo-del-banquillo-del-hola-cv-benidorm-radio-benidorm\/\" target=\"_blank\" rel=\"noopener\">Noelia Santacreu<\/a> en la Superliga 2 femenina 2024-2025.<\/p>   <p>Tolmos inici\u00f3 su andadura en el v\u00f3ley formando parte de los equipos de la base del <a href=\"https:\/\/cadenaser.com\/tag\/club_voleibol_playas_benidorm\/a\/\" target=\"_blank\" rel=\"noopener\">Club Voleibol Playas de Benidorm<\/a>, pasando por las categor\u00edas de Infantil, Cadete y Juvenil antes de dar el salto a Finestrat para integrarse en su primer equipo, con el que consigui\u00f3 el ascenso a la categor\u00eda de plata del voleibol nacional y con el que la pasada temporada complet\u00f3 una gran campa\u00f1a.<\/p>   <p>Ahora, asentada en la categor\u00eda, Tolmos vuelve a las filas del equipo \u2018de casa\u2019 para seguir creciendo y, sobre todo, so\u00f1ar con ese ascenso que la entidad del pabell\u00f3n Ra\u00fal Mesa lleva ya varias temporadas persiguiendo.<\/p>  <p><p>M\u00e1s informaci\u00f3n<\/p><figure><img loading=\"lazy\" decoding=\"async\" src=\"https:\/\/cadenaser.com\/resizer\/v2\/VM66GTXUFNF6TNOK3EILU7QMAY.JPG?auth=1d6ca3af7eb7fe5062799076b0066953a18927a8bd5348f392b6db16a36af30d&amp;quality=70&amp;width=360&amp;height=202&amp;smart=true\" width=\"820\" height=\"621\" \/><\/figure><ul><li><a href=\"https:\/\/cadenaser.com\/comunitat-valenciana\/2024\/07\/02\/estas-seran-las-plantillas-del-club-voleibol-playas-de-benidorm-radio-benidorm\/\"><span>Estas ser\u00e1n las plantillas del Club Voleibol Playas de Benidorm<\/span><\/a><\/li><\/ul><\/p>   <p><b>Dos renovaciones<\/b><\/p>   <p>En el proceso de dise\u00f1o de sus plantillas de cara al pr\u00f3ximo curso, el <a href=\"https:\/\/cadenaser.com\/tag\/club_voleibol_playas_benidorm\/a\/\" target=\"_blank\" rel=\"noopener\">Club Voleibol Playas de Benidorm<\/a> tambi\u00e9n ha confirmado la renovaci\u00f3n de Igor Hern\u00e1ndez y Sof\u00eda Gas\u00e9.<\/p>   <p>En el caso del receptor venezolano, el acuerdo es por una temporada m\u00e1s. A sus 47 a\u00f1os, Hern\u00e1ndez se ha convertido en un verdadero ejemplo de fortaleza f\u00edsica y compromiso y se espera que en la 2024-2025 siga siendo un aut\u00e9ntico l\u00edder dentro y fuera de la cancha, inspirando a los m\u00e1s j\u00f3venes con su dedicaci\u00f3n y profesionalismo.<\/p>   <p>     .c-w{         max-width:444px;         width:100%;         margin:16px auto;      background:#00755E;         border-radius:4px;         display:flex;         align-items:center;         justify-content:center;     }     .c-w a{         display:flex;         align-items:center;         justify-content:center;         padding:4px 24px;     }     .c-w img{         width:24px;         margin-right:12px;     }     .c-w p{         font:18px\/25px Poppins;         text-align:center;         color:#fff;         margin:0;     }     @media (max-width:444px){         .c-w a{             padding:4px 12px;         }         .c-w img{             width:24px;             margin-right:8px;         }         .c-w p{             font:14px\/25px Poppins;         }     }     @media (max-width:335px){         .c-w p{             font:13px\/25px Poppins;         }     }  <div class=\"c-w\">     <a href=\"https:\/\/www.whatsapp.com\/channel\/0029Va633PF9WtC4l7XUzh1e\" target=\"_blank\" rel=\"noopener\">         <img decoding=\"async\" src=\"https:\/\/cadenaser.com\/estaticos\/recursosgraficos\/responsive\/img\/ico-whatsapp.svg\" alt=\"Whatsapp\">         <p>\u00danete al <b>canal de WhatsApp<\/b> de la SER<\/p>     <\/a> <\/div><\/p>   <p>Igor Hern\u00e1ndez es el pilar indiscutible del equipo, aportando estabilidad y equilibrio en todas las facetas del juego. Su maestr\u00eda en el bloqueo, el saque y el ataque es crucial para el rendimiento del equipo. La vasta experiencia de Igor en la Superliga 2 sigue siendo una pieza clave para el Servigroup Benidorm, y su presencia ser\u00e1 vital en la lucha por alcanzar la fase de ascenso esta temporada.<\/p>   <p>En el cuadro femenino, Santacreu podr\u00e1 contar, un a\u00f1o m\u00e1s, con Sof\u00eda Gas\u00e9, receptora hispano-argentina de 19 a\u00f1os que ya se ha hecho un hueco indiscutible en el equipo aportando solidez en la recepci\u00f3n y versatilidad en el ataque. Su polivalencia le permite destacar en varias posiciones en la cancha.<\/p> ","protected":false},"excerpt":{"rendered":"<p>La entidad del Ra\u00fal Mesa ha confirmado la continuidad de Igor Hern\u00e1ndez y Sof\u00eda Gas\u00e9<\/p>\n","protected":false},"author":0,"featured_media":6793,"comment_status":"open","ping_status":"open","sticky":false,"template":"","format":"standard","meta":{"_acf_changed":false,"footnotes":""},"categories":[16],"tags":[],"class_list":["post-6792","post","type-post","status-publish","format-standard","has-post-thumbnail","hentry","category-deportes"],"acf":{"ser_id":"KOKQVOHOBVAKDJ3F6FMQN6RQME","ser_url":"https:\/\/cadenaser.com\/comunitat-valenciana\/2024\/07\/09\/lidia-tolmos-vuelve-al-club-voleibol-playas-de-benidorm-radio-benidorm\/"},"_links":{"self":[{"href":"https:\/\/serbenidorm.daliisolutions.com\/index.php\/wp-json\/wp\/v2\/posts\/6792","targetHints":{"allow":["GET"]}}],"collection":[{"href":"https:\/\/serbenidorm.daliisolutions.com\/index.php\/wp-json\/wp\/v2\/posts"}],"about":[{"href":"https:\/\/serbenidorm.daliisolutions.com\/index.php\/wp-json\/wp\/v2\/types\/post"}],"replies":[{"embeddable":true,"href":"https:\/\/serbenidorm.daliisolutions.com\/index.php\/wp-json\/wp\/v2\/comments?post=6792"}],"version-history":[{"count":0,"href":"https:\/\/serbenidorm.daliisolutions.com\/index.php\/wp-json\/wp\/v2\/posts\/6792\/revisions"}],"wp:featuredmedia":[{"embeddable":true,"href":"https:\/\/serbenidorm.daliisolutions.com\/index.php\/wp-json\/wp\/v2\/media\/6793"}],"wp:attachment":[{"href":"https:\/\/serbenidorm.daliisolutions.com\/index.php\/wp-json\/wp\/v2\/media?parent=6792"}],"wp:term":[{"taxonomy":"category","embeddable":true,"href":"https:\/\/serbenidorm.daliisolutions.com\/index.php\/wp-json\/wp\/v2\/categories?post=6792"},{"taxonomy":"post_tag","embeddable":true,"href":"https:\/\/serbenidorm.daliisolutions.com\/index.php\/wp-json\/wp\/v2\/tags?post=6792"}],"curies":[{"name":"wp","href":"https:\/\/api.w.org\/{rel}","templated":true}]}}