{"id":6794,"date":"2024-07-09T11:10:56","date_gmt":"2024-07-09T09:10:56","guid":{"rendered":"https:\/\/serbenidorm.daliisolutions.com\/index.php\/2024\/07\/09\/roman-rodriguez-autor-de-la-primera-tesis-en-espana-sobre-la-musicoterapia-en-oncologia-pediatrica-no-habia-estudios-centrados-en-las-emociones\/"},"modified":"2024-07-09T11:10:56","modified_gmt":"2024-07-09T09:10:56","slug":"roman-rodriguez-autor-de-la-primera-tesis-en-espana-sobre-la-musicoterapia-en-oncologia-pediatrica-no-habia-estudios-centrados-en-las-emociones","status":"publish","type":"post","link":"https:\/\/serbenidorm.daliisolutions.com\/index.php\/2024\/07\/09\/roman-rodriguez-autor-de-la-primera-tesis-en-espana-sobre-la-musicoterapia-en-oncologia-pediatrica-no-habia-estudios-centrados-en-las-emociones\/","title":{"rendered":"Rom\u00e1n Rodr\u00edguez, autor de la primera tesis en Espa\u00f1a sobre la musicoterapia en oncolog\u00eda pedi\u00e1trica: \u00abNo hab\u00eda estudios centrados en las emociones\u00bb"},"content":{"rendered":"  <p>Benidorm<\/p>   <p>Una tesis de la <a href=\"https:\/\/cadenaser.com\/tag\/ua_universidad_alicante\/a\/\" target=\"_blank\" rel=\"noopener\">Universidad de Alicante (UA)<\/a> aborda la relevancia de la musicoterapia en oncolog\u00eda pedi\u00e1trica. Se trata del primer trabajo dentro de esta disciplina que se realiza en nuestro pa\u00eds y que, despu\u00e9s de a\u00f1os de estudio, incluye la mirada de pacientes, familias y profesionales sanitarios.<\/p>   <p>Su autor, Rom\u00e1n Rodr\u00edguez, <a href=\"https:\/\/cadenaser.com\/tag\/cafe_quijano\/a\/\" target=\"_blank\" rel=\"noopener\">ha compuesto y tocado con reconocidos grupos del panorama nacional como Caf\u00e9 Quijano<\/a> y ha explicado c\u00f3mo abord\u00f3 esa tesis que pas\u00f3, en primer lugar, por repasar toda la literatura cient\u00edfica al respecto para despu\u00e9s realizar un trabajo de campo en el Hospital General Doctor Balmis de Alicante en el que se involucr\u00f3 en plena pandemia a ni\u00f1os y adolescentes con c\u00e1ncer, as\u00ed como a sus familias y el personal sanitario que los atiende.<\/p>  <p><p>M\u00e1s informaci\u00f3n<\/p><figure><img loading=\"lazy\" decoding=\"async\" src=\"https:\/\/cadenaser.com\/resizer\/v2\/4SJBPLA6J5EEHN7GPGIE56YY7E.jpg?auth=0338510ee8f42a16205a7e5b041ba3ba3c2d1baedb2334edd3761c29166d9437&amp;quality=70&amp;width=360&amp;height=202&amp;smart=true\" width=\"820\" height=\"621\" \/><\/figure><ul><li><a href=\"https:\/\/cadenaser.com\/comunitat-valenciana\/2024\/07\/01\/los-patinetes-en-el-punto-de-mira-de-la-policia-local-de-benidorm-estas-son-las-infracciones-mas-frecuentes-radio-benidorm\/\"><span>Los patinetes, en el punto de mira de la Polic\u00eda Local de Benidorm: estas son las infracciones m\u00e1s frecuentes<\/span><\/a><\/li><\/ul><\/p>   <p>Las sesiones de musicoterapia, en diferentes periodos de tiempo, con 27 pacientes de la Unidad de Oncolog\u00eda y Hematolog\u00eda Pedi\u00e1trica centro y sus padres, y, por separado, con 18 profesionales sanitarios.<\/p>   <p>Junto a esta t\u00e9cnica se han usado entrevistas, grabaciones de v\u00eddeo sobre las reacciones de los menores y el denominado term\u00f3metro de sentimientos (im\u00e1genes con los estados de \u00e1nimos a elegir) con los participantes para la recolecci\u00f3n de datos.<\/p>   <p>Adem\u00e1s, Rodr\u00edguez es el director de la Escuela Internacional de M\u00fasica Moderna de La Nuc\u00eda, que este verano vuelve a celebrar sus cursos en la Seu Universitaria formando a los estudiantes en blues, rock o jazz.<\/p>   <p>     .c-w{         max-width:444px;         width:100%;         margin:16px auto;      background:#00755E;         border-radius:4px;         display:flex;         align-items:center;         justify-content:center;     }     .c-w a{         display:flex;         align-items:center;         justify-content:center;         padding:4px 24px;     }     .c-w img{         width:24px;         margin-right:12px;     }     .c-w p{         font:18px\/25px Poppins;         text-align:center;         color:#fff;         margin:0;     }     @media (max-width:444px){         .c-w a{             padding:4px 12px;         }         .c-w img{             width:24px;             margin-right:8px;         }         .c-w p{             font:14px\/25px Poppins;         }     }     @media (max-width:335px){         .c-w p{             font:13px\/25px Poppins;         }     }  <div class=\"c-w\">     <a href=\"https:\/\/www.whatsapp.com\/channel\/0029Va633PF9WtC4l7XUzh1e\" target=\"_blank\" rel=\"noopener\">         <img decoding=\"async\" src=\"https:\/\/cadenaser.com\/estaticos\/recursosgraficos\/responsive\/img\/ico-whatsapp.svg\" alt=\"Whatsapp\">         <p>\u00danete al <b>canal de WhatsApp<\/b> de la SER<\/p>     <\/a> <\/div><\/p> ","protected":false},"excerpt":{"rendered":"<p>El m\u00fasico y doctor en Ciencias de la Salud, afincado en la comarca, aborda en su estudio c\u00f3mo la musicoterapia ofrece a los ni\u00f1os y adolescentes con c\u00e1ncer la posibilidad de desconectar de su situaci\u00f3n cl\u00ednica, afrontar mejor su enfermedad, favorecer la comunicaci\u00f3n y expresar sus emociones<\/p>\n","protected":false},"author":0,"featured_media":6795,"comment_status":"open","ping_status":"open","sticky":false,"template":"","format":"standard","meta":{"_acf_changed":false,"footnotes":""},"categories":[1],"tags":[],"class_list":["post-6794","post","type-post","status-publish","format-standard","has-post-thumbnail","hentry","category-sin-categoria"],"acf":{"ser_id":"FJC6OYZLLZAT7GCZXUMLY42WVE","ser_url":"https:\/\/cadenaser.com\/comunitat-valenciana\/2024\/07\/09\/roman-rodriguez-autor-de-la-primera-tesis-en-espana-sobre-la-musicoterapia-en-oncologia-pediatrica-no-habia-estudios-centrados-en-las-emociones-radio-benidorm\/"},"_links":{"self":[{"href":"https:\/\/serbenidorm.daliisolutions.com\/index.php\/wp-json\/wp\/v2\/posts\/6794","targetHints":{"allow":["GET"]}}],"collection":[{"href":"https:\/\/serbenidorm.daliisolutions.com\/index.php\/wp-json\/wp\/v2\/posts"}],"about":[{"href":"https:\/\/serbenidorm.daliisolutions.com\/index.php\/wp-json\/wp\/v2\/types\/post"}],"replies":[{"embeddable":true,"href":"https:\/\/serbenidorm.daliisolutions.com\/index.php\/wp-json\/wp\/v2\/comments?post=6794"}],"version-history":[{"count":0,"href":"https:\/\/serbenidorm.daliisolutions.com\/index.php\/wp-json\/wp\/v2\/posts\/6794\/revisions"}],"wp:featuredmedia":[{"embeddable":true,"href":"https:\/\/serbenidorm.daliisolutions.com\/index.php\/wp-json\/wp\/v2\/media\/6795"}],"wp:attachment":[{"href":"https:\/\/serbenidorm.daliisolutions.com\/index.php\/wp-json\/wp\/v2\/media?parent=6794"}],"wp:term":[{"taxonomy":"category","embeddable":true,"href":"https:\/\/serbenidorm.daliisolutions.com\/index.php\/wp-json\/wp\/v2\/categories?post=6794"},{"taxonomy":"post_tag","embeddable":true,"href":"https:\/\/serbenidorm.daliisolutions.com\/index.php\/wp-json\/wp\/v2\/tags?post=6794"}],"curies":[{"name":"wp","href":"https:\/\/api.w.org\/{rel}","templated":true}]}}