{"id":6799,"date":"2024-07-09T11:36:13","date_gmt":"2024-07-09T09:36:13","guid":{"rendered":"https:\/\/serbenidorm.daliisolutions.com\/index.php\/2024\/07\/09\/tres-detenidos-en-cocentaina-y-dos-en-benidorm-por-trafico-ilicito-de-auto-caravanas-y-campers\/"},"modified":"2024-07-09T11:36:13","modified_gmt":"2024-07-09T09:36:13","slug":"tres-detenidos-en-cocentaina-y-dos-en-benidorm-por-trafico-ilicito-de-auto-caravanas-y-campers","status":"publish","type":"post","link":"https:\/\/serbenidorm.daliisolutions.com\/index.php\/2024\/07\/09\/tres-detenidos-en-cocentaina-y-dos-en-benidorm-por-trafico-ilicito-de-auto-caravanas-y-campers\/","title":{"rendered":"Tres detenidos en Cocentaina y dos en Benidorm por tr\u00e1fico il\u00edcito de auto caravanas y campers"},"content":{"rendered":"  <p>Alcoy<\/p>   <p>La Polic\u00eda Nacional ha desarticulado un grupo criminal que integraban cinco personas. Tres de las cinco detenciones se han producido en Cocentaina. Los tres detenidos han pasado a disposici\u00f3n del juez de Alcoy acusados de sustraer auto caravanas y furgonetas camperizadas y ponerlas a la venta en una conocida plataforma de segunda mano. Hay otros dos detenidos en Benidorm, que tambi\u00e9n han pasado por el Juzgado de Instrucci\u00f3n de Guardia de Benidorm.<\/p>   <p>A los cinco detenidos, cuatro hombres y una mujer, se les imputan los delitos de robo de veh\u00edculo a motor, falsedad documental, estafa y pertenencia a organizaci\u00f3n criminal. Ten\u00edan entre 48 y 62 a\u00f1os, y eran nacionales de Espa\u00f1a, B\u00e9lgica, Venezuela, Grecia y Bulgaria. Cuatro de ellos contaban con antecedentes.<\/p>   <p>La investigaci\u00f3n comenz\u00f3 cuando los agentes de la Polic\u00eda Nacional se percataron de la modificaci\u00f3n de los n\u00fameros de bastidor y etiquetas de fabricante de las auto caravanas y furgonetas camperizadas que hab\u00edan sido robadas. Se llegaron a descubrir a trav\u00e9s de m\u00e1s de 13 anuncios, la mayor\u00eda fantasma, para captar v\u00edctimas compradoras de estos veh\u00edculos, que salieron a la venta por entre 46.500 y 39.900 euros. Tras las detenciones se ha logrado recuperar los veh\u00edculos, seg\u00fan ha informado el Cuerpo Nacional de Polic\u00eda a trav\u00e9s de nota de prensa.<\/p> ","protected":false},"excerpt":{"rendered":"<p>Se les imputan los delitos de robo de veh\u00edculo a motor, falsedad documental, estafa y pertenencia a organizaci\u00f3n criminal, que ha sido desarticulada por la Polic\u00eda Nacional<\/p>\n","protected":false},"author":0,"featured_media":6800,"comment_status":"open","ping_status":"open","sticky":false,"template":"","format":"standard","meta":{"_acf_changed":false,"footnotes":""},"categories":[1],"tags":[],"class_list":["post-6799","post","type-post","status-publish","format-standard","has-post-thumbnail","hentry","category-sin-categoria"],"acf":{"ser_id":"5U6LLZHE3BCQFPQ7RZXRKSMPII","ser_url":"https:\/\/cadenaser.com\/comunitat-valenciana\/2024\/07\/09\/tres-detenidos-en-cocentaina-y-dos-en-benidorm-por-trafico-ilicito-de-auto-caravanas-y-campers-radio-alcoy\/"},"_links":{"self":[{"href":"https:\/\/serbenidorm.daliisolutions.com\/index.php\/wp-json\/wp\/v2\/posts\/6799","targetHints":{"allow":["GET"]}}],"collection":[{"href":"https:\/\/serbenidorm.daliisolutions.com\/index.php\/wp-json\/wp\/v2\/posts"}],"about":[{"href":"https:\/\/serbenidorm.daliisolutions.com\/index.php\/wp-json\/wp\/v2\/types\/post"}],"replies":[{"embeddable":true,"href":"https:\/\/serbenidorm.daliisolutions.com\/index.php\/wp-json\/wp\/v2\/comments?post=6799"}],"version-history":[{"count":0,"href":"https:\/\/serbenidorm.daliisolutions.com\/index.php\/wp-json\/wp\/v2\/posts\/6799\/revisions"}],"wp:featuredmedia":[{"embeddable":true,"href":"https:\/\/serbenidorm.daliisolutions.com\/index.php\/wp-json\/wp\/v2\/media\/6800"}],"wp:attachment":[{"href":"https:\/\/serbenidorm.daliisolutions.com\/index.php\/wp-json\/wp\/v2\/media?parent=6799"}],"wp:term":[{"taxonomy":"category","embeddable":true,"href":"https:\/\/serbenidorm.daliisolutions.com\/index.php\/wp-json\/wp\/v2\/categories?post=6799"},{"taxonomy":"post_tag","embeddable":true,"href":"https:\/\/serbenidorm.daliisolutions.com\/index.php\/wp-json\/wp\/v2\/tags?post=6799"}],"curies":[{"name":"wp","href":"https:\/\/api.w.org\/{rel}","templated":true}]}}