{"id":6804,"date":"2024-07-09T14:32:51","date_gmt":"2024-07-09T12:32:51","guid":{"rendered":"https:\/\/serbenidorm.daliisolutions.com\/index.php\/2024\/07\/09\/el-c-f-benidorm-afronta-una-pretemporada-con-siete-amistosos\/"},"modified":"2024-07-09T14:32:51","modified_gmt":"2024-07-09T12:32:51","slug":"el-c-f-benidorm-afronta-una-pretemporada-con-siete-amistosos","status":"publish","type":"post","link":"https:\/\/serbenidorm.daliisolutions.com\/index.php\/2024\/07\/09\/el-c-f-benidorm-afronta-una-pretemporada-con-siete-amistosos\/","title":{"rendered":"El C.F. Benidorm afronta una pretemporada con siete amistosos"},"content":{"rendered":"  <p>Benidorm<\/p>   <p>El proyecto del <a href=\"https:\/\/cadenaser.com\/tag\/club_futbol_benidorm\/a\/\" target=\"_blank\" rel=\"noopener\">C.F. Benidorm<\/a> en su campa\u00f1a de debut en la Tercera RFEF echar\u00e1 a rodar a finales de este mes de julio, apenas unos d\u00edas antes de afrontar su primer amistoso de pretemporada ante el Alcoyano, agendado para el s\u00e1bado tres de agosto.<\/p>   <p>Ese choque ser\u00e1 el primero de los siete que, de momento, tiene programados el equipo de Miguel \u00c1ngel Mart\u00ednez antes del arranque oficial de la competici\u00f3n en la Tercera RFEF, que todav\u00eda est\u00e1 pendiente del sorteo del calendario.<\/p>  <p><p>M\u00e1s informaci\u00f3n<\/p><figure><img loading=\"lazy\" decoding=\"async\" src=\"https:\/\/cadenaser.com\/resizer\/v2\/AROXSKRLJ5H3VI3ECWOOGVSBLI.jpg?auth=1a22151cf70f04a7d07ddb6908e1615666bacb1603fca3e251da90a0c72f35db&amp;quality=70&amp;width=360&amp;height=202&amp;smart=true\" width=\"820\" height=\"621\" \/><\/figure><ul><li><a href=\"https:\/\/cadenaser.com\/comunitat-valenciana\/2024\/07\/01\/esta-sera-la-plantilla-del-cf-benidorm-en-tercera-rfef-radio-benidorm\/\"><span>Esta ser\u00e1 la plantilla del C.F. Benidorm en Tercera RFEF<\/span><\/a><\/li><\/ul><\/p>   <p>Tras medirse con el Alcoyano, el <a href=\"https:\/\/cadenaser.com\/tag\/club_futbol_benidorm\/a\/\" target=\"_blank\" rel=\"noopener\">C.F. Benidorm<\/a> volver\u00e1 a probarse, en este caso ante el J\u00e1vea, el d\u00eda 7 de agosto. S\u00f3lo tres d\u00edas despu\u00e9s, la pretemporada del equipo del Guillermo Amor continuar\u00e1 con un duelo ante el Intercity.<\/p>   <p>Tras jugar ante un combinado de la Asociaci\u00f3n de Futbolistas Espa\u00f1oles (AFE) el 14 de agosto, los \u00faltimos amistosos del conjunto benidormense ser\u00e1n ante el Elche B (17 de agosto), Orihuela (24 de agosto) y La Font (31 de agosto).<\/p>   <p>Todos esos partidos est\u00e1n todav\u00eda pendientes de horario y lugar de celebraci\u00f3n.<\/p>   <p>     .c-w{         max-width:444px;         width:100%;         margin:16px auto;      background:#00755E;         border-radius:4px;         display:flex;         align-items:center;         justify-content:center;     }     .c-w a{         display:flex;         align-items:center;         justify-content:center;         padding:4px 24px;     }     .c-w img{         width:24px;         margin-right:12px;     }     .c-w p{         font:18px\/25px Poppins;         text-align:center;         color:#fff;         margin:0;     }     @media (max-width:444px){         .c-w a{             padding:4px 12px;         }         .c-w img{             width:24px;             margin-right:8px;         }         .c-w p{             font:14px\/25px Poppins;         }     }     @media (max-width:335px){         .c-w p{             font:13px\/25px Poppins;         }     }  <div class=\"c-w\">     <a href=\"https:\/\/www.whatsapp.com\/channel\/0029Va633PF9WtC4l7XUzh1e\" target=\"_blank\" rel=\"noopener\">         <img decoding=\"async\" src=\"https:\/\/cadenaser.com\/estaticos\/recursosgraficos\/responsive\/img\/ico-whatsapp.svg\" alt=\"Whatsapp\">         <p>\u00danete al <b>canal de WhatsApp<\/b> de la SER<\/p>     <\/a> <\/div><\/p>  <p><figure><img loading=\"lazy\" decoding=\"async\" src=\"https:\/\/cadenaser.com\/resizer\/v2\/PW3T574QBVD2RPITLV4ISHS6EM.jpg?auth=c90b70aa56aabf5e1ed4ab3a1c5719439dd8df3390ccb7e8d2daa85aa0e5a175&amp;quality=70&amp;width=650&amp;height=780&amp;smart=true\" width=\"5\" height=\"6\" \/><\/figure><button class=\"bt-am\">Ampliar<\/button><\/p> ","protected":false},"excerpt":{"rendered":"<p>El equipo de Miguel \u00c1ngel Mart\u00ednez debutar\u00e1 el d\u00eda 3 de agosto ante el Alcoyano<\/p>\n","protected":false},"author":0,"featured_media":6805,"comment_status":"open","ping_status":"open","sticky":false,"template":"","format":"standard","meta":{"_acf_changed":false,"footnotes":""},"categories":[16],"tags":[],"class_list":["post-6804","post","type-post","status-publish","format-standard","has-post-thumbnail","hentry","category-deportes"],"acf":{"ser_id":"U7M7Q2ZCZRH7TNENZUVFNDHFKI","ser_url":"https:\/\/cadenaser.com\/comunitat-valenciana\/2024\/07\/09\/el-cf-benidorm-afronta-una-pretemporada-con-siete-amistosos-radio-benidorm\/"},"_links":{"self":[{"href":"https:\/\/serbenidorm.daliisolutions.com\/index.php\/wp-json\/wp\/v2\/posts\/6804","targetHints":{"allow":["GET"]}}],"collection":[{"href":"https:\/\/serbenidorm.daliisolutions.com\/index.php\/wp-json\/wp\/v2\/posts"}],"about":[{"href":"https:\/\/serbenidorm.daliisolutions.com\/index.php\/wp-json\/wp\/v2\/types\/post"}],"replies":[{"embeddable":true,"href":"https:\/\/serbenidorm.daliisolutions.com\/index.php\/wp-json\/wp\/v2\/comments?post=6804"}],"version-history":[{"count":0,"href":"https:\/\/serbenidorm.daliisolutions.com\/index.php\/wp-json\/wp\/v2\/posts\/6804\/revisions"}],"wp:featuredmedia":[{"embeddable":true,"href":"https:\/\/serbenidorm.daliisolutions.com\/index.php\/wp-json\/wp\/v2\/media\/6805"}],"wp:attachment":[{"href":"https:\/\/serbenidorm.daliisolutions.com\/index.php\/wp-json\/wp\/v2\/media?parent=6804"}],"wp:term":[{"taxonomy":"category","embeddable":true,"href":"https:\/\/serbenidorm.daliisolutions.com\/index.php\/wp-json\/wp\/v2\/categories?post=6804"},{"taxonomy":"post_tag","embeddable":true,"href":"https:\/\/serbenidorm.daliisolutions.com\/index.php\/wp-json\/wp\/v2\/tags?post=6804"}],"curies":[{"name":"wp","href":"https:\/\/api.w.org\/{rel}","templated":true}]}}